{"id":131423,"date":"2018-05-02T20:40:36","date_gmt":"2018-05-02T22:40:36","guid":{"rendered":"http:\/\/aconteceunovale.com.br\/portal\/?p=131423"},"modified":"2018-05-02T20:40:36","modified_gmt":"2018-05-02T22:40:36","slug":"so-votara-nas-eleicoes-para-prefeito-de-ipatinga-em-junho-quem-se-cadastrou-ate-2-de-janeiro","status":"publish","type":"post","link":"https:\/\/aconteceunovale.com.br\/portal\/?p=131423","title":{"rendered":"S\u00f3 votar\u00e1 nas elei\u00e7\u00f5es para prefeito de Ipatinga em junho quem se cadastrou at\u00e9 2 de janeiro"},"content":{"rendered":"<p>As\u00a0elei\u00e7\u00f5es suplementares\u00a0para\u00a0prefeito\u00a0e\u00a0vice\u00a0no munic\u00edpio de\u00a0Ipatinga, no Vale do A\u00e7o, foram marcadas pelo TRE para 3 de junho. Os eleitores inscritos at\u00e9 o dia 2 de janeiro de 2018 est\u00e3o aptos a votar\u00a0e n\u00e3o precisam comparecer ao cart\u00f3rio eleitoral.\u00a0A Justi\u00e7a Eleitoral ainda divulgar\u00e1 o n\u00famero de pessoas que votar\u00e3o em junho.<\/p>\n<p>O prazo final de 9 de maio, que vem sendo amplamente divulgado pela Justi\u00e7a Eleitoral,\u00a0\u00e9 somente para os eleitores que desejam tirar o t\u00edtulo de eleitor, transferir o domic\u00edlio eleitoral, solicitar transfer\u00eancia para uma se\u00e7\u00e3o de f\u00e1cil acesso e regularizar a situa\u00e7\u00e3o perante a Justi\u00e7a Eleitoral\u00a0para as elei\u00e7\u00f5es de outubro 2018.<\/p>\n<p>As elei\u00e7\u00f5es foram marcadas no \u00faltimo dia 27, com a aprova\u00e7\u00e3o pela Corte da Resolu\u00e7\u00e3o TRE n\u00ba 1.077, publicada no dia 30 de abril, contendo o calend\u00e1rio e as demais instru\u00e7\u00f5es que v\u00e3o reger o pleito no munic\u00edpio.<\/p>\n<p>A chapa eleita em 2016, tendo como prefeito Sebasti\u00e3o de Barros Quint\u00e3o (PMDB) e vice Jesus Nascimento da Silva (PSDB), concorreu\u00a0<i>sub judice<\/i>, pois o candidato a prefeito foi considerando ineleg\u00edvel. Apesar disso, obteve liminar do TSE em dezembro de 2016, permitindo a sua diploma\u00e7\u00e3o e posse. Entretanto, no dia 26 de abril de 2018, o ministro do TSE Luiz Fux cassou a liminar e confirmou o indeferimento da candidatura, determinando a realiza\u00e7\u00e3o de novas elei\u00e7\u00f5es (veja a not\u00edcia). O prefeito j\u00e1 havia se afastado do executivo municipal, por vontade pr\u00f3pria, em 6 de abril de 2018, quando ent\u00e3o o vice-prefeito assumiu a prefeitura.<\/p>\n<p>Enquanto n\u00e3o h\u00e1 candidatos eleitos no novo pleito, o presidente da C\u00e2mara de Vereadores responder\u00e1 pelo Executivo municipal.<\/p>\n<p><strong>VER PRIMEIRO<\/strong><\/p>\n<p>Receba as not\u00edcias do Aconteceu no Vale em primeira m\u00e3o. Clique em curtir no endere\u00e7o <a href=\"https:\/\/www.facebook.com\/aconteceunovale\" target=\"_blank\"><font color=\"red\">www.facebook.com\/aconteceunovale<\/font><\/a> ou no box abaixo:<\/p>\n<div class=\"fb-like\" data-href=\"https:\/\/www.facebook.com\/aconteceunovale\" data-width=\"120\" data-layout=\"standard\" data-action=\"like\" data-size=\"small\" data-show-faces=\"true\" data-share=\"true\"><\/div>\n<p><\/br><\/p>\n<p><em>(Fonte: TRE-MG)<\/em><\/p>\n","protected":false},"excerpt":{"rendered":"<p>As\u00a0elei\u00e7\u00f5es suplementares\u00a0para\u00a0prefeito\u00a0e\u00a0vice\u00a0no munic\u00edpio de\u00a0Ipatinga, no Vale do A\u00e7o, foram marcadas pelo TRE para 3 de junho. Os eleitores inscritos at\u00e9 o dia 2 de janeiro de 2018 est\u00e3o aptos a votar\u00a0e n\u00e3o precisam comparecer ao cart\u00f3rio eleitoral.\u00a0A Justi\u00e7a Eleitoral ainda divulgar\u00e1 o n\u00famero de pessoas que votar\u00e3o em junho. O prazo final de 9 de [&hellip;]<\/p>\n","protected":false},"author":1,"featured_media":115214,"comment_status":"open","ping_status":"closed","sticky":false,"template":"","format":"standard","meta":{"amp_status":"","footnotes":""},"categories":[121,40240],"tags":[173383,173382,173384,173388,173385,172109,1018,173387,173470,173390,201,172110,173392,173391,173386,172105,172103,172106,173381,172107,172108,120132,172104,173750,115951,173389,173469,140051],"class_list":["post-131423","post","type-post","status-publish","format-standard","has-post-thumbnail","hentry","category-leste","category-politica-2","tag-afastamento-do-prefeito-e-vice-de-ipatinga","tag-afastamento-imediato-de-prefeito-e-vice-de-ipatinga","tag-afastamento-prefeito-de-ipatinga","tag-cancelamento-chapa-ipatinga","tag-cassacao-do-prefeito-de-ipatinga","tag-desistencia-de-sebastiao-quintao","tag-destaque","tag-eleicao-ipatinga","tag-eleicoes-suplementares-em-ipatinga","tag-faculdade-de-direito-de-ipatinga","tag-ipatinga","tag-jesus-nascimento","tag-jesus-nascimento-e-denunciado-por-falsidade-ideologica-e-associacao-criminosa","tag-mpmg-denuncia-jesus-nascimento","tag-nova-eleicao-em-ipatinga","tag-novo-prefeito-de-ipatinga","tag-prefeito-de-ipatinga-renuncia-ao-cargo","tag-prefeito-novo-em-ipatinga","tag-presidente-do-tse-determina-afastamento-imediato-de-prefeito-e-vice-de-ipatinga","tag-renuncia-prefeito-de-ipatinga","tag-renuncia-sebastiao-quintao","tag-sebastiao-quintao","tag-sebastiao-quintao-renuncia-ao-cargo-de-prefeito-de-ipatinga","tag-so-votara-nas-eleicoes-para-prefeito-de-ipatinga-em-junho-quem-se-cadastrou-ate-2-de-janeiro","tag-tre-mg","tag-tre-mg-devera-marcar-novas-eleicoes-em-ipatinga","tag-tre-mg-marca-eleicoes-suplementares-em-ipatinga","tag-tribunal-regional-eleitoral-de-minas-gerais"],"_links":{"self":[{"href":"https:\/\/aconteceunovale.com.br\/portal\/index.php?rest_route=\/wp\/v2\/posts\/131423","targetHints":{"allow":["GET"]}}],"collection":[{"href":"https:\/\/aconteceunovale.com.br\/portal\/index.php?rest_route=\/wp\/v2\/posts"}],"about":[{"href":"https:\/\/aconteceunovale.com.br\/portal\/index.php?rest_route=\/wp\/v2\/types\/post"}],"author":[{"embeddable":true,"href":"https:\/\/aconteceunovale.com.br\/portal\/index.php?rest_route=\/wp\/v2\/users\/1"}],"replies":[{"embeddable":true,"href":"https:\/\/aconteceunovale.com.br\/portal\/index.php?rest_route=%2Fwp%2Fv2%2Fcomments&post=131423"}],"version-history":[{"count":0,"href":"https:\/\/aconteceunovale.com.br\/portal\/index.php?rest_route=\/wp\/v2\/posts\/131423\/revisions"}],"wp:featuredmedia":[{"embeddable":true,"href":"https:\/\/aconteceunovale.com.br\/portal\/index.php?rest_route=\/wp\/v2\/media\/115214"}],"wp:attachment":[{"href":"https:\/\/aconteceunovale.com.br\/portal\/index.php?rest_route=%2Fwp%2Fv2%2Fmedia&parent=131423"}],"wp:term":[{"taxonomy":"category","embeddable":true,"href":"https:\/\/aconteceunovale.com.br\/portal\/index.php?rest_route=%2Fwp%2Fv2%2Fcategories&post=131423"},{"taxonomy":"post_tag","embeddable":true,"href":"https:\/\/aconteceunovale.com.br\/portal\/index.php?rest_route=%2Fwp%2Fv2%2Ftags&post=131423"}],"curies":[{"name":"wp","href":"https:\/\/api.w.org\/{rel}","templated":true}]}}