{"id":131348,"date":"2018-04-30T07:18:41","date_gmt":"2018-04-30T09:18:41","guid":{"rendered":"http:\/\/aconteceunovale.com.br\/portal\/?p=131348"},"modified":"2018-04-30T07:18:41","modified_gmt":"2018-04-30T09:18:41","slug":"produtores-rurais-tem-ate-hoje-para-aderir-ao-parcelamento-de-dividas","status":"publish","type":"post","link":"https:\/\/aconteceunovale.com.br\/portal\/?p=131348","title":{"rendered":"Produtores rurais t\u00eam at\u00e9 hoje para aderir ao parcelamento de d\u00edvidas"},"content":{"rendered":"<p>O prazo de ades\u00e3o ao Programa de Regulariza\u00e7\u00e3o Tribut\u00e1ria Rural (PRR) termina nesta segunda-feira (30\/04\/2018). A ades\u00e3o ao programa dever\u00e1 ser feita na unidade de atendimento da Receita Federal do domic\u00edlio tribut\u00e1rio do devedor, sem a obrigatoriedade de agendamento do servi\u00e7o, informou o \u00f3rg\u00e3o.<\/p>\n<p>Segundo a Receita, a primeira presta\u00e7\u00e3o tem que ser paga ainda hoje para que o pedido de ades\u00e3o ao parcelamento seja aceito.<\/p>\n<p>O contribuinte que j\u00e1 aderiu ou que aderir ao programa, al\u00e9m da redu\u00e7\u00e3o de 100% dos juros, j\u00e1 prevista, ter\u00e1 tamb\u00e9m redu\u00e7\u00f5es de 100% sobre as multas de mora e de of\u00edcio.<\/p>\n<p>No caso de pessoa jur\u00eddica, poder\u00e1 utilizar cr\u00e9ditos de Preju\u00edzos Fiscais ou de Bases de C\u00e1lculo Negativas da Contribui\u00e7\u00e3o Social sobre o Lucro L\u00edquido (CSLL) para quita\u00e7\u00e3o de parte da d\u00edvida.<\/p>\n<p>Esses benef\u00edcios n\u00e3o se aplicam aos 2,5% da d\u00edvida correspondentes \u00e0 entrada, lembrou a Receita.<\/p>\n<p><strong>PRR<\/strong><\/p>\n<p>O Programa de Regulariza\u00e7\u00e3o Tribut\u00e1ria foi institu\u00eddo pela Lei n\u00ba 13.606, de 9 de janeiro de 2018, e permite que as d\u00edvidas dos produtores rurais com a Fazenda Nacional, vencidas at\u00e9 30 de agosto de 2017, sejam renegociadas em condi\u00e7\u00f5es especiais, ou seja, mediante o pagamento, sem redu\u00e7\u00f5es, de 2,5% da d\u00edvida consolidada, em duas parcelas, venc\u00edveis em abril e maio de 2018, e o restante da d\u00edvida com redu\u00e7\u00e3o de 100% dos juros de mora e das multas de mora, observado o seguinte:<\/p>\n<p>1 &#8211; se o optante for produtor rural, pessoa f\u00edsica ou jur\u00eddica, o restante da d\u00edvida ser\u00e1 parcelado em 176 meses, e o valor da parcela corresponder\u00e1 a 0,8% da m\u00e9dia mensal da receita bruta proveniente da comercializa\u00e7\u00e3o da produ\u00e7\u00e3o rural do ano imediatamente anterior ao do vencimento da parcela. A presta\u00e7\u00e3o m\u00ednima \u00e9 de R$ 100;<\/p>\n<p>2 &#8211; se o optante for adquirente de produ\u00e7\u00e3o rural de pessoa f\u00edsica ou cooperativa, o restante da d\u00edvida ser\u00e1 parcelado em 176 meses, e o valor da parcela corresponder\u00e1 a 0,3% da m\u00e9dia mensal da receita bruta proveniente da comercializa\u00e7\u00e3o do ano imediatamente anterior ao do vencimento da parcela. A presta\u00e7\u00e3o m\u00ednima \u00e9 de R$ 1.000.<\/p>\n<p><strong>VER PRIMEIRO<\/strong><\/p>\n<p>Receba as not\u00edcias do Aconteceu no Vale em primeira m\u00e3o. Clique em curtir no endere\u00e7o <a href=\"https:\/\/www.facebook.com\/aconteceunovale\" target=\"_blank\"><font color=\"red\">www.facebook.com\/aconteceunovale<\/font><\/a> ou no box abaixo:<\/p>\n<div class=\"fb-like\" data-href=\"https:\/\/www.facebook.com\/aconteceunovale\" data-width=\"120\" data-layout=\"standard\" data-action=\"like\" data-size=\"small\" data-show-faces=\"true\" data-share=\"true\"><\/div>\n<p><\/br><\/p>\n<p><em>(Fonte: Ag\u00eancia Brasil)<\/em><\/p>\n","protected":false},"excerpt":{"rendered":"<p>O prazo de ades\u00e3o ao Programa de Regulariza\u00e7\u00e3o Tribut\u00e1ria Rural (PRR) termina nesta segunda-feira (30\/04\/2018). A ades\u00e3o ao programa dever\u00e1 ser feita na unidade de atendimento da Receita Federal do domic\u00edlio tribut\u00e1rio do devedor, sem a obrigatoriedade de agendamento do servi\u00e7o, informou o \u00f3rg\u00e3o. Segundo a Receita, a primeira presta\u00e7\u00e3o tem que ser paga ainda [&hellip;]<\/p>\n","protected":false},"author":1,"featured_media":33033,"comment_status":"open","ping_status":"closed","sticky":false,"template":"","format":"standard","meta":{"amp_status":"","footnotes":""},"categories":[6],"tags":[37607,154598,173627,173628,160465,173626,160463,160464,21725],"class_list":["post-131348","post","type-post","status-publish","format-standard","has-post-thumbnail","hentry","category-br","tag-dividas","tag-parcelamento","tag-parcelamento-de-dividas","tag-parcelamento-de-dividas-de-produtores-rurais","tag-produtores-rurais","tag-produtores-rurais-tem-ate-hoje-para-aderir-ao-parcelamento-de-dividas","tag-programa-de-regularizacao-tributaria-rural","tag-prr","tag-receita"],"_links":{"self":[{"href":"https:\/\/aconteceunovale.com.br\/portal\/index.php?rest_route=\/wp\/v2\/posts\/131348","targetHints":{"allow":["GET"]}}],"collection":[{"href":"https:\/\/aconteceunovale.com.br\/portal\/index.php?rest_route=\/wp\/v2\/posts"}],"about":[{"href":"https:\/\/aconteceunovale.com.br\/portal\/index.php?rest_route=\/wp\/v2\/types\/post"}],"author":[{"embeddable":true,"href":"https:\/\/aconteceunovale.com.br\/portal\/index.php?rest_route=\/wp\/v2\/users\/1"}],"replies":[{"embeddable":true,"href":"https:\/\/aconteceunovale.com.br\/portal\/index.php?rest_route=%2Fwp%2Fv2%2Fcomments&post=131348"}],"version-history":[{"count":0,"href":"https:\/\/aconteceunovale.com.br\/portal\/index.php?rest_route=\/wp\/v2\/posts\/131348\/revisions"}],"wp:featuredmedia":[{"embeddable":true,"href":"https:\/\/aconteceunovale.com.br\/portal\/index.php?rest_route=\/wp\/v2\/media\/33033"}],"wp:attachment":[{"href":"https:\/\/aconteceunovale.com.br\/portal\/index.php?rest_route=%2Fwp%2Fv2%2Fmedia&parent=131348"}],"wp:term":[{"taxonomy":"category","embeddable":true,"href":"https:\/\/aconteceunovale.com.br\/portal\/index.php?rest_route=%2Fwp%2Fv2%2Fcategories&post=131348"},{"taxonomy":"post_tag","embeddable":true,"href":"https:\/\/aconteceunovale.com.br\/portal\/index.php?rest_route=%2Fwp%2Fv2%2Ftags&post=131348"}],"curies":[{"name":"wp","href":"https:\/\/api.w.org\/{rel}","templated":true}]}}