{"id":131346,"date":"2018-04-29T16:13:44","date_gmt":"2018-04-29T18:13:44","guid":{"rendered":"http:\/\/aconteceunovale.com.br\/portal\/?p=131346"},"modified":"2018-04-29T16:13:44","modified_gmt":"2018-04-29T18:13:44","slug":"termina-nesta-segunda-feira-o-prazo-para-entrega-da-declaracao-do-imposto-de-renda","status":"publish","type":"post","link":"https:\/\/aconteceunovale.com.br\/portal\/?p=131346","title":{"rendered":"Termina nesta segunda-feira o prazo para entrega da declara\u00e7\u00e3o do Imposto de Renda"},"content":{"rendered":"<p>Termina amanh\u00e3 (30) o prazo para declara\u00e7\u00e3o do Imposto de Renda da Pessoa F\u00edsica (IRPF). At\u00e9 ontem (28), cerca de 4,9 milh\u00f5es de contribuintes ainda n\u00e3o haviam acertado as contas com o Fisco. O prazo para entrega da declara\u00e7\u00e3o come\u00e7ou em 1\u00ba de mar\u00e7o e vai at\u00e9 as 23h59 de amanh\u00e3 (30).<\/p>\n<p>Est\u00e1 obrigado a declarar quem recebeu rendimentos tribut\u00e1veis, em 2017, em valores superiores a R$ 28.559,70. No caso da atividade rural, deve declarar quem teve receita bruta acima R$ 142.798,50. A multa para quem apresentar a declara\u00e7\u00e3o depois do prazo \u00e9 de 1% por m\u00eas de atraso, com valor m\u00ednimo de R$ 165,74 e m\u00e1ximo de 20% sobre o imposto devido.<\/p>\n<p>O programa de preenchimento da declara\u00e7\u00e3o do Imposto de Renda da Pessoa F\u00edsica de 2018, ano base 2017, est\u00e1 dispon\u00edvel no\u00a0<span style=\"color: #ff0000;\"><a href=\"http:\/\/www.receita.fazenda.gov.br\/\" target=\"_blank\"><span style=\"color: #ff0000;\">site da Receita Federal<\/span><\/a><\/span>.<\/p>\n<p>A estimativa \u00e9 que sejam enviadas 28,8 milh\u00f5es de declara\u00e7\u00f5es at\u00e9 o fim do prazo. Confira um\u00a0passo a passo\u00a0com as principais orienta\u00e7\u00f5es sobre como preencher e enviar a declara\u00e7\u00e3o do IRPF, bem como os documentos necess\u00e1rios.<\/p>\n<p><strong>VER PRIMEIRO<\/strong><\/p>\n<p>Receba as not\u00edcias do Aconteceu no Vale em primeira m\u00e3o. Clique em curtir no endere\u00e7o <a href=\"https:\/\/www.facebook.com\/aconteceunovale\" target=\"_blank\"><font color=\"red\">www.facebook.com\/aconteceunovale<\/font><\/a> ou no box abaixo:<\/p>\n<div class=\"fb-like\" data-href=\"https:\/\/www.facebook.com\/aconteceunovale\" data-width=\"120\" data-layout=\"standard\" data-action=\"like\" data-size=\"small\" data-show-faces=\"true\" data-share=\"true\"><\/div>\n<p><\/br><\/p>\n<p><em>(Fonte: Ag\u00eancia Brasil)<\/em><\/p>\n","protected":false},"excerpt":{"rendered":"<p>Termina amanh\u00e3 (30) o prazo para declara\u00e7\u00e3o do Imposto de Renda da Pessoa F\u00edsica (IRPF). At\u00e9 ontem (28), cerca de 4,9 milh\u00f5es de contribuintes ainda n\u00e3o haviam acertado as contas com o Fisco. O prazo para entrega da declara\u00e7\u00e3o come\u00e7ou em 1\u00ba de mar\u00e7o e vai at\u00e9 as 23h59 de amanh\u00e3 (30). Est\u00e1 obrigado a [&hellip;]<\/p>\n","protected":false},"author":1,"featured_media":131151,"comment_status":"open","ping_status":"closed","sticky":false,"template":"","format":"standard","meta":{"amp_status":"","footnotes":""},"categories":[6],"tags":[5197,41675,173624,21727,170282,140995,1464,173625],"class_list":["post-131346","post","type-post","status-publish","format-standard","has-post-thumbnail","hentry","category-br","tag-declaracao-do-imposto-de-renda","tag-declaracao-do-imposto-de-renda-da-pessoa-fisica","tag-declaracao-do-irpf-2018","tag-irpf","tag-irpf-2018","tag-prazo-para-entrega-da-declaracao-do-imposto-de-renda","tag-receita-federal","tag-termina-nesta-segunda-feira-o-prazo-para-entrega-da-declaracao-do-imposto-de-renda"],"_links":{"self":[{"href":"https:\/\/aconteceunovale.com.br\/portal\/index.php?rest_route=\/wp\/v2\/posts\/131346","targetHints":{"allow":["GET"]}}],"collection":[{"href":"https:\/\/aconteceunovale.com.br\/portal\/index.php?rest_route=\/wp\/v2\/posts"}],"about":[{"href":"https:\/\/aconteceunovale.com.br\/portal\/index.php?rest_route=\/wp\/v2\/types\/post"}],"author":[{"embeddable":true,"href":"https:\/\/aconteceunovale.com.br\/portal\/index.php?rest_route=\/wp\/v2\/users\/1"}],"replies":[{"embeddable":true,"href":"https:\/\/aconteceunovale.com.br\/portal\/index.php?rest_route=%2Fwp%2Fv2%2Fcomments&post=131346"}],"version-history":[{"count":0,"href":"https:\/\/aconteceunovale.com.br\/portal\/index.php?rest_route=\/wp\/v2\/posts\/131346\/revisions"}],"wp:featuredmedia":[{"embeddable":true,"href":"https:\/\/aconteceunovale.com.br\/portal\/index.php?rest_route=\/wp\/v2\/media\/131151"}],"wp:attachment":[{"href":"https:\/\/aconteceunovale.com.br\/portal\/index.php?rest_route=%2Fwp%2Fv2%2Fmedia&parent=131346"}],"wp:term":[{"taxonomy":"category","embeddable":true,"href":"https:\/\/aconteceunovale.com.br\/portal\/index.php?rest_route=%2Fwp%2Fv2%2Fcategories&post=131346"},{"taxonomy":"post_tag","embeddable":true,"href":"https:\/\/aconteceunovale.com.br\/portal\/index.php?rest_route=%2Fwp%2Fv2%2Ftags&post=131346"}],"curies":[{"name":"wp","href":"https:\/\/api.w.org\/{rel}","templated":true}]}}