{"id":131331,"date":"2018-04-29T13:24:18","date_gmt":"2018-04-29T15:24:18","guid":{"rendered":"http:\/\/aconteceunovale.com.br\/portal\/?p=131331"},"modified":"2018-04-29T13:24:18","modified_gmt":"2018-04-29T15:24:18","slug":"soldado-do-exercito-morre-em-acidente-na-br-267","status":"publish","type":"post","link":"https:\/\/aconteceunovale.com.br\/portal\/?p=131331","title":{"rendered":"Soldado do Ex\u00e9rcito morre em acidente na BR-267"},"content":{"rendered":"<p>Um acidente entre um carro e um caminh\u00e3o deixou uma pessoa morta na madrugada deste domingo (29\/04\/2018), na BR-267, munic\u00edpio de Juiz de Fora, na Zona da Mata Mineira. A colis\u00e3o frontal aconteceu por volta de 4h45 e mobilizou equipes do Corpo de Bombeiros.<\/p>\n<p>Segundo a ocorr\u00eancia, um carro de passeio, modelo HB20, invadiu a contram\u00e3o da rodovia e bateu de frente com a carreta, que transportava 15 toneladas de granito. O motorista do carro, Lucas Reis Gomes, 20, ficou preso entre as ferragens e morreu no local. Ele era Soldado do Ex\u00e9rcito Brasileiro e servia no 4\u00ba Grupo de Artilharia de Campanha Leve (4\u00ba GAC L), em Juiz de Fora.<\/p>\n<p>Uma mulher de 19 anos, que estava no banco do passageiro, tamb\u00e9m ficou ferida e foi encaminhada ao Hospital de Pronto Socorro de Juiz de Fora. J\u00e1 o motorista da carreta teve apenas ferimentos leves e recusou atendimento m\u00e9dico. Al\u00e9m da per\u00edcia, a Pol\u00edcia Rodovi\u00e1ria Federal (PRF) foi acionada para organizar o tr\u00e2nsito no local, que acontece no esquema de &#8220;pare e siga&#8221;, sem reten\u00e7\u00f5es.<\/p>\n<p><img decoding=\"async\" src=\"http:\/\/aconteceunovale.com.br\/portal\/wp-content\/uploads\/2018\/04\/acidente_exercito.jpg\" alt=\"\" \/><em>O motorista do carro ficou preso \u00e0s ferragens e n\u00e3o sobreviveu (Divulga\u00e7\u00e3o\/Bombeiros)<\/em><br \/>\n<\/br><\/p>\n<p><strong>VER PRIMEIRO<\/strong><\/p>\n<p>Receba as not\u00edcias do Aconteceu no Vale em primeira m\u00e3o. Clique em curtir no endere\u00e7o <a href=\"https:\/\/www.facebook.com\/aconteceunovale\" target=\"_blank\"><font color=\"red\">www.facebook.com\/aconteceunovale<\/font><\/a> ou no box abaixo:<\/p>\n<div class=\"fb-like\" data-href=\"https:\/\/www.facebook.com\/aconteceunovale\" data-width=\"120\" data-layout=\"standard\" data-action=\"like\" data-size=\"small\" data-show-faces=\"true\" data-share=\"true\"><\/div>\n<p><\/br><\/p>\n<p><em>(Fonte: Hoje em Dia)<\/em><\/p>\n","protected":false},"excerpt":{"rendered":"<p>Um acidente entre um carro e um caminh\u00e3o deixou uma pessoa morta na madrugada deste domingo (29\/04\/2018), na BR-267, munic\u00edpio de Juiz de Fora, na Zona da Mata Mineira. A colis\u00e3o frontal aconteceu por volta de 4h45 e mobilizou equipes do Corpo de Bombeiros. Segundo a ocorr\u00eancia, um carro de passeio, modelo HB20, invadiu a [&hellip;]<\/p>\n","protected":false},"author":1,"featured_media":131335,"comment_status":"open","ping_status":"closed","sticky":false,"template":"","format":"standard","meta":{"amp_status":"","footnotes":""},"categories":[123],"tags":[173606,173607,173610,173609,173611,173608,152888,126520,206,173612,173613],"class_list":["post-131331","post","type-post","status-publish","format-standard","has-post-thumbnail","hentry","category-gerais","tag-4o-gac-l","tag-4o-grupo-de-artilharia-de-campanha-leve","tag-acidente-com-soldado-do-exercito-em-juiz-de-fora","tag-acidente-entre-carro-e-caminhao-em-juiz-de-fora","tag-acidente-entre-carro-e-caminhao-na-br-267","tag-acidente-juiz-de-fora","tag-acidente-na-br-267","tag-br-267","tag-juiz-de-fora","tag-lucas-reis-gomes","tag-soldado-do-exercito-morre-em-acidente-na-br-267"],"_links":{"self":[{"href":"https:\/\/aconteceunovale.com.br\/portal\/index.php?rest_route=\/wp\/v2\/posts\/131331","targetHints":{"allow":["GET"]}}],"collection":[{"href":"https:\/\/aconteceunovale.com.br\/portal\/index.php?rest_route=\/wp\/v2\/posts"}],"about":[{"href":"https:\/\/aconteceunovale.com.br\/portal\/index.php?rest_route=\/wp\/v2\/types\/post"}],"author":[{"embeddable":true,"href":"https:\/\/aconteceunovale.com.br\/portal\/index.php?rest_route=\/wp\/v2\/users\/1"}],"replies":[{"embeddable":true,"href":"https:\/\/aconteceunovale.com.br\/portal\/index.php?rest_route=%2Fwp%2Fv2%2Fcomments&post=131331"}],"version-history":[{"count":0,"href":"https:\/\/aconteceunovale.com.br\/portal\/index.php?rest_route=\/wp\/v2\/posts\/131331\/revisions"}],"wp:featuredmedia":[{"embeddable":true,"href":"https:\/\/aconteceunovale.com.br\/portal\/index.php?rest_route=\/wp\/v2\/media\/131335"}],"wp:attachment":[{"href":"https:\/\/aconteceunovale.com.br\/portal\/index.php?rest_route=%2Fwp%2Fv2%2Fmedia&parent=131331"}],"wp:term":[{"taxonomy":"category","embeddable":true,"href":"https:\/\/aconteceunovale.com.br\/portal\/index.php?rest_route=%2Fwp%2Fv2%2Fcategories&post=131331"},{"taxonomy":"post_tag","embeddable":true,"href":"https:\/\/aconteceunovale.com.br\/portal\/index.php?rest_route=%2Fwp%2Fv2%2Ftags&post=131331"}],"curies":[{"name":"wp","href":"https:\/\/api.w.org\/{rel}","templated":true}]}}