{"id":131328,"date":"2018-04-29T12:54:46","date_gmt":"2018-04-29T14:54:46","guid":{"rendered":"http:\/\/aconteceunovale.com.br\/portal\/?p=131328"},"modified":"2018-04-29T12:54:46","modified_gmt":"2018-04-29T14:54:46","slug":"policia-registra-homicidio-em-pavao-no-vale-do-mucuri","status":"publish","type":"post","link":"https:\/\/aconteceunovale.com.br\/portal\/?p=131328","title":{"rendered":"Pol\u00edcia registra homic\u00eddio em Pav\u00e3o, no Vale do Mucuri"},"content":{"rendered":"<p>Um adolescente foi assassinado na manh\u00e3 de s\u00e1bado (28\/04\/2018) em Pav\u00e3o, no Vale do Mucuri. Segundo informa\u00e7\u00f5es da Pol\u00edcia Militar (PM), o crime ocorreu por volta das 9h, na rua Bahia, no bairro Cidade Alta. A v\u00edtima, identificada pelas iniciais G.M.S, de 15 anos, estava acompanhada pela m\u00e3e quando cinco indiv\u00edduos se aproximaram e um deles efetuou um disparo de arma de fogo. O menor n\u00e3o resistiu ao ferimento e veio a \u00f3bito no local. <\/p>\n<p>A Per\u00edcia T\u00e9cnica da Pol\u00edcia Civil foi acionada e, ap\u00f3s os trabalhos de praxe, liberou o corpo para o Instituto M\u00e9dico Legal (IML) de Te\u00f3filo Otoni. Foi constatado que a v\u00edtima, natural de Belo Horizonte, foi alvejada frontalmente e os chumbos chegaram a transfixar o corpo.  Uma capsula deflagrada de muni\u00e7\u00e3o calibre doze foi recolhida no local.<\/p>\n<p>Ainda segundo a PM, um denunciante an\u00f4nimo repassou informa\u00e7\u00f5es sobre a identifica\u00e7\u00e3o dos indiv\u00edduos envolvidos no crime. Os militares acionaram refor\u00e7o das cidades vizinhas, mas os autores ainda n\u00e3o foram localizados. O caso ser\u00e1 investigado pela Pol\u00edcia Civil.<\/p>\n<p><strong>VER PRIMEIRO<\/strong><\/p>\n<p>Receba as not\u00edcias do Aconteceu no Vale em primeira m\u00e3o. Clique em curtir no endere\u00e7o <a href=\"https:\/\/www.facebook.com\/aconteceunovale\" target=\"_blank\"><font color=\"red\">www.facebook.com\/aconteceunovale<\/font><\/a> ou no box abaixo:<\/p>\n<div class=\"fb-like\" data-href=\"https:\/\/www.facebook.com\/aconteceunovale\" data-width=\"120\" data-layout=\"standard\" data-action=\"like\" data-size=\"small\" data-show-faces=\"true\" data-share=\"true\"><\/div>\n<p><\/br><\/p>\n","protected":false},"excerpt":{"rendered":"<p>Um adolescente foi assassinado na manh\u00e3 de s\u00e1bado (28\/04\/2018) em Pav\u00e3o, no Vale do Mucuri. Segundo informa\u00e7\u00f5es da Pol\u00edcia Militar (PM), o crime ocorreu por volta das 9h, na rua Bahia, no bairro Cidade Alta. A v\u00edtima, identificada pelas iniciais G.M.S, de 15 anos, estava acompanhada pela m\u00e3e quando cinco indiv\u00edduos se aproximaram e um [&hellip;]<\/p>\n","protected":false},"author":1,"featured_media":71442,"comment_status":"open","ping_status":"closed","sticky":false,"template":"","format":"standard","meta":{"amp_status":"","footnotes":""},"categories":[122],"tags":[173604,53022,28148,173603,77298,53021,57806,447,173605],"class_list":["post-131328","post","type-post","status-publish","format-standard","has-post-thumbnail","hentry","category-mucuri","tag-adolescente-morto-em-pavao","tag-assassinado-em-pavao","tag-homicidio-em-pavao","tag-menor-morto-em-pavao","tag-morte-em-pavao","tag-morto-em-pavao","tag-no-vale-do-mucuri","tag-pavao","tag-policia-registra-homicidio-em-pavao"],"_links":{"self":[{"href":"https:\/\/aconteceunovale.com.br\/portal\/index.php?rest_route=\/wp\/v2\/posts\/131328","targetHints":{"allow":["GET"]}}],"collection":[{"href":"https:\/\/aconteceunovale.com.br\/portal\/index.php?rest_route=\/wp\/v2\/posts"}],"about":[{"href":"https:\/\/aconteceunovale.com.br\/portal\/index.php?rest_route=\/wp\/v2\/types\/post"}],"author":[{"embeddable":true,"href":"https:\/\/aconteceunovale.com.br\/portal\/index.php?rest_route=\/wp\/v2\/users\/1"}],"replies":[{"embeddable":true,"href":"https:\/\/aconteceunovale.com.br\/portal\/index.php?rest_route=%2Fwp%2Fv2%2Fcomments&post=131328"}],"version-history":[{"count":0,"href":"https:\/\/aconteceunovale.com.br\/portal\/index.php?rest_route=\/wp\/v2\/posts\/131328\/revisions"}],"wp:featuredmedia":[{"embeddable":true,"href":"https:\/\/aconteceunovale.com.br\/portal\/index.php?rest_route=\/wp\/v2\/media\/71442"}],"wp:attachment":[{"href":"https:\/\/aconteceunovale.com.br\/portal\/index.php?rest_route=%2Fwp%2Fv2%2Fmedia&parent=131328"}],"wp:term":[{"taxonomy":"category","embeddable":true,"href":"https:\/\/aconteceunovale.com.br\/portal\/index.php?rest_route=%2Fwp%2Fv2%2Fcategories&post=131328"},{"taxonomy":"post_tag","embeddable":true,"href":"https:\/\/aconteceunovale.com.br\/portal\/index.php?rest_route=%2Fwp%2Fv2%2Ftags&post=131328"}],"curies":[{"name":"wp","href":"https:\/\/api.w.org\/{rel}","templated":true}]}}