{"id":131326,"date":"2018-04-29T10:09:51","date_gmt":"2018-04-29T12:09:51","guid":{"rendered":"http:\/\/aconteceunovale.com.br\/portal\/?p=131326"},"modified":"2018-04-29T13:27:21","modified_gmt":"2018-04-29T15:27:21","slug":"policia-civil-divulga-informacoes-sobre-acidentes-com-vitimas-fatais-ocorridos-em-governador-valadares","status":"publish","type":"post","link":"https:\/\/aconteceunovale.com.br\/portal\/?p=131326","title":{"rendered":"Pol\u00edcia Civil divulga informa\u00e7\u00f5es sobre acidentes com v\u00edtimas fatais ocorridos em Governador Valadares"},"content":{"rendered":"<p>A Pol\u00edcia Civil de Minas Gerais, em Governador Valadares, esclareceu acidentes com ve\u00edculos ocorridos em janeiro, fevereiro e abril deste ano. Segundo Delegada Verenna Veloso, titular da Delegacia Especializada de Acidentes e Ve\u00edculos (DEAV), o acidente, ocorrido no dia 20 de janeiro deste ano corrente, na BR-116, pr\u00f3ximo ao posto Cherokee, que vitimou fatalmente Alberto Ferreira, de 66 anos, foi uma colis\u00e3o entre um carro, caminhonete e um caminh\u00e3o.<\/p>\n<p>A Pol\u00edcia Civil apurou que tanto o condutor e a v\u00edtima fatal da caminhonete, quanto o do carro, estavam transitando sob a faixa de divis\u00e3o dos fluxos opostos, sendo a sinaliza\u00e7\u00e3o horizontal uma faixa dupla cont\u00ednua, tendo sido constatada culpa concorrente dos condutores tanto do carro quanto da caminhonete, indo ambos a \u00f3bito. A conclus\u00e3o do Inqu\u00e9rito foi com base no parecer t\u00e9cnico apresentado pela per\u00edcia criminal, no qual tamb\u00e9m foi verificado que o motorista do caminh\u00e3o, que seguia atr\u00e1s da caminhonete, n\u00e3o teve como evitar a colis\u00e3o. Tamb\u00e9m foi verificado, no local, que o mesmo chegou a realizar manobras para tentar evitar o acidente.<\/p>\n<p>Segundo a Delegada Verenna, sobre o acidente ocorrido no dia 14 de fevereiro deste ano, no bairro Nossa Senhora de Lourdes, que resultou na morte da idosa Marigeralda Xavier Horta, de 87 anos, o inqu\u00e9rito policial e as investiga\u00e7\u00f5es apuraram que a v\u00edtima estava aguardando para atravessar a rua, sob a faixa de pedestre, quando um caminh\u00e3o cedeu passagem a ela e, quando a mesma j\u00e1 estava efetuando a travessia, uma motocicleta veio na faixa oposta ao do caminh\u00e3o. Desta forma, por falta de aten\u00e7\u00e3o do condutor, acabou atingindo a idosa que veio a \u00f3bito no local.<\/p>\n<p>A Delegada informou que o inqu\u00e9rito j\u00e1 foi relatado e encaminhado \u00e0 Justi\u00e7a, sendo o condutor indiciado pelo crime de homic\u00eddio culposo com causa de aumento de pena, prevista no art. 302 do C\u00f3digo de Tr\u00e2nsito Brasileiro (CTB), uma vez que o homic\u00eddio culposo foi praticado em faixa de pedestre. O condutor pode, tamb\u00e9m, ter a suspens\u00e3o ou a proibi\u00e7\u00e3o para dirigir ve\u00edculo automotor. <\/p>\n<p>Outro acidente, que ocorreu na madrugada dia 23 de abril deste ano, na BR-116, pr\u00f3ximo ao Posto Cherokee, no qual vitimou fatalmente oito pessoas: Jos\u00e9 Maria Gomes Fernandes; Ruth Nalva Kopittke Fernandes; Riane David De Almeida; Nelson Jos\u00e9 de Almeida J\u00fanior; Ivanete Rocha Rafael; Marcia Rocha Amaral; Nerilda Ferraz Gomes e Reginaldo Rodrigues de Oliveira, sendo esse \u00faltimo o motorista de um dos ve\u00edculos envolvidos no acidente. A Delegada informou que o fato ainda \u00e9 recente, que foram realizadas dilig\u00eancias preliminares, a partir do trabalho da per\u00edcia criminal, e que j\u00e1 instaurou inqu\u00e9rito policial para apurar os fatos.<\/p>\n<p>Esclareceu, ainda, que diante do trabalho preliminar da per\u00edcia no local do acidente e de informa\u00e7\u00f5es apuradas, tem-se conhecimento que o \u00f4nibus e uma caminhonete seguiam no sentido Belo Horizonte, na BR-116, e que a caminhonete teria invadindo a contram\u00e3o. Assim, neste momento, a caminhonete colidiu com um caminh\u00e3o, que trafegava no sentido Governador Valadares\/Te\u00f3filo Otoni, e este perdeu o controle, ocasi\u00e3o em que atingiu a m\u00e3o de dire\u00e7\u00e3o do \u00f4nibus. Desta forma, ocorreu a colis\u00e3o deste com a carga transportada pelo caminh\u00e3o, causando a morte de seis passageiros no local e ferimentos nos demais passageiros que foram socorridos. A Delegada ressaltou que durante os trabalhos periciais, foi localizada, no interior da caminhonete, uma lata de cerveja vazia. Diante dessa apura\u00e7\u00e3o, foi colhido pelo Posto M\u00e9dico Legal material do condutor para a realizar o exame de alcoolemia e, assim, verificar se o condutor, tamb\u00e9m v\u00edtima, estaria sob efeito de \u00e1lcool. <\/p>\n<p>A Delegacia Especializada em Acidentes de Ve\u00edculos concluiu, s\u00f3 neste esse m\u00eas, mais de 10 inqu\u00e9ritos de acidentes com v\u00edtimas fatais. \u201cNossa preocupa\u00e7\u00e3o tamb\u00e9m \u00e9 em conscientizar e alertar a popula\u00e7\u00e3o quanto \u00e0 necessidade de se ter mais aten\u00e7\u00e3o \u00e0s sinaliza\u00e7\u00f5es de tr\u00e2nsito e em ser mais prudente ao dirigir. A maioria dos acidentes s\u00e3o causados pela falta de respeito \u00e0 legisla\u00e7\u00e3o de tr\u00e2nsito, incluindo as sinaliza\u00e7\u00f5es e a falta de aten\u00e7\u00e3o \u00e0s normas de circula\u00e7\u00e3o estabelecidas no artigo 29 do C\u00f3digo de Tr\u00e2nsito Brasileiro\u201d, enfatizou a Delegada Verenna Veloso. <\/p>\n<p>Al\u00e9m do trabalho de conscientiza\u00e7\u00e3o, a Pol\u00edcia Civil tem identificado os locais recorrentes de acidentes com v\u00edtimas de tr\u00e2nsito, e, por meio da DEAV, tem solicitado a interven\u00e7\u00e3o por parte do \u00f3rg\u00e3o respons\u00e1vel pela via para que tome as medidas necess\u00e1rias a fim de minimizar a ocorr\u00eancia dos acidentes.<\/p>\n<p><img decoding=\"async\" src=\"http:\/\/aconteceunovale.com.br\/portal\/wp-content\/uploads\/2018\/04\/acidente_gv_bus_carreta_caminhonete_3.jpg\" alt=\"\" \/><em>A Pol\u00edcia Civil investiga acidente envolvendo \u00f4nibus da Vale Viagens, na madrugada dia 23 de abril deste ano, na BR-116, que resultou na morte de oito pessoas (Foto: Divulga\u00e7\u00e3o\/Bombeiros)<\/em><br \/>\n<\/br><\/p>\n<p><strong>VER PRIMEIRO<\/strong><\/p>\n<p>Receba as not\u00edcias do Aconteceu no Vale em primeira m\u00e3o. Clique em curtir no endere\u00e7o <a href=\"https:\/\/www.facebook.com\/aconteceunovale\" target=\"_blank\"><font color=\"red\">www.facebook.com\/aconteceunovale<\/font><\/a> ou no box abaixo:<\/p>\n<div class=\"fb-like\" data-href=\"https:\/\/www.facebook.com\/aconteceunovale\" data-width=\"120\" data-layout=\"standard\" data-action=\"like\" data-size=\"small\" data-show-faces=\"true\" data-share=\"true\"><\/div>\n<p><\/br><\/p>\n<p><em>(Fonte: PCMG)<\/em><\/p>\n","protected":false},"excerpt":{"rendered":"<p>A Pol\u00edcia Civil de Minas Gerais, em Governador Valadares, esclareceu acidentes com ve\u00edculos ocorridos em janeiro, fevereiro e abril deste ano. Segundo Delegada Verenna Veloso, titular da Delegacia Especializada de Acidentes e Ve\u00edculos (DEAV), o acidente, ocorrido no dia 20 de janeiro deste ano corrente, na BR-116, pr\u00f3ximo ao posto Cherokee, que vitimou fatalmente Alberto [&hellip;]<\/p>\n","protected":false},"author":1,"featured_media":131032,"comment_status":"open","ping_status":"closed","sticky":false,"template":"","format":"standard","meta":{"amp_status":"","footnotes":""},"categories":[121],"tags":[173232,173233,23018,173158,173157,173156,12667,18416,3945,173163,89213,173160,173594,44537,110106,167866,142,182,173596,1018,66364,173231,247,173154,173155,391,173190,173187,169183,173600,173499,173500,173165,173162,44644,173602,173601,173599,173598,173152,173153,173234,173235,119868,173164,173161,173595,173159,173597,173166],"class_list":["post-131326","post","type-post","status-publish","format-standard","has-post-thumbnail","hentry","category-leste","tag-acidente-aluna-da-faminas-bh","tag-acidente-com-estudante-da-faminas-bh","tag-acidente-com-onibus-de-almenara","tag-acidente-com-onibus-de-almenara-em-governador-valadares","tag-acidente-com-onibus-de-almenara-na-br-116","tag-acidente-com-onibus-de-itaobim-em-governador-valadares","tag-acidente-em-governador-valadares","tag-acidente-na-br-116-em-governador-valadares","tag-acidente-na-br-116","tag-acidente-onibus-da-vale-viagens","tag-acidente-perto-de-governador-valadares","tag-acidente-vale-viagens","tag-acidentes-de-transito-em-governador-valadares","tag-acidentes-em-governador-valadares","tag-acidentes-governador-valadares","tag-alberto-ferreira","tag-almenara","tag-br-116","tag-delegada-verenna-veloso","tag-destaque","tag-em-governador-valadares","tag-faminas-bh","tag-governador-valadares","tag-grave-acidente-em-governador-valadares","tag-grave-acidente-na-br-116-em-governador-valadares","tag-itaobim","tag-ivanete-rocha-rafael","tag-jose-maria-gomes-fernandes","tag-marigeralda-xavier-horta","tag-merilda-ferraz-gomes","tag-morre-oitava-vitima-de-acidente-na-br-116","tag-morre-oitava-vitima-de-acidente-na-br-116-em-governador-valadares","tag-mortos-em-acidente-com-onibus-da-vale-viagens","tag-onibus-da-vale-viagens","tag-policia-civil-de-minas-gerais","tag-policia-civil-divulga-informacoes-sobre-acidentes-com-vitimas-fatais-ocorridos-em-governador-valadares","tag-reginaldo-rodrigues-de-oliveira","tag-riani-david-de-almeida","tag-ruthnalva-kopittke-fernandes","tag-seis-pessoas-morrem-em-acidente-na-br-116","tag-seis-pessoas-morrem-em-acidente-na-br-116-em-governador-valadares","tag-sete-pessoas-morrem-em-acidente-na-br-116","tag-sete-pessoas-morrem-em-acidente-na-br-116-em-governador-valadares","tag-tragedia-na-br-116-em-governador-valadares","tag-tragedia-onibus-da-vale-viagens","tag-tragedia-vale-viagens","tag-transito-em-governador-valadares","tag-vale-viagens","tag-verenna-veloso","tag-vitimas-de-acidente-com-onibus-da-vale-viagens"],"_links":{"self":[{"href":"https:\/\/aconteceunovale.com.br\/portal\/index.php?rest_route=\/wp\/v2\/posts\/131326","targetHints":{"allow":["GET"]}}],"collection":[{"href":"https:\/\/aconteceunovale.com.br\/portal\/index.php?rest_route=\/wp\/v2\/posts"}],"about":[{"href":"https:\/\/aconteceunovale.com.br\/portal\/index.php?rest_route=\/wp\/v2\/types\/post"}],"author":[{"embeddable":true,"href":"https:\/\/aconteceunovale.com.br\/portal\/index.php?rest_route=\/wp\/v2\/users\/1"}],"replies":[{"embeddable":true,"href":"https:\/\/aconteceunovale.com.br\/portal\/index.php?rest_route=%2Fwp%2Fv2%2Fcomments&post=131326"}],"version-history":[{"count":0,"href":"https:\/\/aconteceunovale.com.br\/portal\/index.php?rest_route=\/wp\/v2\/posts\/131326\/revisions"}],"wp:featuredmedia":[{"embeddable":true,"href":"https:\/\/aconteceunovale.com.br\/portal\/index.php?rest_route=\/wp\/v2\/media\/131032"}],"wp:attachment":[{"href":"https:\/\/aconteceunovale.com.br\/portal\/index.php?rest_route=%2Fwp%2Fv2%2Fmedia&parent=131326"}],"wp:term":[{"taxonomy":"category","embeddable":true,"href":"https:\/\/aconteceunovale.com.br\/portal\/index.php?rest_route=%2Fwp%2Fv2%2Fcategories&post=131326"},{"taxonomy":"post_tag","embeddable":true,"href":"https:\/\/aconteceunovale.com.br\/portal\/index.php?rest_route=%2Fwp%2Fv2%2Ftags&post=131326"}],"curies":[{"name":"wp","href":"https:\/\/api.w.org\/{rel}","templated":true}]}}