{"id":131275,"date":"2018-04-28T13:01:27","date_gmt":"2018-04-28T15:01:27","guid":{"rendered":"http:\/\/aconteceunovale.com.br\/portal\/?p=131275"},"modified":"2018-04-28T13:01:27","modified_gmt":"2018-04-28T15:01:27","slug":"ataque-a-tiros-em-acampamento-pro-lula-deixa-dois-feridos","status":"publish","type":"post","link":"https:\/\/aconteceunovale.com.br\/portal\/?p=131275","title":{"rendered":"Ataque a tiros em acampamento pr\u00f3-Lula deixa dois feridos"},"content":{"rendered":"<p>Um ataque a tiros na madrugada de hoje (28\/04\/2018) ao acampamento onde apoiadores do ex-presidente Luiz In\u00e1cio Lula da Silva fazem vig\u00edlia desde sua pris\u00e3o, em Curitiba, deixou duas pessoas feridas, de acordo com a coordena\u00e7\u00e3o do movimento. A Pol\u00edcia Militar de Curitiba confirma a ocorr\u00eancia de tiros na regi\u00e3o e informou que o caso est\u00e1 em investiga\u00e7\u00e3o. Ainda n\u00e3o h\u00e1 informa\u00e7\u00f5es sobre a autoria dos disparos.<\/p>\n<p>A coordena\u00e7\u00e3o do Acampamento Lula Livre divulgou que Jeferson Lima de Menezes, de S\u00e3o Paulo, foi atingido por um tiro no pesco\u00e7o e est\u00e1 internado em estado grave. Os tiros foram disparados entre 3h e 4h da manh\u00e3.<\/p>\n<p>A presidente do PT, Gleisi Hoffmann, divulgou um v\u00eddeo na p\u00e1gina do partido relatando o epis\u00f3dio e disse que, momentos antes do ataque, pessoas haviam passado v\u00e1rias vezes pelo local gritando e se manifestando de forma contr\u00e1ria \u00e0 mobiliza\u00e7\u00e3o. \u201cA situa\u00e7\u00e3o de viol\u00eancia e intoler\u00e2ncia no pa\u00eds est\u00e1 muito grave, n\u00e3o podemos aceitar isso\u201d, disse Gleisi no v\u00eddeo. Segundo ela, Jeferson Lima \u00e9 do movimento sindical de S\u00e3o Paulo.<\/p>\n<p>Em nota, a Secretaria de Seguran\u00e7a P\u00fablica informou que, segundo as primeiras informa\u00e7\u00f5es, uma pessoa a p\u00e9 efetuou disparos de arma de fogo contra o acampamento de simpatizantes do ex-presidente Lula. A secretaria confirma que uma pessoa baleada foi levada ao hospital e que um tiro acertou um banheiro qu\u00edmico e os estilha\u00e7os feriram uma mulher no ombro, sem gravidade. De acordo com a nota, no local foram recolhidas c\u00e1psulas de pistola 9 mm e um inqu\u00e9rito foi aberto para apurar o caso.<\/p>\n<p>A nota da coordena\u00e7\u00e3o do acampamento diz que a viol\u00eancia contra os apoiadores de Lula n\u00e3o vai diminuir a mobiliza\u00e7\u00e3o e que o local vai receber grande quantidade de pessoas no feriado do 1\u00b0 de maio, Dia do Trabalhador.<\/p>\n<p>O ex-presidente Lula chegou \u00e0 carceragem da Pol\u00edcia Federal, em Curitiba, no dia 7 de abril. Desde ent\u00e3o, manifesta\u00e7\u00f5es pr\u00f3 e contra Lula ocorrem na cidade.<\/p>\n<p><img decoding=\"async\" src=\"http:\/\/aconteceunovale.com.br\/portal\/wp-content\/uploads\/2018\/04\/tiros_acampamento_1.jpg\" alt=\"\" \/><\/p>\n<p><img decoding=\"async\" src=\"http:\/\/aconteceunovale.com.br\/portal\/wp-content\/uploads\/2018\/04\/tiros_acampamento_2.jpg\" alt=\"\" \/><br \/>\n<\/br><\/p>\n<p><strong>VER PRIMEIRO<\/strong><\/p>\n<p>Receba as not\u00edcias do Aconteceu no Vale em primeira m\u00e3o. Clique em curtir no endere\u00e7o <a href=\"https:\/\/www.facebook.com\/aconteceunovale\" target=\"_blank\"><font color=\"red\">www.facebook.com\/aconteceunovale<\/font><\/a> ou no box abaixo:<\/p>\n<div class=\"fb-like\" data-href=\"https:\/\/www.facebook.com\/aconteceunovale\" data-width=\"120\" data-layout=\"standard\" data-action=\"like\" data-size=\"small\" data-show-faces=\"true\" data-share=\"true\"><\/div>\n<p><\/br><\/p>\n<p><em>(Fonte: Ag\u00eancia Brasil \/ Fotos: Frente Brasil Popular)<\/em><\/p>\n","protected":false},"excerpt":{"rendered":"<p>Um ataque a tiros na madrugada de hoje (28\/04\/2018) ao acampamento onde apoiadores do ex-presidente Luiz In\u00e1cio Lula da Silva fazem vig\u00edlia desde sua pris\u00e3o, em Curitiba, deixou duas pessoas feridas, de acordo com a coordena\u00e7\u00e3o do movimento. A Pol\u00edcia Militar de Curitiba confirma a ocorr\u00eancia de tiros na regi\u00e3o e informou que o caso [&hellip;]<\/p>\n","protected":false},"author":1,"featured_media":131276,"comment_status":"open","ping_status":"closed","sticky":false,"template":"","format":"standard","meta":{"amp_status":"","footnotes":""},"categories":[6,40240],"tags":[173521,162616,173520,173519,173518,66781,4608,125090,14124,7147,173522],"class_list":["post-131275","post","type-post","status-publish","format-standard","has-post-thumbnail","hentry","category-br","category-politica-2","tag-acampamento","tag-ataque-a-tiros","tag-ataque-a-tiros-contra-petistas","tag-ataque-a-tiros-em-acampamento-pro-lula","tag-ataque-a-tiros-em-acampamento-pro-lula-deixa-dois-feridos","tag-ataques","tag-curitiba","tag-gleisi-hoffmann","tag-luiz-inacio-lula-da-silva","tag-lula","tag-tiros-em-acampamento-pro-lula"],"_links":{"self":[{"href":"https:\/\/aconteceunovale.com.br\/portal\/index.php?rest_route=\/wp\/v2\/posts\/131275","targetHints":{"allow":["GET"]}}],"collection":[{"href":"https:\/\/aconteceunovale.com.br\/portal\/index.php?rest_route=\/wp\/v2\/posts"}],"about":[{"href":"https:\/\/aconteceunovale.com.br\/portal\/index.php?rest_route=\/wp\/v2\/types\/post"}],"author":[{"embeddable":true,"href":"https:\/\/aconteceunovale.com.br\/portal\/index.php?rest_route=\/wp\/v2\/users\/1"}],"replies":[{"embeddable":true,"href":"https:\/\/aconteceunovale.com.br\/portal\/index.php?rest_route=%2Fwp%2Fv2%2Fcomments&post=131275"}],"version-history":[{"count":0,"href":"https:\/\/aconteceunovale.com.br\/portal\/index.php?rest_route=\/wp\/v2\/posts\/131275\/revisions"}],"wp:featuredmedia":[{"embeddable":true,"href":"https:\/\/aconteceunovale.com.br\/portal\/index.php?rest_route=\/wp\/v2\/media\/131276"}],"wp:attachment":[{"href":"https:\/\/aconteceunovale.com.br\/portal\/index.php?rest_route=%2Fwp%2Fv2%2Fmedia&parent=131275"}],"wp:term":[{"taxonomy":"category","embeddable":true,"href":"https:\/\/aconteceunovale.com.br\/portal\/index.php?rest_route=%2Fwp%2Fv2%2Fcategories&post=131275"},{"taxonomy":"post_tag","embeddable":true,"href":"https:\/\/aconteceunovale.com.br\/portal\/index.php?rest_route=%2Fwp%2Fv2%2Ftags&post=131275"}],"curies":[{"name":"wp","href":"https:\/\/api.w.org\/{rel}","templated":true}]}}