{"id":131175,"date":"2018-04-26T00:24:21","date_gmt":"2018-04-26T02:24:21","guid":{"rendered":"http:\/\/aconteceunovale.com.br\/portal\/?p=131175"},"modified":"2018-04-26T00:24:21","modified_gmt":"2018-04-26T02:24:21","slug":"acidente-deixa-duas-pessoas-feridas-na-mgc-122-em-porteirinha","status":"publish","type":"post","link":"https:\/\/aconteceunovale.com.br\/portal\/?p=131175","title":{"rendered":"Acidente deixa duas pessoas feridas na MGC-122, em Porteirinha"},"content":{"rendered":"<p>Dois homens ficaram feridos em um acidente no in\u00edcio da tarde desta quarta-feira (25\/04\/2018) na MGC-122, em Porteirinha, no Norte de Minas. De acordo com a Pol\u00edcia Rodovi\u00e1ria Militar, as v\u00edtimas estavam em um carro que capotou e bateu em um barranco no km 133.<\/p>\n<p>O Samu esteve no local e socorreu o motorista, de 59 anos, e o passageiro, de 43, com suspeitas de fratura de t\u00f3rax. Eles foram levados ao hospital da cidade.<\/p>\n<p>O capotamento aconteceu por volta das 12h45 e a rodovia ficou parcialmente interditada por 40 minutos. Os militares registraram a ocorr\u00eancia e as causas do acidente ainda ser\u00e3o investigadas.<\/p>\n<p><img decoding=\"async\" src=\"http:\/\/aconteceunovale.com.br\/portal\/wp-content\/uploads\/2018\/04\/acidente_porteirinha.jpg\" alt=\"\" \/><em>Acidente ocorreu na MGC-122, em Porteirinha (Foto: Pol\u00edcia Militar\/Divulga\u00e7\u00e3o)<\/em><br \/>\n<\/br><\/p>\n<p><strong><\/p>\n<h4>Preso em Nova Porteirinha<\/h4>\n<p><\/strong><\/p>\n<p>Um foragido da Justi\u00e7a foi recapturado na tarde desta quarta-feira (25) em Nova Porteirinha, no Norte de Minas. De acordo com a Pol\u00edcia Militar, contra o homem, de 42 anos, havia um mandado de pris\u00e3o em aberto. O crime que ele cometeu n\u00e3o foi divulgado.<\/p>\n<p>O criminoso foi abordado na Rua Esp\u00edrito Santo, no Centro da cidade, e n\u00e3o tentou fugir. A pol\u00edcia chegou at\u00e9 ele depois de perceber que o foragido estava em atitude suspeita, por volta das 13h30. O preso foi levado para o pres\u00eddio de Jana\u00faba.<\/p>\n<p><strong>VER PRIMEIRO<\/strong><\/p>\n<p>Receba as not\u00edcias do Aconteceu no Vale em primeira m\u00e3o. Clique em curtir no endere\u00e7o <a href=\"https:\/\/www.facebook.com\/aconteceunovale\" target=\"_blank\"><font color=\"red\">www.facebook.com\/aconteceunovale<\/font><\/a> ou no box abaixo:<\/p>\n<div class=\"fb-like\" data-href=\"https:\/\/www.facebook.com\/aconteceunovale\" data-width=\"120\" data-layout=\"standard\" data-action=\"like\" data-size=\"small\" data-show-faces=\"true\" data-share=\"true\"><\/div>\n<p><\/br><\/p>\n<p><em>(Fonte: G1 Grande Minas)<\/em><\/p>\n","protected":false},"excerpt":{"rendered":"<p>Dois homens ficaram feridos em um acidente no in\u00edcio da tarde desta quarta-feira (25\/04\/2018) na MGC-122, em Porteirinha, no Norte de Minas. De acordo com a Pol\u00edcia Rodovi\u00e1ria Militar, as v\u00edtimas estavam em um carro que capotou e bateu em um barranco no km 133. O Samu esteve no local e socorreu o motorista, de [&hellip;]<\/p>\n","protected":false},"author":1,"featured_media":131176,"comment_status":"open","ping_status":"closed","sticky":false,"template":"","format":"standard","meta":{"amp_status":"","footnotes":""},"categories":[1236],"tags":[173348,173349,173351,48269,173347,173350,1805,1194,162846],"class_list":["post-131175","post","type-post","status-publish","format-standard","has-post-thumbnail","hentry","category-norte_de_minas","tag-acidente-com-carro-em-porteirinha","tag-acidente-deixa-duas-pessoas-feridas-na-mgc-122","tag-acidente-deixa-duas-pessoas-feridas-na-mgc-122-em-porteirinha","tag-acidente-em-porteirinha","tag-capotamento-de-carro-em-porteirinha","tag-em-porteirinha","tag-nova-porteirinha","tag-porteirinha","tag-preso-em-nova-porteirinha"],"_links":{"self":[{"href":"https:\/\/aconteceunovale.com.br\/portal\/index.php?rest_route=\/wp\/v2\/posts\/131175","targetHints":{"allow":["GET"]}}],"collection":[{"href":"https:\/\/aconteceunovale.com.br\/portal\/index.php?rest_route=\/wp\/v2\/posts"}],"about":[{"href":"https:\/\/aconteceunovale.com.br\/portal\/index.php?rest_route=\/wp\/v2\/types\/post"}],"author":[{"embeddable":true,"href":"https:\/\/aconteceunovale.com.br\/portal\/index.php?rest_route=\/wp\/v2\/users\/1"}],"replies":[{"embeddable":true,"href":"https:\/\/aconteceunovale.com.br\/portal\/index.php?rest_route=%2Fwp%2Fv2%2Fcomments&post=131175"}],"version-history":[{"count":0,"href":"https:\/\/aconteceunovale.com.br\/portal\/index.php?rest_route=\/wp\/v2\/posts\/131175\/revisions"}],"wp:featuredmedia":[{"embeddable":true,"href":"https:\/\/aconteceunovale.com.br\/portal\/index.php?rest_route=\/wp\/v2\/media\/131176"}],"wp:attachment":[{"href":"https:\/\/aconteceunovale.com.br\/portal\/index.php?rest_route=%2Fwp%2Fv2%2Fmedia&parent=131175"}],"wp:term":[{"taxonomy":"category","embeddable":true,"href":"https:\/\/aconteceunovale.com.br\/portal\/index.php?rest_route=%2Fwp%2Fv2%2Fcategories&post=131175"},{"taxonomy":"post_tag","embeddable":true,"href":"https:\/\/aconteceunovale.com.br\/portal\/index.php?rest_route=%2Fwp%2Fv2%2Ftags&post=131175"}],"curies":[{"name":"wp","href":"https:\/\/api.w.org\/{rel}","templated":true}]}}