{"id":131166,"date":"2018-04-25T23:44:18","date_gmt":"2018-04-26T01:44:18","guid":{"rendered":"http:\/\/aconteceunovale.com.br\/portal\/?p=131166"},"modified":"2018-04-25T23:44:18","modified_gmt":"2018-04-26T01:44:18","slug":"homem-esfaqueia-vizinho-em-governador-valadares","status":"publish","type":"post","link":"https:\/\/aconteceunovale.com.br\/portal\/?p=131166","title":{"rendered":"Homem esfaqueia vizinho em Governador Valadares"},"content":{"rendered":"<p>Um jovem de 19 anos ficou ferido ap\u00f3s ser atingido por uma facada no ombro na noite de ter\u00e7a-feira (24\/04\/2018), em Governador Valadares, no Vale do Rio Doce. Segundo a Pol\u00edcia Militar (PM), o crime foi cometido pelo vizinho, de 41, que acusou a v\u00edtima de ter furtado a casa dele.<\/p>\n<p>A v\u00edtima disse \u00e0 pol\u00edcia que o vizinho quebrou a janela da casa dele, chutou a porta, fez acusa\u00e7\u00f5es e ao entrar no im\u00f3vel, o agrediu com uma facada.<\/p>\n<p>O pai da v\u00edtima chegou ao local no momento do crime e conseguiu conter o autor. Um vizinho, que \u00e9 policial civil, ouviu gritos e auxiliou o pai do rapaz a deter o agressor.<\/p>\n<p>Ao ser preso, o homem negou que tivesse ido no im\u00f3vel com a inten\u00e7\u00e3o de matar o jovem e disse que agiu em leg\u00edtima defesa, pois o rapaz tentou agredi-lo ao ser acusado de furto.<\/p>\n<p>A faca utilizada no crime foi apreendida e encaminhada \u00e0 Delegacia Civil de Governador Valadares junto com o preso. O jovem foi socorrido e encaminhado para um hospital da cidade.<\/p>\n<p><strong><\/p>\n<h4>Flagrado com produtos furtados<\/h4>\n<p><\/strong><\/p>\n<p>Um homem de 33 anos foi preso nesta quarta-feira (25) ap\u00f3s ser flagrado em atitude suspeita por c\u00e2meras do sistema &#8220;Olho Vivo&#8221; transportando produtos roubados no Centro de Governador Valadares. De acordo com a Pol\u00edcia Militar, o autor estava pr\u00f3ximo de um viaduto na Avenida Minas Gerais carregando uma sacola com diversos materiais e aproximadamente 15 kg de carne. Todo o material foi furtado em uma casa na Rua Arthur Bernardes, no mesmo bairro.<\/p>\n<p>Ap\u00f3s ser abordado, o autor confessou aos policiais que pulou o muro da resid\u00eancia e furtou os produtos da casa. Os militares acompanharam o homem at\u00e9 o local e l\u00e1 constataram que o port\u00e3o eletr\u00f4nico da resid\u00eancia estava aberto. O dono da propriedade foi acionado e informou para a PM sobre os objetos levados.<\/p>\n<p>O autor ainda informou que entregou cerca de 20 kg de carne para dois adolescentes que o acompanhavam, mas se recusou a informar a identidade dos menores. O homem j\u00e1 possui passagens na pol\u00edcia por furto, roubo e estupro. Ele foi encaminhado para a delegacia, acompanhado dos objetos apreendidos.<\/p>\n<p><strong>VER PRIMEIRO<\/strong><\/p>\n<p>Receba as not\u00edcias do Aconteceu no Vale em primeira m\u00e3o. Clique em curtir no endere\u00e7o <a href=\"https:\/\/www.facebook.com\/aconteceunovale\" target=\"_blank\"><font color=\"red\">www.facebook.com\/aconteceunovale<\/font><\/a> ou no box abaixo:<\/p>\n<div class=\"fb-like\" data-href=\"https:\/\/www.facebook.com\/aconteceunovale\" data-width=\"120\" data-layout=\"standard\" data-action=\"like\" data-size=\"small\" data-show-faces=\"true\" data-share=\"true\"><\/div>\n<p><\/br><\/p>\n<p><em>(Fonte: G1 Vales)<\/em><\/p>\n","protected":false},"excerpt":{"rendered":"<p>Um jovem de 19 anos ficou ferido ap\u00f3s ser atingido por uma facada no ombro na noite de ter\u00e7a-feira (24\/04\/2018), em Governador Valadares, no Vale do Rio Doce. Segundo a Pol\u00edcia Militar (PM), o crime foi cometido pelo vizinho, de 41, que acusou a v\u00edtima de ter furtado a casa dele. A v\u00edtima disse \u00e0 [&hellip;]<\/p>\n","protected":false},"author":1,"featured_media":71442,"comment_status":"open","ping_status":"closed","sticky":false,"template":"","format":"standard","meta":{"amp_status":"","footnotes":""},"categories":[121],"tags":[173336,119394,247,173335,84595,173337,72300],"class_list":["post-131166","post","type-post","status-publish","format-standard","has-post-thumbnail","hentry","category-leste","tag-esfaqueado-em-governador-valadares","tag-furto-governador-valadares","tag-governador-valadares","tag-homem-esfaqueia-vizinho-em-governador-valadares","tag-preso-governador-valadares","tag-preso-por-roubo-em-governador-valadares","tag-tentativa-de-homicidio-em-governador-valadares"],"_links":{"self":[{"href":"https:\/\/aconteceunovale.com.br\/portal\/index.php?rest_route=\/wp\/v2\/posts\/131166","targetHints":{"allow":["GET"]}}],"collection":[{"href":"https:\/\/aconteceunovale.com.br\/portal\/index.php?rest_route=\/wp\/v2\/posts"}],"about":[{"href":"https:\/\/aconteceunovale.com.br\/portal\/index.php?rest_route=\/wp\/v2\/types\/post"}],"author":[{"embeddable":true,"href":"https:\/\/aconteceunovale.com.br\/portal\/index.php?rest_route=\/wp\/v2\/users\/1"}],"replies":[{"embeddable":true,"href":"https:\/\/aconteceunovale.com.br\/portal\/index.php?rest_route=%2Fwp%2Fv2%2Fcomments&post=131166"}],"version-history":[{"count":0,"href":"https:\/\/aconteceunovale.com.br\/portal\/index.php?rest_route=\/wp\/v2\/posts\/131166\/revisions"}],"wp:featuredmedia":[{"embeddable":true,"href":"https:\/\/aconteceunovale.com.br\/portal\/index.php?rest_route=\/wp\/v2\/media\/71442"}],"wp:attachment":[{"href":"https:\/\/aconteceunovale.com.br\/portal\/index.php?rest_route=%2Fwp%2Fv2%2Fmedia&parent=131166"}],"wp:term":[{"taxonomy":"category","embeddable":true,"href":"https:\/\/aconteceunovale.com.br\/portal\/index.php?rest_route=%2Fwp%2Fv2%2Fcategories&post=131166"},{"taxonomy":"post_tag","embeddable":true,"href":"https:\/\/aconteceunovale.com.br\/portal\/index.php?rest_route=%2Fwp%2Fv2%2Ftags&post=131166"}],"curies":[{"name":"wp","href":"https:\/\/api.w.org\/{rel}","templated":true}]}}