{"id":131163,"date":"2018-04-25T23:30:04","date_gmt":"2018-04-26T01:30:04","guid":{"rendered":"http:\/\/aconteceunovale.com.br\/portal\/?p=131163"},"modified":"2018-04-25T23:30:04","modified_gmt":"2018-04-26T01:30:04","slug":"prefeitura-de-coronel-fabriciano-oferece-225-vagas-na-area-da-educacao","status":"publish","type":"post","link":"https:\/\/aconteceunovale.com.br\/portal\/?p=131163","title":{"rendered":"Prefeitura de Coronel Fabriciano oferece 225 vagas na \u00e1rea da Educa\u00e7\u00e3o"},"content":{"rendered":"<p>A Prefeitura de Coronel Fabriciano, no Vale do A\u00e7o, est\u00e1 com inscri\u00e7\u00f5es abertas para processo seletivo para preenchimento de 225 vagas tempor\u00e1rias na \u00e1rea da educa\u00e7\u00e3o. As oportunidades s\u00e3o para n\u00edvel fundamental, m\u00e9dio e superior.<\/p>\n<p>As inscri\u00e7\u00f5es podem ser feitas at\u00e9 o dia 11 de maio <a href=\"http:\/\/www.ibgpconcursos.com.br\/\" target=\"_blank\">pela internet (http:\/\/www.ibgpconcursos.com.br\/)<\/a>. Os sal\u00e1rios variam de R$ 954 a R$ 3.254 para carga hor\u00e1ria de 20h a 40h semanais.<\/p>\n<p>Segundo o edital, o processo ser\u00e1 realizado em duas etapas. As provas objetivas ser\u00e3o aplicadas no dia 10 de junho com quest\u00f5es de m\u00faltipla escolha em car\u00e1ter classificat\u00f3rio e eliminat\u00f3rio. A segunda etapa \u00e9 composta de prova de t\u00edtulos que comprovem a experi\u00eancia do candidato, sendo de car\u00e1ter classificat\u00f3rio para todos os cargos de n\u00edvel superior.<\/p>\n<p><strong>Confira as vagas dispon\u00edveis: <\/strong><\/p>\n<div>\n<div>\n<table>\n<tbody>\n<tr>\n<td>N\u00edvel<\/td>\n<td>Cargo<\/td>\n<td>N\u00ba de vagas<\/td>\n<td>sal\u00e1rio<\/td>\n<\/tr>\n<tr>\n<td>Fundamental<\/td>\n<td>Auxiliar de servi\u00e7os da educa\u00e7\u00e3o; monitor de transporte escolar; motorista de ve\u00edculos pesados; vigilante<\/td>\n<td>60 vagas<\/td>\n<td>Varia entre R$ 954,00 e R$ 1.215,80<\/td>\n<\/tr>\n<tr>\n<td>M\u00e9dio<\/td>\n<td>Auxiliar t\u00e9cnico de educa\u00e7\u00e3o b; educador infantil; educador infantil; Instrutor de inform\u00e1tica; monitor de apoio a inf\u00e2ncia; monitor de apoio a pessoa com defici\u00eancia; secret\u00e1rio escolar b<\/td>\n<td>99 vagas<\/td>\n<td>Varia entre R$ 994,14 e R$ 2.991,89<\/td>\n<\/tr>\n<tr>\n<td>Superior<\/td>\n<td>Inspetor escolar; nutricionista; PEB A II &#8211; professor de ci\u00eancias da natureza &#8211; EJA e 6\u00ba ao 9\u00ba ano; PEB A II &#8211; professor de educa\u00e7\u00e3o b\u00e1sica &#8211; 1\u00ba ao 5\u00ba ano; PEB A II &#8211; professor de educa\u00e7\u00e3o f\u00edsica &#8211; EJA e 1\u00ba ao 9\u00ba ano; PEB A II &#8211; professor de ensino religioso &#8211; EJA e 6\u00ba ao 9\u00ba ano; PEB A II &#8211; professor de geografia &#8211; EJA e 6\u00ba ao 9\u00ba ano; PEB A II &#8211; professor de hist\u00f3ria &#8211; EJA e 6\u00ba ao 9\u00ba ano; PEB A II &#8211; professor de int\u00e9rprete de libras &#8211; EJA e 6\u00ba ao 9\u00ba ano<\/td>\n<td>66 vagas<\/td>\n<td>Varia entre R$ 1.795,14 e R$ 3.254,00<\/td>\n<\/tr>\n<\/tbody>\n<\/table>\n<\/div>\n<p><strong>VER PRIMEIRO<\/strong><\/p>\n<p>Receba as not\u00edcias do Aconteceu no Vale em primeira m\u00e3o. Clique em curtir no endere\u00e7o <a href=\"https:\/\/www.facebook.com\/aconteceunovale\" target=\"_blank\"><font color=\"red\">www.facebook.com\/aconteceunovale<\/font><\/a> ou no box abaixo:<\/p>\n<div class=\"fb-like\" data-href=\"https:\/\/www.facebook.com\/aconteceunovale\" data-width=\"120\" data-layout=\"standard\" data-action=\"like\" data-size=\"small\" data-show-faces=\"true\" data-share=\"true\"><\/div>\n<p><\/br><\/p>\n<p><em>(Fonte: G1 Vales)<\/em><\/p>\n","protected":false},"excerpt":{"rendered":"<p>A Prefeitura de Coronel Fabriciano, no Vale do A\u00e7o, est\u00e1 com inscri\u00e7\u00f5es abertas para processo seletivo para preenchimento de 225 vagas tempor\u00e1rias na \u00e1rea da educa\u00e7\u00e3o. As oportunidades s\u00e3o para n\u00edvel fundamental, m\u00e9dio e superior. As inscri\u00e7\u00f5es podem ser feitas at\u00e9 o dia 11 de maio pela internet (http:\/\/www.ibgpconcursos.com.br\/). Os sal\u00e1rios variam de R$ 954 [&hellip;]<\/p>\n","protected":false},"author":1,"featured_media":131164,"comment_status":"open","ping_status":"closed","sticky":false,"template":"","format":"standard","meta":{"amp_status":"","footnotes":""},"categories":[40237,40236,121],"tags":[173332,173333,173330,137210,173334,173331,173329],"class_list":["post-131163","post","type-post","status-publish","format-standard","has-post-thumbnail","hentry","category-concursos","category-empregos-2","category-leste","tag-concurso-prefeitura-de-coronel-fabriciano","tag-edital-processo-seletivo-prefeitura-de-coronel-fabriciano","tag-emprego-prefeitura-de-coronel-fabriciano","tag-prefeitura-de-coronel-fabriciano","tag-prefeitura-de-coronel-fabriciano-oferece-225-vagas-na-area-da-educacao","tag-processo-seletivo-prefeitura-de-coronel-fabriciano","tag-vagas-prefeitura-de-coronel-fabriciano"],"_links":{"self":[{"href":"https:\/\/aconteceunovale.com.br\/portal\/index.php?rest_route=\/wp\/v2\/posts\/131163","targetHints":{"allow":["GET"]}}],"collection":[{"href":"https:\/\/aconteceunovale.com.br\/portal\/index.php?rest_route=\/wp\/v2\/posts"}],"about":[{"href":"https:\/\/aconteceunovale.com.br\/portal\/index.php?rest_route=\/wp\/v2\/types\/post"}],"author":[{"embeddable":true,"href":"https:\/\/aconteceunovale.com.br\/portal\/index.php?rest_route=\/wp\/v2\/users\/1"}],"replies":[{"embeddable":true,"href":"https:\/\/aconteceunovale.com.br\/portal\/index.php?rest_route=%2Fwp%2Fv2%2Fcomments&post=131163"}],"version-history":[{"count":0,"href":"https:\/\/aconteceunovale.com.br\/portal\/index.php?rest_route=\/wp\/v2\/posts\/131163\/revisions"}],"wp:featuredmedia":[{"embeddable":true,"href":"https:\/\/aconteceunovale.com.br\/portal\/index.php?rest_route=\/wp\/v2\/media\/131164"}],"wp:attachment":[{"href":"https:\/\/aconteceunovale.com.br\/portal\/index.php?rest_route=%2Fwp%2Fv2%2Fmedia&parent=131163"}],"wp:term":[{"taxonomy":"category","embeddable":true,"href":"https:\/\/aconteceunovale.com.br\/portal\/index.php?rest_route=%2Fwp%2Fv2%2Fcategories&post=131163"},{"taxonomy":"post_tag","embeddable":true,"href":"https:\/\/aconteceunovale.com.br\/portal\/index.php?rest_route=%2Fwp%2Fv2%2Ftags&post=131163"}],"curies":[{"name":"wp","href":"https:\/\/api.w.org\/{rel}","templated":true}]}}