{"id":131140,"date":"2018-04-25T18:51:41","date_gmt":"2018-04-25T20:51:41","guid":{"rendered":"http:\/\/aconteceunovale.com.br\/portal\/?p=131140"},"modified":"2018-04-25T18:51:41","modified_gmt":"2018-04-25T20:51:41","slug":"julgamento-sobre-prisao-de-lula-no-stf-sera-iniciado-no-dia-4-de-maio","status":"publish","type":"post","link":"https:\/\/aconteceunovale.com.br\/portal\/?p=131140","title":{"rendered":"Julgamento sobre pris\u00e3o de Lula no STF ser\u00e1 iniciado no dia 4 de maio"},"content":{"rendered":"<p>O julgamento virtual que vai analisar o recurso do ex-presidente Luiz In\u00e1cio Lula da Silva no Supremo Tribunal Federal (STF) para deixar a pris\u00e3o ser\u00e1 iniciado no dia 4 de maio. Na a\u00e7\u00e3o, a defesa de Lula pretende derrubar a decis\u00e3o do juiz federal S\u00e9rgio Moro, que determinou a execu\u00e7\u00e3o provis\u00f3ria da pena de 12 anos de pris\u00e3o na a\u00e7\u00e3o penal do tr\u00edplex do Guaruj\u00e1 (SP). No in\u00edcio da semana, o relator do caso, ministro Edson Fachin\u00a0determinou que o recurso seja julgado eletronicamente.<\/p>\n<p>A partir das 18h do dia 4 maio, ser\u00e1 aberto um prazo de uma semana que os ministros da Segunda Turma entrem no sistema e possam proferir seus votos. Encerrado o prazo, \u00e0 meia-noite do dia 10 de maio, o resultado do julgamento ser\u00e1 publicado. Dessa forma, n\u00e3o haver\u00e1 reuni\u00e3o presencial para julgar o caso. Caso todos os ministros do colegiado insiram seus votos antes do dia 10, o resultado poder\u00e1 ser divulgado antes do fim do prazo.<\/p>\n<p>Em geral, o julgamento virtual \u00e9 usado para decis\u00f5es que n\u00e3o t\u00eam grande repercuss\u00e3o e que possuem jurisprud\u00eancia pac\u00edfica. No entanto, a medida de Fachin foi entendida dentro do tribunal como uma forma de ganhar tempo. A maioria dos integrantes da Segunda Turma \u00e9 contra o entendimento que autoriza a pris\u00e3o ap\u00f3s a segunda inst\u00e2ncia da Justi\u00e7a.<\/p>\n<p>Com a exce\u00e7\u00e3o de Fachin, os ministros Gilmar Mendes, Celso de Mello, Ricardo Lewandowski e Dias Toffoli se manifestaram contra a medida em outros julgamentos sobre o mesmo tema, inclusive no\u00a0<em>habeas corpus<\/em> em que a Corte negou pedido de Lula para n\u00e3o ser preso, no in\u00edcio do m\u00eas.<\/p>\n<p>Na reclama\u00e7\u00e3o, a defesa de Lula sustenta que Moro n\u00e3o poderia ter executado a pena porque n\u00e3o houve esgotamento dos recursos no Tribunal Regional Federal da 4\u00aa Regi\u00e3o (TRF), segunda inst\u00e2ncia da Justi\u00e7a Federal. Para os advogados, a decis\u00e3o do Supremo que autorizou as pris\u00f5es ap\u00f3s segunda inst\u00e2ncia, em 2016, deve ser aplicada somente ap\u00f3s o tr\u00e2nsito em julgado no TRF4. Os advogados tamb\u00e9m pedem que o ex-presidente possa aguardar em liberdade o fim de todos os recursos poss\u00edveis na Justi\u00e7a.<\/p>\n<p><strong>VER PRIMEIRO<\/strong><\/p>\n<p>Receba as not\u00edcias do Aconteceu no Vale em primeira m\u00e3o. Clique em curtir no endere\u00e7o <a href=\"https:\/\/www.facebook.com\/aconteceunovale\" target=\"_blank\"><font color=\"red\">www.facebook.com\/aconteceunovale<\/font><\/a> ou no box abaixo:<\/p>\n<div class=\"fb-like\" data-href=\"https:\/\/www.facebook.com\/aconteceunovale\" data-width=\"120\" data-layout=\"standard\" data-action=\"like\" data-size=\"small\" data-show-faces=\"true\" data-share=\"true\"><\/div>\n<p><\/br><\/p>\n<p><em>(Fonte: Ag\u00eancia Brasil)<\/em><\/p>\n","protected":false},"excerpt":{"rendered":"<p>O julgamento virtual que vai analisar o recurso do ex-presidente Luiz In\u00e1cio Lula da Silva no Supremo Tribunal Federal (STF) para deixar a pris\u00e3o ser\u00e1 iniciado no dia 4 de maio. Na a\u00e7\u00e3o, a defesa de Lula pretende derrubar a decis\u00e3o do juiz federal S\u00e9rgio Moro, que determinou a execu\u00e7\u00e3o provis\u00f3ria da pena de 12 [&hellip;]<\/p>\n","protected":false},"author":1,"featured_media":130462,"comment_status":"open","ping_status":"closed","sticky":false,"template":"","format":"standard","meta":{"amp_status":"","footnotes":""},"categories":[6,40240],"tags":[82255,145590,173294,173296,14124,7147,125620,171927,172482,173020,82550,112708,173295,35052,28511],"class_list":["post-131140","post","type-post","status-publish","format-standard","has-post-thumbnail","hentry","category-br","category-politica-2","tag-ex-presidente-lula","tag-fachin","tag-julgamento-ex-presidente-lula","tag-julgamento-sobre-prisao-de-lula-no-stf-sera-iniciado-no-dia-4-de-maio","tag-luiz-inacio-lula-da-silva","tag-lula","tag-prisao-em-segunda-instancia","tag-prisao-ex-presidente-luiz-inacio-lula-da-silva","tag-prisao-ex-presidente-lula","tag-prisao-luiz-inacio-lula-da-silva","tag-processo-ex-presidente-lula","tag-processo-luiz-inacio-lula-da-silva","tag-segunda-turma","tag-sergio-moro","tag-stf"],"_links":{"self":[{"href":"https:\/\/aconteceunovale.com.br\/portal\/index.php?rest_route=\/wp\/v2\/posts\/131140","targetHints":{"allow":["GET"]}}],"collection":[{"href":"https:\/\/aconteceunovale.com.br\/portal\/index.php?rest_route=\/wp\/v2\/posts"}],"about":[{"href":"https:\/\/aconteceunovale.com.br\/portal\/index.php?rest_route=\/wp\/v2\/types\/post"}],"author":[{"embeddable":true,"href":"https:\/\/aconteceunovale.com.br\/portal\/index.php?rest_route=\/wp\/v2\/users\/1"}],"replies":[{"embeddable":true,"href":"https:\/\/aconteceunovale.com.br\/portal\/index.php?rest_route=%2Fwp%2Fv2%2Fcomments&post=131140"}],"version-history":[{"count":0,"href":"https:\/\/aconteceunovale.com.br\/portal\/index.php?rest_route=\/wp\/v2\/posts\/131140\/revisions"}],"wp:featuredmedia":[{"embeddable":true,"href":"https:\/\/aconteceunovale.com.br\/portal\/index.php?rest_route=\/wp\/v2\/media\/130462"}],"wp:attachment":[{"href":"https:\/\/aconteceunovale.com.br\/portal\/index.php?rest_route=%2Fwp%2Fv2%2Fmedia&parent=131140"}],"wp:term":[{"taxonomy":"category","embeddable":true,"href":"https:\/\/aconteceunovale.com.br\/portal\/index.php?rest_route=%2Fwp%2Fv2%2Fcategories&post=131140"},{"taxonomy":"post_tag","embeddable":true,"href":"https:\/\/aconteceunovale.com.br\/portal\/index.php?rest_route=%2Fwp%2Fv2%2Ftags&post=131140"}],"curies":[{"name":"wp","href":"https:\/\/api.w.org\/{rel}","templated":true}]}}