{"id":131084,"date":"2018-04-23T23:04:00","date_gmt":"2018-04-24T01:04:00","guid":{"rendered":"http:\/\/aconteceunovale.com.br\/portal\/?p=131084"},"modified":"2018-04-23T23:04:00","modified_gmt":"2018-04-24T01:04:00","slug":"atleta-montes-clarense-e-campeao-mundial-parajiu-jitsu","status":"publish","type":"post","link":"https:\/\/aconteceunovale.com.br\/portal\/?p=131084","title":{"rendered":"Atleta montes-clarense \u00e9 campe\u00e3o mundial parajiu-j\u00edtsu"},"content":{"rendered":"<p>Farley Milioni se tornou campe\u00e3o mundial de parajiu-j\u00edtsu na tarde de s\u00e1bado, 21 de abril de 2018, durante torneio em Abu Dhabi, nos Emirados \u00c1rabes. O atleta montes-clarense, de 30 anos, disputou a categoria &#8220;Classe C&#8221;, derrotando um japon\u00eas e um americano. A conquista foi v\u00e1lida pela temporada 2017-2018.<\/p>\n<p>A conquista impulsiona ainda mais a trajet\u00f3ria de Farley no esporte. Para o restante do ano, ele j\u00e1 tem v\u00e1rios compromissos. O primeiro deles ser\u00e1 em Gramado, no Rio Grande do Sul, nos dias 26 e 27 de maio. Entre competi\u00e7\u00f5es estaduais e regionais, o atleta tamb\u00e9m se prepara para outros dois torneios internacionais em 2018, em T\u00f3quio em julho e Los Angeles em setembro.<\/p>\n<p><img decoding=\"async\" src=\"http:\/\/aconteceunovale.com.br\/portal\/wp-content\/uploads\/2018\/04\/farley_campeao_1.jpeg\" alt=\"\" \/><em>Atleta montes-clarense sagrou-se campe\u00e3o mundial (Foto: Divulga\u00e7\u00e3o)<\/em><br \/>\n<\/br><\/p>\n<p><img decoding=\"async\" src=\"http:\/\/aconteceunovale.com.br\/portal\/wp-content\/uploads\/2018\/04\/farley_campeao_2.jpeg\" alt=\"\" \/><em>Atleta durante torneio nos Emirados \u00c1rabes (Foto: Divulga\u00e7\u00e3o)<\/em><br \/>\n<\/br><\/p>\n<p><strong>VER PRIMEIRO<\/strong><\/p>\n<p>Receba as not\u00edcias do Aconteceu no Vale em primeira m\u00e3o. Clique em curtir no endere\u00e7o <a href=\"https:\/\/www.facebook.com\/aconteceunovale\" target=\"_blank\"><font color=\"red\">www.facebook.com\/aconteceunovale<\/font><\/a> ou no box abaixo:<\/p>\n<div class=\"fb-like\" data-href=\"https:\/\/www.facebook.com\/aconteceunovale\" data-width=\"120\" data-layout=\"standard\" data-action=\"like\" data-size=\"small\" data-show-faces=\"true\" data-share=\"true\"><\/div>\n<p><\/br><\/p>\n<p><em>(Fonte: Globo Esporte \/ G1)<\/em><\/p>\n","protected":false},"excerpt":{"rendered":"<p>Farley Milioni se tornou campe\u00e3o mundial de parajiu-j\u00edtsu na tarde de s\u00e1bado, 21 de abril de 2018, durante torneio em Abu Dhabi, nos Emirados \u00c1rabes. O atleta montes-clarense, de 30 anos, disputou a categoria &#8220;Classe C&#8221;, derrotando um japon\u00eas e um americano. A conquista foi v\u00e1lida pela temporada 2017-2018. A conquista impulsiona ainda mais a [&hellip;]<\/p>\n","protected":false},"author":1,"featured_media":131085,"comment_status":"open","ping_status":"closed","sticky":false,"template":"","format":"standard","meta":{"amp_status":"","footnotes":""},"categories":[59,28848,1236],"tags":[35752,173227,173225,142576,173223,173224,173226],"class_list":["post-131084","post","type-post","status-publish","format-standard","has-post-thumbnail","hentry","category-sports","category-mundo","category-norte_de_minas","tag-abu-dhabi","tag-atleta-montes-clarense-e-campeao-mundial-parajiu-jitsu","tag-campeao-mundial-de-parajiu-jitsu","tag-emirados-arabes","tag-farley-milioni","tag-farley-milioni-e-campeao-mundial-de-parajiu-jitsu","tag-parajiu-jitsu"],"_links":{"self":[{"href":"https:\/\/aconteceunovale.com.br\/portal\/index.php?rest_route=\/wp\/v2\/posts\/131084","targetHints":{"allow":["GET"]}}],"collection":[{"href":"https:\/\/aconteceunovale.com.br\/portal\/index.php?rest_route=\/wp\/v2\/posts"}],"about":[{"href":"https:\/\/aconteceunovale.com.br\/portal\/index.php?rest_route=\/wp\/v2\/types\/post"}],"author":[{"embeddable":true,"href":"https:\/\/aconteceunovale.com.br\/portal\/index.php?rest_route=\/wp\/v2\/users\/1"}],"replies":[{"embeddable":true,"href":"https:\/\/aconteceunovale.com.br\/portal\/index.php?rest_route=%2Fwp%2Fv2%2Fcomments&post=131084"}],"version-history":[{"count":0,"href":"https:\/\/aconteceunovale.com.br\/portal\/index.php?rest_route=\/wp\/v2\/posts\/131084\/revisions"}],"wp:featuredmedia":[{"embeddable":true,"href":"https:\/\/aconteceunovale.com.br\/portal\/index.php?rest_route=\/wp\/v2\/media\/131085"}],"wp:attachment":[{"href":"https:\/\/aconteceunovale.com.br\/portal\/index.php?rest_route=%2Fwp%2Fv2%2Fmedia&parent=131084"}],"wp:term":[{"taxonomy":"category","embeddable":true,"href":"https:\/\/aconteceunovale.com.br\/portal\/index.php?rest_route=%2Fwp%2Fv2%2Fcategories&post=131084"},{"taxonomy":"post_tag","embeddable":true,"href":"https:\/\/aconteceunovale.com.br\/portal\/index.php?rest_route=%2Fwp%2Fv2%2Ftags&post=131084"}],"curies":[{"name":"wp","href":"https:\/\/api.w.org\/{rel}","templated":true}]}}