{"id":131081,"date":"2018-04-23T21:44:46","date_gmt":"2018-04-23T23:44:46","guid":{"rendered":"http:\/\/aconteceunovale.com.br\/portal\/?p=131081"},"modified":"2018-04-23T21:44:46","modified_gmt":"2018-04-23T23:44:46","slug":"fomos-acusados-sem-provas-afirma-bispo-preso-em-goias","status":"publish","type":"post","link":"https:\/\/aconteceunovale.com.br\/portal\/?p=131081","title":{"rendered":"Fomos acusados sem provas, afirma bispo preso em Goi\u00e1s"},"content":{"rendered":"<p>Foram 30 dias de pris\u00e3o, a tristeza de n\u00e3o celebrar a missa, a rotina sem no\u00e7\u00e3o de tempo, a m\u00e1goa de sofrer acusa\u00e7\u00f5es para ele injustas e, acima de tudo, humilha\u00e7\u00f5es que considera impens\u00e1veis, como as duas vezes em que foi obrigado a ficar quase nu, s\u00f3 de cueca, para a revista aos presos.<\/p>\n<p>Acusado de desvio de R$ 2 milh\u00f5es de recursos das 33 par\u00f3quias da diocese de Formosa (GO), d. Jos\u00e9 Ronaldo Ribeiro, de 61 anos, foi solto na ter\u00e7a-feira e reuniu parentes e colaboradores na capela improvisada da resid\u00eancia episcopal, de 15 m\u00b2, para agradecer a Deus estar de volta para junto do rebanho &#8211; cerca de 400 mil pessoas, em 23 munic\u00edpios. &#8220;Fomos massacrados, acusados sem provas, com um m\u00e9todo absurdo de condenar, prender e apurar&#8221;, disse d. Ronaldo em entrevista ao jornal O Estado de S. Paulo, a primeira desde a pris\u00e3o.<\/p>\n<p>Ao seu lado estava outro acusado, o padre Thiago Wenceslau, juiz eclesi\u00e1stico com doutorado na Pontif\u00edcia Universidade Lateranense, em Roma, que chegou a Formosa em um domingo e foi preso na manh\u00e3 seguinte, acusado de agir com o bispo.<\/p>\n<p>Padre Thiago chorou o tempo todo na missa na capelinha particular. Fez cinco dias de jejum, em sinal de protesto contra a pris\u00e3o, e foi o \u00faltimo a ser libertado, 24 horas ap\u00f3s a soltura de d. Ronaldo, um monsenhor, tr\u00eas padres e dois empres\u00e1rios presos na Opera\u00e7\u00e3o Caif\u00e1s, sob acusa\u00e7\u00e3o de falsidade ideol\u00f3gica e desvio de dinheiro das par\u00f3quias.<\/p>\n<p>D. Ronaldo saiu direto do pres\u00eddio para a resid\u00eancia episcopal, em vez de se hospedar na Casa do Clero, para padres doentes e idosos, conforme lhe aconselharam. &#8220;Vim para c\u00e1, porque esta \u00e9 minha morada. Eu ainda sou o bispo de Formosa, embora afastado&#8221;, afirma. Mas quem decidir\u00e1 onde ele deve ficar \u00e9 o administrador apost\u00f3lico, d. Paulo Mendes Peixoto, arcebispo de Uberaba (MG), designado pelo papa Francisco para dirigir a diocese na aus\u00eancia do titular. Ele deixou a Assembleia-Geral da Confer\u00eancia Nacional dos Bispos do Brasil, em Aparecida (SP), para passar o fim de semana em Formosa. Viajou a conselho do n\u00fancio apost\u00f3lico, d. Giovanni D&#8217;Aniello, para confortar d. Ronaldo.<\/p>\n<p>O bispo de Formosa permanecer\u00e1 fora do cargo at\u00e9 a defini\u00e7\u00e3o de sua situa\u00e7\u00e3o na Justi\u00e7a. Se for absolvido e o papa permitir, pretende retomar suas fun\u00e7\u00f5es, embora admita reavaliar a inten\u00e7\u00e3o. Depende da aceita\u00e7\u00e3o dos fi\u00e9is, at\u00e9 agora aparentemente sem fissuras. Mesmo com as pris\u00f5es, as missas de domingo continuaram cheias. &#8220;\u00c9 evidente que, se muitas pessoas me apoiam com sua solidariedade, h\u00e1 tamb\u00e9m um pequeno grupo que pretende me afastar, por discordar de meu estilo e de minha orienta\u00e7\u00e3o pastoral.&#8221;<\/p>\n<p>Ele se refere aos padres que, na sua avalia\u00e7\u00e3o, armaram as den\u00fancias para se livrar dele. &#8220;\u00c9 um grupo articulado que armou esse esquema h\u00e1 anos, desde minha passagem pela Diocese de Jana\u00faba (MG), de onde fui transferido para Formosa em 2014.&#8221; Segundo o bispo, a arma\u00e7\u00e3o come\u00e7ou quando ele levou para Jana\u00faba ex-dependentes de drogas de quem cuidava no trabalho pastoral. Disse que, para ajud\u00e1-los, sua conta ficou negativa.<\/p>\n<p><img decoding=\"async\" src=\"http:\/\/aconteceunovale.com.br\/portal\/wp-content\/uploads\/2018\/04\/bispo_mg.jpg\" alt=\"\" \/><em>Dom Jos\u00e9 Ronaldo Ribeiro, de 61 anos (Foto: Diocese de Formosa\/Divulga\u00e7\u00e3o)<\/em><br \/>\n<\/br><\/p>\n<p><strong>Fazenda e lot\u00e9rica<\/strong><\/p>\n<p>Na acusa\u00e7\u00e3o do Minist\u00e9rio P\u00fablico de Goi\u00e1s, d. Ronaldo \u00e9 citado como chefe de um grupo que teria desviado mais de R$ 2 milh\u00f5es do d\u00edzimo ofertado \u00e0s par\u00f3quias, segundo den\u00fancia assinada por 30 de seus diocesanos. O dinheiro teria comprado uma fazenda de cria\u00e7\u00e3o de gado e uma lot\u00e9rica. &#8220;Sou inocente, tenho certeza de que nada fiz de errado&#8221;, afirma. Segundo ele, quem fez a compra foi padre Moacyr Santana, com recursos pr\u00f3prios, o que n\u00e3o caracterizaria crime.<\/p>\n<p>O administrador apost\u00f3lico, d. Paulo Peixoto, que est\u00e1 investigando as den\u00fancias, diz que, at\u00e9 o momento, parece n\u00e3o ter havido irregularidades. Os bispos do Regional Centro-Oeste, que compreende as dioceses de Goi\u00e1s e Distrito Federal, viajar\u00e3o a Formosa, nas pr\u00f3ximas semanas, para levar conforto e solidariedade a d. Ronaldo e aos demais acusados.<\/p>\n<p>Como a Justi\u00e7a imp\u00f4s medidas cautelares, d. Ronaldo est\u00e1 proibido de sair de Formosa e foi obrigado a entregar o passaporte. &#8220;Disseram que eu pretendia fugir do Pa\u00eds porque preparava uma viagem a Roma para participar de uma reuni\u00e3o do Movimento Neocatecumenal&#8221;, diz. Acolhido ao sair da pris\u00e3o pela m\u00e3e, dona Nilda, de 90 anos, e por alguns de seus irm\u00e3os, ele tem tido a assist\u00eancia de parentes e amigos, que lhe fazem companhia e se oferecem para cozinhar.<\/p>\n<p><strong>Den\u00fancia<\/strong><\/p>\n<p>O promotor Douglas Chegury afirma que a investiga\u00e7\u00e3o toma por base den\u00fancia de um grupo de 30 fi\u00e9is. &#8220;Mandaram informa\u00e7\u00f5es por escrito, em um documento assinado, apontando supostas irregularidades que haviam identificado.&#8221; Ele destacou que as provas coletadas no processo, desde 2017, eram suficientes para pedir a pris\u00e3o preventiva. &#8220;Houve oculta\u00e7\u00e3o de provas e a intimida\u00e7\u00e3o de testemunhas.&#8221; As informa\u00e7\u00f5es s\u00e3o do jornal O Estado de S. Paulo. <\/p>\n<p><strong>VER PRIMEIRO<\/strong><\/p>\n<p>Receba as not\u00edcias do Aconteceu no Vale em primeira m\u00e3o. Clique em curtir no endere\u00e7o <a href=\"https:\/\/www.facebook.com\/aconteceunovale\" target=\"_blank\"><font color=\"red\">www.facebook.com\/aconteceunovale<\/font><\/a> ou no box abaixo:<\/p>\n<div class=\"fb-like\" data-href=\"https:\/\/www.facebook.com\/aconteceunovale\" data-width=\"120\" data-layout=\"standard\" data-action=\"like\" data-size=\"small\" data-show-faces=\"true\" data-share=\"true\"><\/div>\n<p><\/br><\/p>\n<p><em>(Fonte: Ag\u00eancia Estado, via Estado de Minas)<\/em><\/p>\n","protected":false},"excerpt":{"rendered":"<p>Foram 30 dias de pris\u00e3o, a tristeza de n\u00e3o celebrar a missa, a rotina sem no\u00e7\u00e3o de tempo, a m\u00e1goa de sofrer acusa\u00e7\u00f5es para ele injustas e, acima de tudo, humilha\u00e7\u00f5es que considera impens\u00e1veis, como as duas vezes em que foi obrigado a ficar quase nu, s\u00f3 de cueca, para a revista aos presos. Acusado [&hellip;]<\/p>\n","protected":false},"author":1,"featured_media":131082,"comment_status":"open","ping_status":"closed","sticky":false,"template":"","format":"standard","meta":{"amp_status":"","footnotes":""},"categories":[6,123],"tags":[173222,171063,170964,170966,171062,163508,170957,170956,170962,170965,170961,170960,173221,20499,204,171014,157513,157514,170953,170954,170955,170963,8262,83118,171015,170958,170959,220],"class_list":["post-131081","post","type-post","status-publish","format-standard","has-post-thumbnail","hentry","category-br","category-gerais","tag-afirma-bispo-preso-em-goias","tag-apontam-investigacoes","tag-bispo-de-formosa","tag-bispo-e-padres-sao-presos-em-operacao-que-investiga-desvio-de-r-2-milhoes-da-igreja-catolica","tag-bispo-mineiro-e-padres-compraram-fazenda-e-casa-loterica-com-dinheiro-desviado-do-dizimo","tag-desvio-de-recursos","tag-desvio-paroquias-goias","tag-diocese-de-formosa","tag-diocese-de-goias","tag-dom-jose-ronaldo","tag-douglas-chegury","tag-fernanda-balbinot","tag-fomos-acusados-sem-provas","tag-formosa","tag-janauba","tag-jose-ronaldo-ribeiro","tag-ministerio-publico-de-goias","tag-mpgo","tag-operacao-caifas","tag-padres-investigados-na-operacao-caifas","tag-padres-operacao-caifas","tag-padres-sao-investigados-por-desvio-r-2-milhoes-em-goias","tag-planaltina","tag-posse","tag-prisao-de-bispo-mineiro-surpreende-entidade-catolica","tag-roubo-padres-formosa","tag-roubo-padres-goias","tag-uberaba"],"_links":{"self":[{"href":"https:\/\/aconteceunovale.com.br\/portal\/index.php?rest_route=\/wp\/v2\/posts\/131081","targetHints":{"allow":["GET"]}}],"collection":[{"href":"https:\/\/aconteceunovale.com.br\/portal\/index.php?rest_route=\/wp\/v2\/posts"}],"about":[{"href":"https:\/\/aconteceunovale.com.br\/portal\/index.php?rest_route=\/wp\/v2\/types\/post"}],"author":[{"embeddable":true,"href":"https:\/\/aconteceunovale.com.br\/portal\/index.php?rest_route=\/wp\/v2\/users\/1"}],"replies":[{"embeddable":true,"href":"https:\/\/aconteceunovale.com.br\/portal\/index.php?rest_route=%2Fwp%2Fv2%2Fcomments&post=131081"}],"version-history":[{"count":0,"href":"https:\/\/aconteceunovale.com.br\/portal\/index.php?rest_route=\/wp\/v2\/posts\/131081\/revisions"}],"wp:featuredmedia":[{"embeddable":true,"href":"https:\/\/aconteceunovale.com.br\/portal\/index.php?rest_route=\/wp\/v2\/media\/131082"}],"wp:attachment":[{"href":"https:\/\/aconteceunovale.com.br\/portal\/index.php?rest_route=%2Fwp%2Fv2%2Fmedia&parent=131081"}],"wp:term":[{"taxonomy":"category","embeddable":true,"href":"https:\/\/aconteceunovale.com.br\/portal\/index.php?rest_route=%2Fwp%2Fv2%2Fcategories&post=131081"},{"taxonomy":"post_tag","embeddable":true,"href":"https:\/\/aconteceunovale.com.br\/portal\/index.php?rest_route=%2Fwp%2Fv2%2Ftags&post=131081"}],"curies":[{"name":"wp","href":"https:\/\/api.w.org\/{rel}","templated":true}]}}