{"id":131078,"date":"2018-04-23T21:15:21","date_gmt":"2018-04-23T23:15:21","guid":{"rendered":"http:\/\/aconteceunovale.com.br\/portal\/?p=131078"},"modified":"2018-04-23T21:15:21","modified_gmt":"2018-04-23T23:15:21","slug":"inscricoes-abertas-para-selecao-de-estagiarios-do-mpf-em-15-municipios-mineiros","status":"publish","type":"post","link":"https:\/\/aconteceunovale.com.br\/portal\/?p=131078","title":{"rendered":"Inscri\u00e7\u00f5es abertas para sele\u00e7\u00e3o de estagi\u00e1rios do MPF em 15 munic\u00edpios mineiros"},"content":{"rendered":"<p>Est\u00e3o abertas entre os dias 23 de abril e 07 de maio as inscri\u00e7\u00f5es para o processo seletivo de est\u00e1gio do MPF. O concurso est\u00e1 previsto para ser realizado em maio de 2018.<\/p>\n<p>Em Belo Horizonte, as vagas s\u00e3o para estudantes de Direito, Engenharia civil, Administra\u00e7\u00e3o, Ci\u00eancias Cont\u00e1beis, Tecnologia da Informa\u00e7\u00e3o e Comunica\u00e7\u00e3o Social. Tamb\u00e9m h\u00e1 vagas para estudantes de Direito em outros 14 munic\u00edpios: Governador Valadares, Ipatinga, Juiz de Fora, Manhua\u00e7u, Montes Claros, Paracatu, Passos, Pouso Alegre, S\u00e3o Jo\u00e3o del-Rei, Sete Lagoas, Te\u00f3filo Otoni, Uberaba, Varginha e Vi\u00e7osa.<\/p>\n<p>Os estagi\u00e1rios do MPF cumprem carga hor\u00e1ria de quatro horas di\u00e1rias e recebem bolsa de R$ 850,00, mais aux\u00edlio-transporte no valor de R$ 7,00 por dia trabalhado. Os estagi\u00e1rios tamb\u00e9m t\u00eam direito a recesso remunerado de 30 dias anuais, sempre que o per\u00edodo de dura\u00e7\u00e3o do est\u00e1gio for igual ou superior a 1 ano.<\/p>\n<p>Somente podem participar da sele\u00e7\u00e3o estudantes matriculados em institui\u00e7\u00f5es de ensino superior autorizadas pelo Minist\u00e9rio da Educa\u00e7\u00e3o (MEC) e conveniadas com o MPF. Al\u00e9m disso, o aluno deve ter cursado, pelo menos, 40% da carga hor\u00e1ria ou dos cr\u00e9ditos necess\u00e1rios para conclus\u00e3o do curso superior quando for selecionado para o in\u00edcio do est\u00e1gio. Estudantes que terminam a gradua\u00e7\u00e3o neste primeiro semestre de 2018 n\u00e3o poder\u00e3o participar da sele\u00e7\u00e3o.<\/p>\n<p>O concurso tamb\u00e9m prev\u00ea reserva de 10% das vagas \u00e0s pessoas com defici\u00eancia e de 10% pelo Sistema de Cotas para Minorias \u00c9tnico-Raciais.<\/p>\n<p>A pr\u00e9-inscri\u00e7\u00e3o deve ser feita pelo site do MPF. Ap\u00f3s receber a confirma\u00e7\u00e3o da inscri\u00e7\u00e3o, o candidato deve comparecer \u00e0 sede da respectiva unidade do Minist\u00e9rio P\u00fablico Federal nas unidades do interior para apresentar a documenta\u00e7\u00e3o e na unidade de Belo Horizonte, encaminhar e-mail com a documenta\u00e7\u00e3o.<\/p>\n<p>Para acessar a p\u00e1gina de inscri\u00e7\u00f5es, clique\u00a0<span style=\"color: #ff0000;\"><a href=\"http:\/\/www.mpf.mp.br\/mg\/estagie-conosco\" target=\"_blank\"><span style=\"color: #ff0000;\">aqui<\/span><\/a><\/span>.<\/p>\n<p><strong>VER PRIMEIRO<\/strong><\/p>\n<p>Receba as not\u00edcias do Aconteceu no Vale em primeira m\u00e3o. Clique em curtir no endere\u00e7o <a href=\"https:\/\/www.facebook.com\/aconteceunovale\" target=\"_blank\"><font color=\"red\">www.facebook.com\/aconteceunovale<\/font><\/a> ou no box abaixo:<\/p>\n<div class=\"fb-like\" data-href=\"https:\/\/www.facebook.com\/aconteceunovale\" data-width=\"120\" data-layout=\"standard\" data-action=\"like\" data-size=\"small\" data-show-faces=\"true\" data-share=\"true\"><\/div>\n<p><\/br><\/p>\n<p><em>(Fonte: MPF\/MG)<\/em><\/p>\n","protected":false},"excerpt":{"rendered":"<p>Est\u00e3o abertas entre os dias 23 de abril e 07 de maio as inscri\u00e7\u00f5es para o processo seletivo de est\u00e1gio do MPF. O concurso est\u00e1 previsto para ser realizado em maio de 2018. Em Belo Horizonte, as vagas s\u00e3o para estudantes de Direito, Engenharia civil, Administra\u00e7\u00e3o, Ci\u00eancias Cont\u00e1beis, Tecnologia da Informa\u00e7\u00e3o e Comunica\u00e7\u00e3o Social. Tamb\u00e9m [&hellip;]<\/p>\n","protected":false},"author":1,"featured_media":131079,"comment_status":"open","ping_status":"closed","sticky":false,"template":"","format":"standard","meta":{"amp_status":"","footnotes":""},"categories":[40237,40238,40236,123],"tags":[194,1017,173216,247,173219,173217,173220,201,206,209,210,212,213,216,218,1532,164,220,173218,223,18771],"class_list":["post-131078","post","type-post","status-publish","format-standard","has-post-thumbnail","hentry","category-concursos","category-educacao-2","category-empregos-2","category-gerais","tag-belo-horizonte","tag-bh","tag-estagio-do-mpf","tag-governador-valadares","tag-inscrever-estagio-do-mpf","tag-inscricao-estagio-do-mpf","tag-inscricoes-abertas-para-selecao-de-estagiarios-do-mpf-em-15-municipios-mineiros","tag-ipatinga","tag-juiz-de-fora","tag-manhuacu","tag-montes-claros","tag-paracatu","tag-passos","tag-pouso-alegre","tag-sao-joao-del-rei","tag-sete-lagoas","tag-teofilo-otoni","tag-uberaba","tag-vagas-estagio-do-mpf","tag-varginha","tag-vicosa"],"_links":{"self":[{"href":"https:\/\/aconteceunovale.com.br\/portal\/index.php?rest_route=\/wp\/v2\/posts\/131078","targetHints":{"allow":["GET"]}}],"collection":[{"href":"https:\/\/aconteceunovale.com.br\/portal\/index.php?rest_route=\/wp\/v2\/posts"}],"about":[{"href":"https:\/\/aconteceunovale.com.br\/portal\/index.php?rest_route=\/wp\/v2\/types\/post"}],"author":[{"embeddable":true,"href":"https:\/\/aconteceunovale.com.br\/portal\/index.php?rest_route=\/wp\/v2\/users\/1"}],"replies":[{"embeddable":true,"href":"https:\/\/aconteceunovale.com.br\/portal\/index.php?rest_route=%2Fwp%2Fv2%2Fcomments&post=131078"}],"version-history":[{"count":0,"href":"https:\/\/aconteceunovale.com.br\/portal\/index.php?rest_route=\/wp\/v2\/posts\/131078\/revisions"}],"wp:featuredmedia":[{"embeddable":true,"href":"https:\/\/aconteceunovale.com.br\/portal\/index.php?rest_route=\/wp\/v2\/media\/131079"}],"wp:attachment":[{"href":"https:\/\/aconteceunovale.com.br\/portal\/index.php?rest_route=%2Fwp%2Fv2%2Fmedia&parent=131078"}],"wp:term":[{"taxonomy":"category","embeddable":true,"href":"https:\/\/aconteceunovale.com.br\/portal\/index.php?rest_route=%2Fwp%2Fv2%2Fcategories&post=131078"},{"taxonomy":"post_tag","embeddable":true,"href":"https:\/\/aconteceunovale.com.br\/portal\/index.php?rest_route=%2Fwp%2Fv2%2Ftags&post=131078"}],"curies":[{"name":"wp","href":"https:\/\/api.w.org\/{rel}","templated":true}]}}