{"id":130840,"date":"2018-04-17T10:40:48","date_gmt":"2018-04-17T12:40:48","guid":{"rendered":"http:\/\/aconteceunovale.com.br\/portal\/?p=130840"},"modified":"2018-04-17T10:40:48","modified_gmt":"2018-04-17T12:40:48","slug":"supremo-decide-nesta-terca-feira-se-aceita-denuncia-contra-aecio-neves","status":"publish","type":"post","link":"https:\/\/aconteceunovale.com.br\/portal\/?p=130840","title":{"rendered":"Supremo decide nesta ter\u00e7a-feira se aceita den\u00fancia contra A\u00e9cio Neves"},"content":{"rendered":"<p>A Primeira Turma do Supremo Tribunal Federal (STF) decide hoje (17) sobre o recebimento da den\u00fancia contra o senador A\u00e9cio Neves (PSDB-MG) em um dos inqu\u00e9ritos resultantes da dela\u00e7\u00e3o do empres\u00e1rio Joesley Batista, da JBS.<\/p>\n<p>A sess\u00e3o est\u00e1 marcada para as 14h. A Primeira Turma \u00e9 composta pelos seguintes ministros: Marco Aur\u00e9lio Mello (relator), Alexandre de Moraes (presidente),\u00a0Lu\u00eds Roberto Barroso, Luiz Fux e Rosa Weber.<\/p>\n<p>Segundo a den\u00fancia, A\u00e9cio solicitou a Joesley Batista, em conversa gravada pela Pol\u00edcia Federal (PF), R$ 2 milh\u00f5es em propina, em troca de sua atua\u00e7\u00e3o pol\u00edtica. O senador foi acusado dos crimes de corrup\u00e7\u00e3o passiva e tentativa de obstruir a Justi\u00e7a.<\/p>\n<p>Tamb\u00e9m s\u00e3o alvos da mesma den\u00fancia a irm\u00e3 do senador, Andrea Neves, o primo dele, Frederico Pacheco, e Mendherson Souza Lima, ex-assessor parlamentar do senador Zez\u00e9 Perrella (PMDB-MG), flagrado com dinheiro vivo. Todos foram acusados de corrup\u00e7\u00e3o passiva.<\/p>\n<p>Em entrevista \u00e0 imprensa ontem (16), A\u00e9cio negou as acusa\u00e7\u00f5es, criticou a Procuradoria-Geral da Rep\u00fablica (PGR) e desacreditou as informa\u00e7\u00f5es obtidas por meio da dela\u00e7\u00e3o de Joesley Batista, um dos executivos da J&amp;F.<\/p>\n<p>Nesta segunda-feira (16), a procuradora-geral da Rep\u00fablica, Raquel Dodge, reiterou no Supremo Tribunal Federal (STF) pedido de abertura de a\u00e7\u00e3o penal contra o senador A\u00e9cio Neves. Se o pedido for aceito, o senador se tornar\u00e1 r\u00e9u do processo.<\/p>\n<p><strong>VER PRIMEIRO<\/strong><\/p>\n<p>Receba as not\u00edcias do Aconteceu no Vale em primeira m\u00e3o. Clique em curtir no endere\u00e7o <a href=\"https:\/\/www.facebook.com\/aconteceunovale\" target=\"_blank\"><font color=\"red\">www.facebook.com\/aconteceunovale<\/font><\/a> ou no box abaixo:<\/p>\n<div class=\"fb-like\" data-href=\"https:\/\/www.facebook.com\/aconteceunovale\" data-width=\"120\" data-layout=\"standard\" data-action=\"like\" data-size=\"small\" data-show-faces=\"true\" data-share=\"true\"><\/div>\n<p><\/br><\/p>\n<p><em>(Fonte: Ag\u00eancia Brasil)<\/em><\/p>\n","protected":false},"excerpt":{"rendered":"<p>A Primeira Turma do Supremo Tribunal Federal (STF) decide hoje (17) sobre o recebimento da den\u00fancia contra o senador A\u00e9cio Neves (PSDB-MG) em um dos inqu\u00e9ritos resultantes da dela\u00e7\u00e3o do empres\u00e1rio Joesley Batista, da JBS. A sess\u00e3o est\u00e1 marcada para as 14h. A Primeira Turma \u00e9 composta pelos seguintes ministros: Marco Aur\u00e9lio Mello (relator), Alexandre [&hellip;]<\/p>\n","protected":false},"author":1,"featured_media":95956,"comment_status":"open","ping_status":"closed","sticky":false,"template":"","format":"standard","meta":{"amp_status":"","footnotes":""},"categories":[6,40240],"tags":[2728,151669,78303,149434,27144,94940,153038,50854,28511,172868],"class_list":["post-130840","post","type-post","status-publish","format-standard","has-post-thumbnail","hentry","category-br","category-politica-2","tag-aecio-neves","tag-denuncia-contra-aecio-neves","tag-investigacao-aecio-neves","tag-joesley-batista","tag-lava-jato","tag-processo-contra-aecio-neves","tag-psdb-mg","tag-senador-aecio-neves","tag-stf","tag-supremo-decide-nesta-terca-feira-se-aceita-denuncia-contra-aecio-neves"],"_links":{"self":[{"href":"https:\/\/aconteceunovale.com.br\/portal\/index.php?rest_route=\/wp\/v2\/posts\/130840","targetHints":{"allow":["GET"]}}],"collection":[{"href":"https:\/\/aconteceunovale.com.br\/portal\/index.php?rest_route=\/wp\/v2\/posts"}],"about":[{"href":"https:\/\/aconteceunovale.com.br\/portal\/index.php?rest_route=\/wp\/v2\/types\/post"}],"author":[{"embeddable":true,"href":"https:\/\/aconteceunovale.com.br\/portal\/index.php?rest_route=\/wp\/v2\/users\/1"}],"replies":[{"embeddable":true,"href":"https:\/\/aconteceunovale.com.br\/portal\/index.php?rest_route=%2Fwp%2Fv2%2Fcomments&post=130840"}],"version-history":[{"count":0,"href":"https:\/\/aconteceunovale.com.br\/portal\/index.php?rest_route=\/wp\/v2\/posts\/130840\/revisions"}],"wp:featuredmedia":[{"embeddable":true,"href":"https:\/\/aconteceunovale.com.br\/portal\/index.php?rest_route=\/wp\/v2\/media\/95956"}],"wp:attachment":[{"href":"https:\/\/aconteceunovale.com.br\/portal\/index.php?rest_route=%2Fwp%2Fv2%2Fmedia&parent=130840"}],"wp:term":[{"taxonomy":"category","embeddable":true,"href":"https:\/\/aconteceunovale.com.br\/portal\/index.php?rest_route=%2Fwp%2Fv2%2Fcategories&post=130840"},{"taxonomy":"post_tag","embeddable":true,"href":"https:\/\/aconteceunovale.com.br\/portal\/index.php?rest_route=%2Fwp%2Fv2%2Ftags&post=130840"}],"curies":[{"name":"wp","href":"https:\/\/api.w.org\/{rel}","templated":true}]}}