{"id":130837,"date":"2018-04-17T10:37:45","date_gmt":"2018-04-17T12:37:45","guid":{"rendered":"http:\/\/aconteceunovale.com.br\/portal\/?p=130837"},"modified":"2018-04-17T10:37:45","modified_gmt":"2018-04-17T12:37:45","slug":"morre-no-rio-a-sambista-dona-ivone-lara","status":"publish","type":"post","link":"https:\/\/aconteceunovale.com.br\/portal\/?p=130837","title":{"rendered":"Morre no Rio a sambista Dona Ivone Lara"},"content":{"rendered":"<p>A cantora e compositora Dona Ivone Lara morreu na noite de ontem (16), aos 97 anos, no Rio de Janeiro. Ela estava internada desde a \u00faltima sexta-feira (13)\u00a0 no Centro de Tratamento e Terapia Intensiva (CTI) da Coordena\u00e7\u00e3o de Emerg\u00eancia Regional (CER), no Leblon, com um quadro de anemia.<\/p>\n<p>O corpo ser\u00e1 velado agora de manh\u00e3 na quadra da Imp\u00e9rio Serrano, sua escola do cora\u00e7\u00e3o, em Madureira, na zona norte da cidade. O sepultamento est\u00e1 marcado para a tarde, no cemit\u00e9rio de Inha\u00fama.<\/p>\n<p>A Portela, outra escola tradicional de Madureira, divulgou nota chamando dona Ivone Lara de &#8220;patrim\u00f4nio do Imp\u00e9rio, da Portela e da cultura brasileira&#8221;. Considerada um dos maiores nomes da m\u00fasica popular brasileira em todos os tempos, a cantora sempre foi muito ligada tamb\u00e9m aos compositores da Portela. Era grande amiga de Candeia, Monarco e Paulinho da Viola, por exemplo.<\/p>\n<p>O sambista Dudu Nobre usou o seu perfil no facebook para homenagear a artista. &#8220;Obrigado por tudo dona Ivone Lara. As b\u00ean\u00e7\u00e3os, os ensinamentos,as conversas, os sambas, a poesia. Descanse em paz, Grande Dama do Samba&#8221;.<\/p>\n<p>Nascida em 13 de abril de 1921, no Rio de Janeiro, dona Ivone Lara comp\u00f4s seu primeiro samba aos 12 anos, &#8220;<em>Ti\u00ea, ti\u00ea<\/em>&#8220;, depois de ganhar de seus primos um p\u00e1ssaro da esp\u00e9cie ti\u00ea.<\/p>\n<p>Aprendeu a tocar cavaquinho com o tio\u00a0 Dion\u00edsio Bento da Silva, que tocava viol\u00e3o de sete cordas e integrava o grupo de chor\u00f5es que reunia Pixinguinha e Donga.<\/p>\n<p>Sua primeira escola de samba foi a Prazer da Serrinha, que come\u00e7ou a frequentar em 1945 e para quem compunha sambas que eram assinados pelo seu primo Fuleiro, devido ao preconceito contra as mulheres que existia nas agremia\u00e7\u00f5es naquela \u00e9poca.<\/p>\n<p>Enfermeira e assistente social, trabalhou com pacientes que tinham doen\u00e7a mental. Ingressou na Imp\u00e9rio Serrano em 1965 e gravou seu primeiro disco,\u00a0<em>&#8220;Samba minha verdade, samba minha raiz&#8221;<\/em>, em 1974. Ao se aposentar da \u00e1rea da sa\u00fade em 1977, passou a se dedicar integralmente \u00e0 m\u00fasica.<\/p>\n<p>Entre suas composi\u00e7\u00f5es mais conhecidas est\u00e3o\u00a0<em>Sonho meu<\/em>\u00a0e\u00a0<em>Acreditar<\/em>, ambos em parceria com D\u00e9lcio Carvalho.<\/p>\n<p><img decoding=\"async\" src=\"http:\/\/aconteceunovale.com.br\/portal\/wp-content\/uploads\/2018\/04\/ivone_lara.jpeg\" alt=\"\" \/><em>Dona Ivone Lara morreu na noite desta segunda-feira (Portal Brasil)<\/em><br \/>\n<\/br><\/p>\n<p><strong>VER PRIMEIRO<\/strong><\/p>\n<p>Receba as not\u00edcias do Aconteceu no Vale em primeira m\u00e3o. Clique em curtir no endere\u00e7o <a href=\"https:\/\/www.facebook.com\/aconteceunovale\" target=\"_blank\"><font color=\"red\">www.facebook.com\/aconteceunovale<\/font><\/a> ou no box abaixo:<\/p>\n<div class=\"fb-like\" data-href=\"https:\/\/www.facebook.com\/aconteceunovale\" data-width=\"120\" data-layout=\"standard\" data-action=\"like\" data-size=\"small\" data-show-faces=\"true\" data-share=\"true\"><\/div>\n<p><\/br><\/p>\n<p><em>(Fonte: Ag\u00eancia Brasil)<\/em><\/p>\n","protected":false},"excerpt":{"rendered":"<p>A cantora e compositora Dona Ivone Lara morreu na noite de ontem (16), aos 97 anos, no Rio de Janeiro. Ela estava internada desde a \u00faltima sexta-feira (13)\u00a0 no Centro de Tratamento e Terapia Intensiva (CTI) da Coordena\u00e7\u00e3o de Emerg\u00eancia Regional (CER), no Leblon, com um quadro de anemia. O corpo ser\u00e1 velado agora de [&hellip;]<\/p>\n","protected":false},"author":1,"featured_media":130838,"comment_status":"open","ping_status":"closed","sticky":false,"template":"","format":"standard","meta":{"amp_status":"","footnotes":""},"categories":[6],"tags":[172866,172863,172865,172862,172864,172867],"class_list":["post-130837","post","type-post","status-publish","format-standard","has-post-thumbnail","hentry","category-br","tag-causa-da-morte-de-dona-ivone-lara","tag-dona-ivone-lara","tag-morre-dona-ivone-lara","tag-morre-no-rio-a-sambista-dona-ivone-lara","tag-morte-de-dona-ivone-lara","tag-velorio-de-dona-ivone-lara"],"_links":{"self":[{"href":"https:\/\/aconteceunovale.com.br\/portal\/index.php?rest_route=\/wp\/v2\/posts\/130837","targetHints":{"allow":["GET"]}}],"collection":[{"href":"https:\/\/aconteceunovale.com.br\/portal\/index.php?rest_route=\/wp\/v2\/posts"}],"about":[{"href":"https:\/\/aconteceunovale.com.br\/portal\/index.php?rest_route=\/wp\/v2\/types\/post"}],"author":[{"embeddable":true,"href":"https:\/\/aconteceunovale.com.br\/portal\/index.php?rest_route=\/wp\/v2\/users\/1"}],"replies":[{"embeddable":true,"href":"https:\/\/aconteceunovale.com.br\/portal\/index.php?rest_route=%2Fwp%2Fv2%2Fcomments&post=130837"}],"version-history":[{"count":0,"href":"https:\/\/aconteceunovale.com.br\/portal\/index.php?rest_route=\/wp\/v2\/posts\/130837\/revisions"}],"wp:featuredmedia":[{"embeddable":true,"href":"https:\/\/aconteceunovale.com.br\/portal\/index.php?rest_route=\/wp\/v2\/media\/130838"}],"wp:attachment":[{"href":"https:\/\/aconteceunovale.com.br\/portal\/index.php?rest_route=%2Fwp%2Fv2%2Fmedia&parent=130837"}],"wp:term":[{"taxonomy":"category","embeddable":true,"href":"https:\/\/aconteceunovale.com.br\/portal\/index.php?rest_route=%2Fwp%2Fv2%2Fcategories&post=130837"},{"taxonomy":"post_tag","embeddable":true,"href":"https:\/\/aconteceunovale.com.br\/portal\/index.php?rest_route=%2Fwp%2Fv2%2Ftags&post=130837"}],"curies":[{"name":"wp","href":"https:\/\/api.w.org\/{rel}","templated":true}]}}