{"id":130834,"date":"2018-04-17T10:31:44","date_gmt":"2018-04-17T12:31:44","guid":{"rendered":"http:\/\/aconteceunovale.com.br\/portal\/?p=130834"},"modified":"2018-04-17T10:31:44","modified_gmt":"2018-04-17T12:31:44","slug":"fhemig-recebe-inscricoes-para-oportunidades-na-capital-sabara-e-em-patos-de-minas","status":"publish","type":"post","link":"https:\/\/aconteceunovale.com.br\/portal\/?p=130834","title":{"rendered":"Fhemig recebe inscri\u00e7\u00f5es para oportunidades na capital, Sabar\u00e1 e em Patos de Minas"},"content":{"rendered":"<p>A\u00a0Funda\u00e7\u00e3o Hospitalar do Estado de Minas Gerais (Fhemig)\u00a0est\u00e1 com tr\u00eas Processos Seletivos P\u00fablicos Simplificados abertos, nesta semana, para cadastramento de curr\u00edculos. As oportunidades s\u00e3o para o MG Transplantes (MGTX), em Belo Horizonte, o\u00a0Hospital Cristiano Machado (HCM), em Sabar\u00e1, e para o\u00a0Hospital Regional Ant\u00f4nio Dias (HRAD), em Patos de Minas.<\/p>\n<p>Para o MG Transplantes, na capital, as inscri\u00e7\u00f5es v\u00e3o at\u00e9 \u00e0s 17h de quarta-feira (18\/4), hor\u00e1rio de Bras\u00edlia. O objetivo do processo \u00e9 o\u00a0cadastramento de curr\u00edculos para a contrata\u00e7\u00e3o de profissional para a fun\u00e7\u00e3o de auxiliar administrativo na unidade. Outros detalhes est\u00e3o expostos no\u00a0<span style=\"color: #ff0000;\"><a href=\"http:\/\/fhemig.mg.gov.br\/index.php\/docman\/Como_ingressar_na_FHEMIG-1\/Editais_para_contratacao\" target=\"_blank\"><span style=\"color: #ff0000;\">Regulamento n\u00ba 25\/2018<\/span><\/a><\/span>.<\/p>\n<p>J\u00e1 em Patos de Minas, no Territ\u00f3rio Noroeste, o processo visa \u00e0\u00a0contrata\u00e7\u00e3o de profissional para a fun\u00e7\u00e3o de enfermeiro do trabalho e forma\u00e7\u00e3o de quadro de cadastro reserva para farmac\u00eautico bioqu\u00edmico. Os interessados em trabalhar no Hospital Regional Ant\u00f4nio Dias t\u00eam at\u00e9 a pr\u00f3xima sexta-feira (20\/4), \u00e0s 17h, hor\u00e1rio de Bras\u00edlia, para cadastrarem seus curr\u00edculos. Outras informa\u00e7\u00f5es no\u00a0<span style=\"color: #ff0000;\"><a href=\"http:\/\/fhemig.mg.gov.br\/index.php\/docman\/Como_ingressar_na_FHEMIG-1\/Editais_para_contratacao\" target=\"_blank\"><span style=\"color: #ff0000;\">Regulamento n\u00ba 24\/2018<\/span><\/a><\/span>.<\/p>\n<p>Por fim, o Processo Seletivo P\u00fablico Simplificado do Hospital Cristiano Machado, em Sabar\u00e1, recebe inscri\u00e7\u00f5es at\u00e9 \u00e0s 17h do pr\u00f3ximo domingo (22\/4), tamb\u00e9m seguindo o hor\u00e1rio oficial do pa\u00eds. Regido pelo<span style=\"color: #ff0000;\">\u00a0<a href=\"http:\/\/fhemig.mg.gov.br\/index.php\/docman\/Como_ingressar_na_FHEMIG-1\/Editais_para_contratacao\" target=\"_blank\"><span style=\"color: #ff0000;\">Regulamento n\u00ba 26\/2018<\/span><\/a><\/span>, o processo tem por objetivo a contrata\u00e7\u00e3o de profissional para a fun\u00e7\u00e3o de nutricionista.<\/p>\n<p>Para todos os processos, as inscri\u00e7\u00f5es devem ser realizadas exclusivamente pelo site da Fhemig &#8211;\u00a0<span style=\"color: #ff0000;\"><a href=\"http:\/\/www.fhemig.mg.gov.br\/\" target=\"_blank\"><span style=\"color: #ff0000;\">www.fhemig.mg.gov.br<\/span><\/a><\/span>.\u00a0Os editais est\u00e3o dispon\u00edveis na se\u00e7\u00e3o &#8216;Editais para contrata\u00e7\u00e3o&#8217;, dentro da op\u00e7\u00e3o\u00a0&#8216;Como ingressar na Fhemig&#8217;.<\/p>\n<p><strong>VER PRIMEIRO<\/strong><\/p>\n<p>Receba as not\u00edcias do Aconteceu no Vale em primeira m\u00e3o. Clique em curtir no endere\u00e7o <a href=\"https:\/\/www.facebook.com\/aconteceunovale\" target=\"_blank\"><font color=\"red\">www.facebook.com\/aconteceunovale<\/font><\/a> ou no box abaixo:<\/p>\n<div class=\"fb-like\" data-href=\"https:\/\/www.facebook.com\/aconteceunovale\" data-width=\"120\" data-layout=\"standard\" data-action=\"like\" data-size=\"small\" data-show-faces=\"true\" data-share=\"true\"><\/div>\n<p><\/br><\/p>\n<p><em>(Fonte: Ag\u00eancia Minas)<\/em><\/p>\n","protected":false},"excerpt":{"rendered":"<p>A\u00a0Funda\u00e7\u00e3o Hospitalar do Estado de Minas Gerais (Fhemig)\u00a0est\u00e1 com tr\u00eas Processos Seletivos P\u00fablicos Simplificados abertos, nesta semana, para cadastramento de curr\u00edculos. As oportunidades s\u00e3o para o MG Transplantes (MGTX), em Belo Horizonte, o\u00a0Hospital Cristiano Machado (HCM), em Sabar\u00e1, e para o\u00a0Hospital Regional Ant\u00f4nio Dias (HRAD), em Patos de Minas. Para o MG Transplantes, na capital, [&hellip;]<\/p>\n","protected":false},"author":1,"featured_media":130835,"comment_status":"open","ping_status":"closed","sticky":false,"template":"","format":"standard","meta":{"amp_status":"","footnotes":""},"categories":[40236,123],"tags":[194,1017,172861,172860,172859,214,1779],"class_list":["post-130834","post","type-post","status-publish","format-standard","has-post-thumbnail","hentry","category-empregos-2","category-gerais","tag-belo-horizonte","tag-bh","tag-cadastro-de-curriculos-fhemig","tag-emprego-fhemig","tag-fhemig-recebe-inscricoes-para-oportunidades-em-sabara-e-patos-de-minas","tag-patos-de-minas","tag-sabara"],"_links":{"self":[{"href":"https:\/\/aconteceunovale.com.br\/portal\/index.php?rest_route=\/wp\/v2\/posts\/130834","targetHints":{"allow":["GET"]}}],"collection":[{"href":"https:\/\/aconteceunovale.com.br\/portal\/index.php?rest_route=\/wp\/v2\/posts"}],"about":[{"href":"https:\/\/aconteceunovale.com.br\/portal\/index.php?rest_route=\/wp\/v2\/types\/post"}],"author":[{"embeddable":true,"href":"https:\/\/aconteceunovale.com.br\/portal\/index.php?rest_route=\/wp\/v2\/users\/1"}],"replies":[{"embeddable":true,"href":"https:\/\/aconteceunovale.com.br\/portal\/index.php?rest_route=%2Fwp%2Fv2%2Fcomments&post=130834"}],"version-history":[{"count":0,"href":"https:\/\/aconteceunovale.com.br\/portal\/index.php?rest_route=\/wp\/v2\/posts\/130834\/revisions"}],"wp:featuredmedia":[{"embeddable":true,"href":"https:\/\/aconteceunovale.com.br\/portal\/index.php?rest_route=\/wp\/v2\/media\/130835"}],"wp:attachment":[{"href":"https:\/\/aconteceunovale.com.br\/portal\/index.php?rest_route=%2Fwp%2Fv2%2Fmedia&parent=130834"}],"wp:term":[{"taxonomy":"category","embeddable":true,"href":"https:\/\/aconteceunovale.com.br\/portal\/index.php?rest_route=%2Fwp%2Fv2%2Fcategories&post=130834"},{"taxonomy":"post_tag","embeddable":true,"href":"https:\/\/aconteceunovale.com.br\/portal\/index.php?rest_route=%2Fwp%2Fv2%2Ftags&post=130834"}],"curies":[{"name":"wp","href":"https:\/\/api.w.org\/{rel}","templated":true}]}}