{"id":130831,"date":"2018-04-17T10:23:26","date_gmt":"2018-04-17T12:23:26","guid":{"rendered":"http:\/\/aconteceunovale.com.br\/portal\/?p=130831"},"modified":"2018-04-17T10:23:26","modified_gmt":"2018-04-17T12:23:26","slug":"tecnologia-digital-aumenta-competitividade-e-melhora-a-vida-no-campo","status":"publish","type":"post","link":"https:\/\/aconteceunovale.com.br\/portal\/?p=130831","title":{"rendered":"Tecnologia digital aumenta competitividade e melhora a vida no campo"},"content":{"rendered":"<p>A utiliza\u00e7\u00e3o de equipamentos de precis\u00e3o que permitem poupar insumos e reduzir impactos no meio ambiente n\u00e3o \u00e9 mais privil\u00e9gio dos grandes produtores. A tecnologia digital tem impulsionado o agroneg\u00f3cio em Minas Gerais, melhorando a qualidade dos produtos, aumentando a competitividade e elevando a renda no campo.<\/p>\n<p>O\u00a0Governo de Minas Gerais\u00a0tem estimulado este movimento no meio rural e ampliado a utiliza\u00e7\u00e3o da\u00a0tecnologia de ponta nas empresas e autarquias relacionadas \u00e0 assit\u00eancia, pesquisa e fiscaliza\u00e7\u00e3o do agroneg\u00f3cio no estado.<\/p>\n<p>Exemplo disso \u00e9 o\u00a0Instituto Mineiro de Agropecu\u00e1ria (IMA),\u00a0que\u00a0\u00a0deu in\u00edcio, em mar\u00e7o,\u00a0\u00e0 certifica\u00e7\u00e3o das Granjas Reprodutoras de Su\u00eddeos Certificados (GRSCs) com a utiliza\u00e7\u00e3o de tecnologia em dispositivo m\u00f3vel, desenvolvida pelo pr\u00f3prio Instituto. At\u00e9 ent\u00e3o, o trabalho de campo para essa certifica\u00e7\u00e3o era feito em formul\u00e1rios impressos.<\/p>\n<p>Minas possui o quarto maior rebanho nacional de su\u00ednos, com cerca de 5,1 milh\u00f5es de animais e o terceiro maior rebanho de matrizes f\u00eameas em reprodu\u00e7\u00e3o, com 308.854 animais.\u00a0No estado, h\u00e1 29 dessas granjas que abrigam cerca de 39 mil reprodutores de su\u00eddeos certificados.<\/p>\n<p>O uso da nova tecnologia trar\u00e1 transpar\u00eancia e agilidade ao processo de supervis\u00e3o para a certifica\u00e7\u00e3o das 29 GRSCs. De acordo com o assessor da Diretoria T\u00e9cnica do IMA, Bruno de Melo,\u00a0o uso do dispositivo m\u00f3vel padroniza as atividades,\u00a0facilitando o trabalho dos fiscais no campo.<\/p>\n<p>O diretor-geral do IMA, Marc\u00edlio Magalh\u00e3es, ressalta que o instituto vem investindo em novas tecnologias para o aprimoramento das a\u00e7\u00f5es desenvolvidas pela autarquia.<\/p>\n<p>\u201cLan\u00e7amos o Portal do Produtor no qual os pr\u00f3prios pecuaristas e agricultores podem emitir pela internet, por meio de senha pessoal, documentos que anteriormente somente eram obtidos presencialmente junto ao IMA&#8221;, observa o diretor-geral.<\/p>\n<p><img decoding=\"async\" src=\"http:\/\/aconteceunovale.com.br\/portal\/wp-content\/uploads\/2018\/04\/tecnologia_no_campo.jpg\" alt=\"\" \/><em>Ademilson Borges investiu em tecnologia para melhorar qualidade do caf\u00e9  (Foto: Divulga\u00e7\u00e3o)<\/em><br \/>\n<\/br><\/p>\n<p><strong>Pesquisas cient\u00edficas<\/strong><\/p>\n<p>\u201cHoje, a maioria dos pequenos produtores compreende\u00a0a necessidade, o valor e a velocidade das informa\u00e7\u00f5es no mundo atual. O uso de smartphones, tablets, notebooks se tornou comum\u00a0nas regi\u00f5es rurais\u201d, afirma o\u00a0gerente da Divis\u00e3o de Inova\u00e7\u00e3o e Tecnologia Ambiental (Diati) da\u00a0Empresa de Assist\u00eancia T\u00e9cnica e Extens\u00e3o Rural de Minas Gerais (Emater-MG), Jo\u00e3o Carlos Guimar\u00e3es.<\/p>\n<p>Segundo Guimar\u00e3es, recentemente, a Emater-MG adquiriu dois VANTs, um tipo de drone utilizado para a realiza\u00e7\u00e3o de pesquisas cient\u00edficas e experimentos, diferente dos modelos mais conhecidos, destinados ao lazer.<\/p>\n<p>\u201cO objetivo inicial \u00e9 fazer o mapeamento do parque cafeeiro do estado. Posteriormente, a ferramenta ser\u00e1 disponibilizada para auxiliar os produtores rurais familiares por meio da assist\u00eancia t\u00e9cnica\u201d, explica\u00a0 o gerente.<\/p>\n<p><strong>Agricultura familiar<\/strong><\/p>\n<p>Nas pequenas lavouras de caf\u00e9, a utiliza\u00e7\u00e3o de equipamentos de ponta e da tecnologia digital tem contribu\u00eddo para a obten\u00e7\u00e3o de gr\u00e3os com maior valor agregado, o que tem atra\u00eddo compradores de outros pa\u00edses.<\/p>\n<p>\u00c9 o caso do produtor de caf\u00e9 Ademilson Noiman Borges, de S\u00e3o Gon\u00e7alo do Sapuca\u00ed, no Territ\u00f3rio Sul.<br \/>\nEle conta que, em 2008, quando passou a administrar a propriedade rural da fam\u00edlia, sentiu a necessidade de modernizar os processos para elevar a produ\u00e7\u00e3o.<\/p>\n<p>\u201cQueria aumentar a competitividade do\u00a0caf\u00e9 porque os compradores internacionais chegam a pagar at\u00e9 cinco vezes mais pelo produto em rela\u00e7\u00e3o ao pre\u00e7o praticado no mercado interno\u201d, destaca Borges.<\/p>\n<p>Para isso, ele informatizou toda a parte administrativa e adquiriu equipamentos de \u00faltima gera\u00e7\u00e3o para usar na lavoura. \u201cComprei um medidor de umidade para selecionar os melhores gr\u00e3os e foquei no segmento caf\u00e9s especiais. Ao mesmo tempo, passei a usar uma plataforma virtual que me permite negociar diretamente com torrefadores de caf\u00e9 de todo o mundo\u201d, acrescenta.<\/p>\n<p>O investimento valeu a pena. \u201cEm dez anos, consegui elevar a produ\u00e7\u00e3o anual de 70 para 370 sacas. Cerca de 60% v\u00e3o para o mercado externo. Neste ano, pretendo chegar a 740 sacas. Quero construir uma estufa para facilitar a colheita seletiva e obter gr\u00e3os ainda melhores\u201d, afirma o produtor, que tem buscado conscientizar outros agricultores da regi\u00e3o quanto \u00e0 import\u00e2ncia de se aderir \u00e0s novas tecnologias.<\/p>\n<p><strong>Redes sociais<\/strong><\/p>\n<p>Em 1993, o pai do produtor rural, Alessandro Alves Hervaz, trocou a produ\u00e7\u00e3o de leite no interior de S\u00e3o Paulo para investir na lavoura de caf\u00e9, em S\u00e3o Gon\u00e7alo do Sapuca\u00ed. \u201cNaquela \u00e9poca, a internet era pouco difundida e a comunica\u00e7\u00e3o via celular era dif\u00edcil\u201d, conta.<\/p>\n<p>\u201cBuscamos o apoio da Emater-MG para conhecer melhor a atividade. Depois, come\u00e7amos a investir em tecnologia e, com a melhoria do acesso \u00e0 internet, as coisas ficaram mais f\u00e1ceis. Atualmente, as redes sociais s\u00e3o um canal importante para vender nosso caf\u00e9 para outros pa\u00edses\u201d, frisa Hervaz.\u00a0\u201cHoje, se o pequeno produtor falar ingl\u00eas e tiver acesso \u00e0 internet, ele consegue competir com qualquer grande fazenda\u201d, salienta.<\/p>\n<p><strong>Sucess\u00e3o familiar<\/strong><\/p>\n<p>De acordo com Jo\u00e3o Carlos Guimar\u00e3es, a utiliza\u00e7\u00e3o da tecnologia digital tamb\u00e9m tem contribu\u00eddo para o aumento dos \u00edndices de sucess\u00e3o no campo.\u201cCom a melhoria da renda, os jovens, que t\u00eam mais intimidade com a tecnologia, querem permanecer na atividade rural\u201d, assegura.<\/p>\n<p><strong>Plataformas online<\/strong><\/p>\n<p>O acesso a informa\u00e7\u00f5es via plataformas m\u00f3bile digitais tem auxiliado na gest\u00e3o dos empreendimentos em tempo real, al\u00e9m de oferecer servi\u00e7os ligados \u00e0 automa\u00e7\u00e3o dos processos produtivos.<\/p>\n<p>Segundo Guimar\u00e3es, atualmente, a Emater-MG possui um sistema on-line de fertilidade do solo. Trata-se de um software que auxilia os extensionistas a orientar os agricultores familiares. A ferramenta ainda gera um banco de dados com informa\u00e7\u00f5es sobre a fertilidade do solo do territ\u00f3rio mineiro.<\/p>\n<p>Outro servi\u00e7o oferecido pela empresa \u00e9 uma plataforma on-line que permite consultar o pre\u00e7o recebido pelo produtor. \u201cTamb\u00e9m temos o Informativo Conjuntural, que \u00e9 um boletim mensal com an\u00e1lises de comportamento da produ\u00e7\u00e3o e de mercado de alguns produtos agropecu\u00e1rios, como algod\u00e3o, banana, caf\u00e9, milho, soja, tomate, boi gordo, frango e ovos, leite, peixe e su\u00edno\u201d, destaca o gerente do Diati.<\/p>\n<p><strong>Termo de coopera\u00e7\u00e3o t\u00e9cnica<\/strong><\/p>\n<p>No \u00faltimo m\u00eas de dezembro, a Emater-MG assinou um termo de coopera\u00e7\u00e3o com a Empresa Brasileira de Pesquisa Agropecu\u00e1ria (Embrapa Inform\u00e1tica) para transfer\u00eancia e customiza\u00e7\u00e3o de sistemas de informa\u00e7\u00e3o desenvolvidos pela estatal federal para a empresa p\u00fablica mineira.<\/p>\n<p>Por meio do conv\u00eanio, a Emater-MG ter\u00e1 acesso a tecnologias digitais da Embrapa a fim de facilitar a dissemina\u00e7\u00e3o de informa\u00e7\u00f5es\u00a0resultantes de pesquisa para os agricultores e produtores. Entre os aplicativos que ser\u00e3o disponibilizados est\u00e3o o\u00a0<span style=\"color: #ff0000;\"><a href=\"https:\/\/www.embrapa.br\/informatica-agropecuaria\/busca-de-solucoes-tecnologicas\/-\/produto-servico\/2063\/webagritec\" target=\"_blank\"><span style=\"color: #ff0000;\">WebAgritec<\/span><\/a><\/span>,\u00a0<span style=\"color: #ff0000;\"><a href=\"https:\/\/www.embrapa.br\/busca-de-solucoes-tecnologicas\/-\/produto-servico\/49\/agritempo\" target=\"_blank\"><span style=\"color: #ff0000;\">Agritempo<\/span><\/a><\/span>,\u00a0<span style=\"color: #ff0000;\"><a href=\"https:\/\/www.embrapa.br\/busca-de-solucoes-tecnologicas\/-\/produto-servico\/2051\/sisla---sisla---sistema-interativo-de-suporte-ao-licenciamento-ambiental\" target=\"_blank\"><span style=\"color: #ff0000;\">Sisla<\/span><\/a><\/span>,\u00a0<span style=\"color: #ff0000;\"><a href=\"https:\/\/www.satveg.cnptia.embrapa.br\/satveg\/login.html\" target=\"_blank\"><span style=\"color: #ff0000;\">SatVeg<\/span><\/a><\/span>,\u00a0<span style=\"color: #ff0000;\"><a href=\"https:\/\/www.planeja.cnptia.embrapa.br\/\" target=\"_blank\"><span style=\"color: #ff0000;\">Planeja<\/span><\/a>\u00a0<\/span>e o\u00a0<span style=\"color: #ff0000;\"><a href=\"https:\/\/www.webambiente.gov.br\/\" target=\"_blank\"><span style=\"color: #ff0000;\">Web Ambiente<\/span><\/a><\/span>.<\/p>\n<p><strong>VER PRIMEIRO<\/strong><\/p>\n<p>Receba as not\u00edcias do Aconteceu no Vale em primeira m\u00e3o. Clique em curtir no endere\u00e7o <a href=\"https:\/\/www.facebook.com\/aconteceunovale\" target=\"_blank\"><font color=\"red\">www.facebook.com\/aconteceunovale<\/font><\/a> ou no box abaixo:<\/p>\n<div class=\"fb-like\" data-href=\"https:\/\/www.facebook.com\/aconteceunovale\" data-width=\"120\" data-layout=\"standard\" data-action=\"like\" data-size=\"small\" data-show-faces=\"true\" data-share=\"true\"><\/div>\n<p><\/br><\/p>\n<p><em>(Fonte: Ag\u00eancia Minas)<\/em><\/p>\n","protected":false},"excerpt":{"rendered":"<p>A utiliza\u00e7\u00e3o de equipamentos de precis\u00e3o que permitem poupar insumos e reduzir impactos no meio ambiente n\u00e3o \u00e9 mais privil\u00e9gio dos grandes produtores. A tecnologia digital tem impulsionado o agroneg\u00f3cio em Minas Gerais, melhorando a qualidade dos produtos, aumentando a competitividade e elevando a renda no campo. O\u00a0Governo de Minas Gerais\u00a0tem estimulado este movimento no [&hellip;]<\/p>\n","protected":false},"author":1,"featured_media":130832,"comment_status":"open","ping_status":"closed","sticky":false,"template":"","format":"standard","meta":{"amp_status":"","footnotes":""},"categories":[123,40247],"tags":[172858,172852,172850,20955,20954,172855,1541,172854,172853,172857,172845,172847,172848,172846,172849,172844,172856,172851],"class_list":["post-130831","post","type-post","status-publish","format-standard","has-post-thumbnail","hentry","category-gerais","category-tecnologia-2","tag-ademilson-borges","tag-agritempo","tag-alessandro-alves-hervaz","tag-ima","tag-instituto-mineiro-de-agropecuaria","tag-planeja","tag-sao-goncalo-do-sapucai","tag-satveg","tag-sisla","tag-tecnologia-digital-aumenta-competitividade-e-melhora-a-vida-no-campo","tag-tecnologia-digital-no-campo","tag-tecnologia-na-cultura-do-cafe","tag-tecnologia-na-lavoura","tag-tecnologia-na-producao-de-cafe","tag-tecnologia-para-aumentar-renda-no-campo","tag-utilizacao-de-equipamentos-de-precisao-que-permitem-poupar-insumos-e-reduzir-impactos-no-meio-ambiente-nao-e-mais-privilegio-dos-grandes-produtores","tag-web-ambiente","tag-webagritec"],"_links":{"self":[{"href":"https:\/\/aconteceunovale.com.br\/portal\/index.php?rest_route=\/wp\/v2\/posts\/130831","targetHints":{"allow":["GET"]}}],"collection":[{"href":"https:\/\/aconteceunovale.com.br\/portal\/index.php?rest_route=\/wp\/v2\/posts"}],"about":[{"href":"https:\/\/aconteceunovale.com.br\/portal\/index.php?rest_route=\/wp\/v2\/types\/post"}],"author":[{"embeddable":true,"href":"https:\/\/aconteceunovale.com.br\/portal\/index.php?rest_route=\/wp\/v2\/users\/1"}],"replies":[{"embeddable":true,"href":"https:\/\/aconteceunovale.com.br\/portal\/index.php?rest_route=%2Fwp%2Fv2%2Fcomments&post=130831"}],"version-history":[{"count":0,"href":"https:\/\/aconteceunovale.com.br\/portal\/index.php?rest_route=\/wp\/v2\/posts\/130831\/revisions"}],"wp:featuredmedia":[{"embeddable":true,"href":"https:\/\/aconteceunovale.com.br\/portal\/index.php?rest_route=\/wp\/v2\/media\/130832"}],"wp:attachment":[{"href":"https:\/\/aconteceunovale.com.br\/portal\/index.php?rest_route=%2Fwp%2Fv2%2Fmedia&parent=130831"}],"wp:term":[{"taxonomy":"category","embeddable":true,"href":"https:\/\/aconteceunovale.com.br\/portal\/index.php?rest_route=%2Fwp%2Fv2%2Fcategories&post=130831"},{"taxonomy":"post_tag","embeddable":true,"href":"https:\/\/aconteceunovale.com.br\/portal\/index.php?rest_route=%2Fwp%2Fv2%2Ftags&post=130831"}],"curies":[{"name":"wp","href":"https:\/\/api.w.org\/{rel}","templated":true}]}}