{"id":130735,"date":"2018-04-15T00:53:43","date_gmt":"2018-04-15T02:53:43","guid":{"rendered":"http:\/\/aconteceunovale.com.br\/portal\/?p=130735"},"modified":"2018-04-15T00:53:43","modified_gmt":"2018-04-15T02:53:43","slug":"cerca-de-27-milhoes-de-trabalhadores-ainda-nao-sacaram-o-abono-salarial-de-2016","status":"publish","type":"post","link":"https:\/\/aconteceunovale.com.br\/portal\/?p=130735","title":{"rendered":"Cerca de 2,7 milh\u00f5es de trabalhadores ainda n\u00e3o sacaram o Abono Salarial de 2016"},"content":{"rendered":"<p>Cerca de 2,7 milh\u00f5es de trabalhadores ainda n\u00e3o sacaram o Abono Salarial PIS\/Pasep ano-base 2016, alerta o Minist\u00e9rio do Trabalho, restando assim valor superior a R$ 2 bilh\u00f5es. O prazo para o saque vai at\u00e9 29 de junho.<\/p>\n<p>Para sacar, o trabalhador da iniciativa privada deve entrar em contato com a Caixa Econ\u00f4mica Federal, enquanto os servidores p\u00fablicos recebem a quantia pelo Banco do Brasil.<\/p>\n<p>J\u00e1 retiraram o benef\u00edcio mais de 21,7 milh\u00f5es de pessoas (R$ 16,1 bilh\u00f5es), quase 89% do total, desde 27 de julho do ano passado. Os valores que n\u00e3o forem sacados ir\u00e3o retornar ao Fundo de Amparo ao Trabalhador (FAT) e ser\u00e3o utilizados no pagamento do Seguro-Desemprego e do Abono Salarial do ano que vem.<\/p>\n<p><strong>VER PRIMEIRO<\/strong><\/p>\n<p>Receba as not\u00edcias do Aconteceu no Vale em primeira m\u00e3o. Clique em curtir no endere\u00e7o <a href=\"https:\/\/www.facebook.com\/aconteceunovale\" target=\"_blank\"><font color=\"red\">www.facebook.com\/aconteceunovale<\/font><\/a> ou no box abaixo:<\/p>\n<div class=\"fb-like\" data-href=\"https:\/\/www.facebook.com\/aconteceunovale\" data-width=\"120\" data-layout=\"standard\" data-action=\"like\" data-size=\"small\" data-show-faces=\"true\" data-share=\"true\"><\/div>\n<p><\/br><\/p>\n<p><em>(Fonte: Minist\u00e9rio do Trabalho)<\/em><\/p>\n","protected":false},"excerpt":{"rendered":"<p>Cerca de 2,7 milh\u00f5es de trabalhadores ainda n\u00e3o sacaram o Abono Salarial PIS\/Pasep ano-base 2016, alerta o Minist\u00e9rio do Trabalho, restando assim valor superior a R$ 2 bilh\u00f5es. O prazo para o saque vai at\u00e9 29 de junho. Para sacar, o trabalhador da iniciativa privada deve entrar em contato com a Caixa Econ\u00f4mica Federal, enquanto [&hellip;]<\/p>\n","protected":false},"author":1,"featured_media":71700,"comment_status":"open","ping_status":"closed","sticky":false,"template":"","format":"standard","meta":{"amp_status":"","footnotes":""},"categories":[6],"tags":[172675,48754,172671,172674,172676,19008,88209,172673,172672],"class_list":["post-130735","post","type-post","status-publish","format-standard","has-post-thumbnail","hentry","category-br","tag-7-milhoes-de-trabalhadores-ainda-nao-sacaram-o-abono-salarial-de-2016","tag-abono-salarial","tag-abono-salarial-pispasep-ano-base-2016","tag-cerca-de-2","tag-cerca-de-2-7-milhoes-de-trabalhadores-ainda-nao-sacaram-o-abono-salarial-de-2016","tag-ministerio-do-trabalho","tag-pispasep","tag-sacar-abono-salarial-pispasep-ano-base-2016","tag-saque-abono-salarial-pispasep-ano-base-2016"],"yoast_head":"<!-- This site is optimized with the Yoast SEO plugin v28.3 - https:\/\/yoast.com\/product\/yoast-seo-wordpress\/ -->\n<title>Cerca de 2,7 milh\u00f5es de trabalhadores ainda n\u00e3o sacaram o Abono Salarial de 2016 - Aconteceu no Vale<\/title>\n<meta name=\"robots\" content=\"index, follow, max-snippet:-1, max-image-preview:large, max-video-preview:-1\" \/>\n<link rel=\"canonical\" href=\"https:\/\/aconteceunovale.com.br\/portal\/?p=130735\" \/>\n<meta property=\"og:locale\" content=\"pt_BR\" \/>\n<meta property=\"og:type\" content=\"article\" \/>\n<meta property=\"og:title\" content=\"Cerca de 2,7 milh\u00f5es de trabalhadores ainda n\u00e3o sacaram o Abono Salarial de 2016 - Aconteceu no Vale\" \/>\n<meta property=\"og:description\" content=\"Cerca de 2,7 milh\u00f5es de trabalhadores ainda n\u00e3o sacaram o Abono Salarial PIS\/Pasep ano-base 2016, alerta o Minist\u00e9rio do Trabalho, restando assim valor superior a R$ 2 bilh\u00f5es. O prazo para o saque vai at\u00e9 29 de junho. Para sacar, o trabalhador da iniciativa privada deve entrar em contato com a Caixa Econ\u00f4mica Federal, enquanto [&hellip;]\" \/>\n<meta property=\"og:url\" content=\"https:\/\/aconteceunovale.com.br\/portal\/?p=130735\" \/>\n<meta property=\"og:site_name\" content=\"Aconteceu no Vale\" \/>\n<meta property=\"article:publisher\" content=\"https:\/\/www.facebook.com\/aconteceunovale\/\" \/>\n<meta property=\"article:published_time\" content=\"2018-04-15T02:53:43+00:00\" \/>\n<meta property=\"og:image\" content=\"https:\/\/aconteceunovale.com.br\/portal\/wp-content\/uploads\/2015\/10\/13_salario.jpg\" \/>\n\t<meta property=\"og:image:width\" content=\"615\" \/>\n\t<meta property=\"og:image:height\" content=\"300\" \/>\n\t<meta property=\"og:image:type\" content=\"image\/jpeg\" \/>\n<meta name=\"author\" content=\"Aconteceu no Vale\" \/>\n<meta name=\"twitter:card\" content=\"summary_large_image\" \/>\n<meta name=\"twitter:creator\" content=\"@noticiadosvales\" \/>\n<meta name=\"twitter:site\" content=\"@noticiadosvales\" \/>\n<meta name=\"twitter:label1\" content=\"Escrito por\" \/>\n\t<meta name=\"twitter:data1\" content=\"Aconteceu no Vale\" \/>\n\t<meta name=\"twitter:label2\" content=\"Est. tempo de leitura\" \/>\n\t<meta name=\"twitter:data2\" content=\"1 minuto\" \/>\n<script type=\"application\/ld+json\" class=\"yoast-schema-graph\">{\"@context\":\"https:\\\/\\\/schema.org\",\"@graph\":[{\"@type\":\"Article\",\"@id\":\"https:\\\/\\\/aconteceunovale.com.br\\\/portal\\\/?p=130735#article\",\"isPartOf\":{\"@id\":\"https:\\\/\\\/aconteceunovale.com.br\\\/portal\\\/?p=130735\"},\"author\":{\"name\":\"Aconteceu no Vale\",\"@id\":\"https:\\\/\\\/aconteceunovale.com.br\\\/portal\\\/#\\\/schema\\\/person\\\/633529146f2c94272bef50ac2953d589\"},\"headline\":\"Cerca de 2,7 milh\u00f5es de trabalhadores ainda n\u00e3o sacaram o Abono Salarial de 2016\",\"datePublished\":\"2018-04-15T02:53:43+00:00\",\"mainEntityOfPage\":{\"@id\":\"https:\\\/\\\/aconteceunovale.com.br\\\/portal\\\/?p=130735\"},\"wordCount\":171,\"commentCount\":0,\"image\":{\"@id\":\"https:\\\/\\\/aconteceunovale.com.br\\\/portal\\\/?p=130735#primaryimage\"},\"thumbnailUrl\":\"https:\\\/\\\/aconteceunovale.com.br\\\/portal\\\/wp-content\\\/uploads\\\/2015\\\/10\\\/13_salario.jpg\",\"keywords\":[\"7 milh\u00f5es de trabalhadores ainda n\u00e3o sacaram o Abono Salarial de 2016\",\"abono salarial\",\"Abono Salarial PIS\\\/Pasep ano-base 2016\",\"Cerca de 2\",\"Cerca de 2.7 milh\u00f5es de trabalhadores ainda n\u00e3o sacaram o Abono Salarial de 2016\",\"Minist\u00e9rio do Trabalho\",\"PIS\\\/Pasep\",\"Sacar Abono Salarial PIS\\\/Pasep ano-base 2016\",\"Saque Abono Salarial PIS\\\/Pasep ano-base 2016\"],\"articleSection\":[\"Brasil\"],\"inLanguage\":\"pt-BR\",\"potentialAction\":[{\"@type\":\"CommentAction\",\"name\":\"Comment\",\"target\":[\"https:\\\/\\\/aconteceunovale.com.br\\\/portal\\\/?p=130735#respond\"]}]},{\"@type\":\"WebPage\",\"@id\":\"https:\\\/\\\/aconteceunovale.com.br\\\/portal\\\/?p=130735\",\"url\":\"https:\\\/\\\/aconteceunovale.com.br\\\/portal\\\/?p=130735\",\"name\":\"Cerca de 2,7 milh\u00f5es de trabalhadores ainda n\u00e3o sacaram o Abono Salarial de 2016 - Aconteceu no Vale\",\"isPartOf\":{\"@id\":\"https:\\\/\\\/aconteceunovale.com.br\\\/portal\\\/#website\"},\"primaryImageOfPage\":{\"@id\":\"https:\\\/\\\/aconteceunovale.com.br\\\/portal\\\/?p=130735#primaryimage\"},\"image\":{\"@id\":\"https:\\\/\\\/aconteceunovale.com.br\\\/portal\\\/?p=130735#primaryimage\"},\"thumbnailUrl\":\"https:\\\/\\\/aconteceunovale.com.br\\\/portal\\\/wp-content\\\/uploads\\\/2015\\\/10\\\/13_salario.jpg\",\"datePublished\":\"2018-04-15T02:53:43+00:00\",\"author\":{\"@id\":\"https:\\\/\\\/aconteceunovale.com.br\\\/portal\\\/#\\\/schema\\\/person\\\/633529146f2c94272bef50ac2953d589\"},\"breadcrumb\":{\"@id\":\"https:\\\/\\\/aconteceunovale.com.br\\\/portal\\\/?p=130735#breadcrumb\"},\"inLanguage\":\"pt-BR\",\"potentialAction\":[{\"@type\":\"ReadAction\",\"target\":[\"https:\\\/\\\/aconteceunovale.com.br\\\/portal\\\/?p=130735\"]}]},{\"@type\":\"ImageObject\",\"inLanguage\":\"pt-BR\",\"@id\":\"https:\\\/\\\/aconteceunovale.com.br\\\/portal\\\/?p=130735#primaryimage\",\"url\":\"https:\\\/\\\/aconteceunovale.com.br\\\/portal\\\/wp-content\\\/uploads\\\/2015\\\/10\\\/13_salario.jpg\",\"contentUrl\":\"https:\\\/\\\/aconteceunovale.com.br\\\/portal\\\/wp-content\\\/uploads\\\/2015\\\/10\\\/13_salario.jpg\",\"width\":615,\"height\":300},{\"@type\":\"BreadcrumbList\",\"@id\":\"https:\\\/\\\/aconteceunovale.com.br\\\/portal\\\/?p=130735#breadcrumb\",\"itemListElement\":[{\"@type\":\"ListItem\",\"position\":1,\"name\":\"In\u00edcio\",\"item\":\"https:\\\/\\\/aconteceunovale.com.br\\\/portal\\\/\"},{\"@type\":\"ListItem\",\"position\":2,\"name\":\"Cerca de 2,7 milh\u00f5es de trabalhadores ainda n\u00e3o sacaram o Abono Salarial de 2016\"}]},{\"@type\":\"WebSite\",\"@id\":\"https:\\\/\\\/aconteceunovale.com.br\\\/portal\\\/#website\",\"url\":\"https:\\\/\\\/aconteceunovale.com.br\\\/portal\\\/\",\"name\":\"Aconteceu no Vale\",\"description\":\"Portal de Not\u00edcias\",\"potentialAction\":[{\"@type\":\"SearchAction\",\"target\":{\"@type\":\"EntryPoint\",\"urlTemplate\":\"https:\\\/\\\/aconteceunovale.com.br\\\/portal\\\/?s={search_term_string}\"},\"query-input\":{\"@type\":\"PropertyValueSpecification\",\"valueRequired\":true,\"valueName\":\"search_term_string\"}}],\"inLanguage\":\"pt-BR\"},{\"@type\":\"Person\",\"@id\":\"https:\\\/\\\/aconteceunovale.com.br\\\/portal\\\/#\\\/schema\\\/person\\\/633529146f2c94272bef50ac2953d589\",\"name\":\"Aconteceu no Vale\",\"description\":\"Equipe de reportagem do Aconteceu no Vale, portal de not\u00edcias do Vale do Jequitinhonha, em Minas Gerais. Cobrimos as 51 cidades do Vale desde 2013. Sugest\u00f5es de pauta e pedidos de corre\u00e7\u00e3o: contato@aconteceunovale.com.br\",\"sameAs\":[\"http:\\\/\\\/www.aconteceunovale.com.br\"],\"url\":\"https:\\\/\\\/aconteceunovale.com.br\\\/portal\\\/?author=1\"}]}<\/script>\n<!-- \/ Yoast SEO plugin. -->","yoast_head_json":{"title":"Cerca de 2,7 milh\u00f5es de trabalhadores ainda n\u00e3o sacaram o Abono Salarial de 2016 - Aconteceu no Vale","robots":{"index":"index","follow":"follow","max-snippet":"max-snippet:-1","max-image-preview":"max-image-preview:large","max-video-preview":"max-video-preview:-1"},"canonical":"https:\/\/aconteceunovale.com.br\/portal\/?p=130735","og_locale":"pt_BR","og_type":"article","og_title":"Cerca de 2,7 milh\u00f5es de trabalhadores ainda n\u00e3o sacaram o Abono Salarial de 2016 - Aconteceu no Vale","og_description":"Cerca de 2,7 milh\u00f5es de trabalhadores ainda n\u00e3o sacaram o Abono Salarial PIS\/Pasep ano-base 2016, alerta o Minist\u00e9rio do Trabalho, restando assim valor superior a R$ 2 bilh\u00f5es. O prazo para o saque vai at\u00e9 29 de junho. Para sacar, o trabalhador da iniciativa privada deve entrar em contato com a Caixa Econ\u00f4mica Federal, enquanto [&hellip;]","og_url":"https:\/\/aconteceunovale.com.br\/portal\/?p=130735","og_site_name":"Aconteceu no Vale","article_publisher":"https:\/\/www.facebook.com\/aconteceunovale\/","article_published_time":"2018-04-15T02:53:43+00:00","og_image":[{"width":615,"height":300,"url":"https:\/\/aconteceunovale.com.br\/portal\/wp-content\/uploads\/2015\/10\/13_salario.jpg","type":"image\/jpeg"}],"author":"Aconteceu no Vale","twitter_card":"summary_large_image","twitter_creator":"@noticiadosvales","twitter_site":"@noticiadosvales","twitter_misc":{"Escrito por":"Aconteceu no Vale","Est. tempo de leitura":"1 minuto"},"schema":{"@context":"https:\/\/schema.org","@graph":[{"@type":"Article","@id":"https:\/\/aconteceunovale.com.br\/portal\/?p=130735#article","isPartOf":{"@id":"https:\/\/aconteceunovale.com.br\/portal\/?p=130735"},"author":{"name":"Aconteceu no Vale","@id":"https:\/\/aconteceunovale.com.br\/portal\/#\/schema\/person\/633529146f2c94272bef50ac2953d589"},"headline":"Cerca de 2,7 milh\u00f5es de trabalhadores ainda n\u00e3o sacaram o Abono Salarial de 2016","datePublished":"2018-04-15T02:53:43+00:00","mainEntityOfPage":{"@id":"https:\/\/aconteceunovale.com.br\/portal\/?p=130735"},"wordCount":171,"commentCount":0,"image":{"@id":"https:\/\/aconteceunovale.com.br\/portal\/?p=130735#primaryimage"},"thumbnailUrl":"https:\/\/aconteceunovale.com.br\/portal\/wp-content\/uploads\/2015\/10\/13_salario.jpg","keywords":["7 milh\u00f5es de trabalhadores ainda n\u00e3o sacaram o Abono Salarial de 2016","abono salarial","Abono Salarial PIS\/Pasep ano-base 2016","Cerca de 2","Cerca de 2.7 milh\u00f5es de trabalhadores ainda n\u00e3o sacaram o Abono Salarial de 2016","Minist\u00e9rio do Trabalho","PIS\/Pasep","Sacar Abono Salarial PIS\/Pasep ano-base 2016","Saque Abono Salarial PIS\/Pasep ano-base 2016"],"articleSection":["Brasil"],"inLanguage":"pt-BR","potentialAction":[{"@type":"CommentAction","name":"Comment","target":["https:\/\/aconteceunovale.com.br\/portal\/?p=130735#respond"]}]},{"@type":"WebPage","@id":"https:\/\/aconteceunovale.com.br\/portal\/?p=130735","url":"https:\/\/aconteceunovale.com.br\/portal\/?p=130735","name":"Cerca de 2,7 milh\u00f5es de trabalhadores ainda n\u00e3o sacaram o Abono Salarial de 2016 - Aconteceu no Vale","isPartOf":{"@id":"https:\/\/aconteceunovale.com.br\/portal\/#website"},"primaryImageOfPage":{"@id":"https:\/\/aconteceunovale.com.br\/portal\/?p=130735#primaryimage"},"image":{"@id":"https:\/\/aconteceunovale.com.br\/portal\/?p=130735#primaryimage"},"thumbnailUrl":"https:\/\/aconteceunovale.com.br\/portal\/wp-content\/uploads\/2015\/10\/13_salario.jpg","datePublished":"2018-04-15T02:53:43+00:00","author":{"@id":"https:\/\/aconteceunovale.com.br\/portal\/#\/schema\/person\/633529146f2c94272bef50ac2953d589"},"breadcrumb":{"@id":"https:\/\/aconteceunovale.com.br\/portal\/?p=130735#breadcrumb"},"inLanguage":"pt-BR","potentialAction":[{"@type":"ReadAction","target":["https:\/\/aconteceunovale.com.br\/portal\/?p=130735"]}]},{"@type":"ImageObject","inLanguage":"pt-BR","@id":"https:\/\/aconteceunovale.com.br\/portal\/?p=130735#primaryimage","url":"https:\/\/aconteceunovale.com.br\/portal\/wp-content\/uploads\/2015\/10\/13_salario.jpg","contentUrl":"https:\/\/aconteceunovale.com.br\/portal\/wp-content\/uploads\/2015\/10\/13_salario.jpg","width":615,"height":300},{"@type":"BreadcrumbList","@id":"https:\/\/aconteceunovale.com.br\/portal\/?p=130735#breadcrumb","itemListElement":[{"@type":"ListItem","position":1,"name":"In\u00edcio","item":"https:\/\/aconteceunovale.com.br\/portal\/"},{"@type":"ListItem","position":2,"name":"Cerca de 2,7 milh\u00f5es de trabalhadores ainda n\u00e3o sacaram o Abono Salarial de 2016"}]},{"@type":"WebSite","@id":"https:\/\/aconteceunovale.com.br\/portal\/#website","url":"https:\/\/aconteceunovale.com.br\/portal\/","name":"Aconteceu no Vale","description":"Portal de Not\u00edcias","potentialAction":[{"@type":"SearchAction","target":{"@type":"EntryPoint","urlTemplate":"https:\/\/aconteceunovale.com.br\/portal\/?s={search_term_string}"},"query-input":{"@type":"PropertyValueSpecification","valueRequired":true,"valueName":"search_term_string"}}],"inLanguage":"pt-BR"},{"@type":"Person","@id":"https:\/\/aconteceunovale.com.br\/portal\/#\/schema\/person\/633529146f2c94272bef50ac2953d589","name":"Aconteceu no Vale","description":"Equipe de reportagem do Aconteceu no Vale, portal de not\u00edcias do Vale do Jequitinhonha, em Minas Gerais. Cobrimos as 51 cidades do Vale desde 2013. Sugest\u00f5es de pauta e pedidos de corre\u00e7\u00e3o: contato@aconteceunovale.com.br","sameAs":["http:\/\/www.aconteceunovale.com.br"],"url":"https:\/\/aconteceunovale.com.br\/portal\/?author=1"}]}},"_links":{"self":[{"href":"https:\/\/aconteceunovale.com.br\/portal\/index.php?rest_route=\/wp\/v2\/posts\/130735","targetHints":{"allow":["GET"]}}],"collection":[{"href":"https:\/\/aconteceunovale.com.br\/portal\/index.php?rest_route=\/wp\/v2\/posts"}],"about":[{"href":"https:\/\/aconteceunovale.com.br\/portal\/index.php?rest_route=\/wp\/v2\/types\/post"}],"author":[{"embeddable":true,"href":"https:\/\/aconteceunovale.com.br\/portal\/index.php?rest_route=\/wp\/v2\/users\/1"}],"replies":[{"embeddable":true,"href":"https:\/\/aconteceunovale.com.br\/portal\/index.php?rest_route=%2Fwp%2Fv2%2Fcomments&post=130735"}],"version-history":[{"count":0,"href":"https:\/\/aconteceunovale.com.br\/portal\/index.php?rest_route=\/wp\/v2\/posts\/130735\/revisions"}],"wp:featuredmedia":[{"embeddable":true,"href":"https:\/\/aconteceunovale.com.br\/portal\/index.php?rest_route=\/wp\/v2\/media\/71700"}],"wp:attachment":[{"href":"https:\/\/aconteceunovale.com.br\/portal\/index.php?rest_route=%2Fwp%2Fv2%2Fmedia&parent=130735"}],"wp:term":[{"taxonomy":"category","embeddable":true,"href":"https:\/\/aconteceunovale.com.br\/portal\/index.php?rest_route=%2Fwp%2Fv2%2Fcategories&post=130735"},{"taxonomy":"post_tag","embeddable":true,"href":"https:\/\/aconteceunovale.com.br\/portal\/index.php?rest_route=%2Fwp%2Fv2%2Ftags&post=130735"}],"curies":[{"name":"wp","href":"https:\/\/api.w.org\/{rel}","templated":true}]}}