{"id":130732,"date":"2018-04-15T00:50:21","date_gmt":"2018-04-15T02:50:21","guid":{"rendered":"http:\/\/aconteceunovale.com.br\/portal\/?p=130732"},"modified":"2018-04-15T00:50:21","modified_gmt":"2018-04-15T02:50:21","slug":"defesa-civil-nacional-reconhece-estado-de-emergencia-em-tres-municipios-mineiros","status":"publish","type":"post","link":"https:\/\/aconteceunovale.com.br\/portal\/?p=130732","title":{"rendered":"Defesa Civil Nacional reconhece estado de emerg\u00eancia em tr\u00eas munic\u00edpios mineiros"},"content":{"rendered":"<p>Nove munic\u00edpios brasileiros atingidos por desastres naturais tiveram situa\u00e7\u00f5es de emerg\u00eancia reconhecidas pela Secretaria Nacional de Prote\u00e7\u00e3o e Defesa Civil, do Minist\u00e9rio da Integra\u00e7\u00e3o Nacional. A medida ter\u00e1 vig\u00eancia por 180 dias e garantir\u00e1 o apoio do Governo do Brasil \u00e0s fam\u00edlias afetadas pelas chuvas intensas, enxurradas e estiagem.<\/p>\n<p>Os munic\u00edpios afetados s\u00e3o: Engenheiro Caldas e Ub\u00e1, em Minas Gerais; Peixoto de Azevedo, em Mato Grosso; Tacuru, em Mato Grosso do Sul; e S\u00e3o Sebasti\u00e3o, em S\u00e3o Paulo. J\u00e1 na lista de cidades com a medida vigente devido ao extenso per\u00edodo de estiagem est\u00e3o Pinh\u00e3o, em Sergipe; e Claro dos Po\u00e7\u00f5es, em Minas Gerais. Tamb\u00e9m foram reconhecidos os munic\u00edpios de S\u00e3o Geraldo do Araguaia, no Par\u00e1; e Pimenteiras, no Piau\u00ed, por ocorr\u00eancias de enxurradas.<\/p>\n<p>Para ter acesso a recursos emergenciais, as prefeituras devem apresentar o Plano Detalhado de Resposta (PDR), por meio do Sistema Integrado de Informa\u00e7\u00f5es sobre Desastres (S2ID). Ap\u00f3s a an\u00e1lise por equipes da Defesa Civil Nacional, se aprovado, o Minist\u00e9rio da Integra\u00e7\u00e3o define o valor do recurso a ser disponibilizado para a\u00e7\u00f5es emergenciais.<\/p>\n<p><strong>VER PRIMEIRO<\/strong><\/p>\n<p>Receba as not\u00edcias do Aconteceu no Vale em primeira m\u00e3o. Clique em curtir no endere\u00e7o <a href=\"https:\/\/www.facebook.com\/aconteceunovale\" target=\"_blank\"><font color=\"red\">www.facebook.com\/aconteceunovale<\/font><\/a> ou no box abaixo:<\/p>\n<div class=\"fb-like\" data-href=\"https:\/\/www.facebook.com\/aconteceunovale\" data-width=\"120\" data-layout=\"standard\" data-action=\"like\" data-size=\"small\" data-show-faces=\"true\" data-share=\"true\"><\/div>\n<p><\/br><\/p>\n<p><em>(Fonte: Governo do Brasil)<\/em><\/p>\n","protected":false},"excerpt":{"rendered":"<p>Nove munic\u00edpios brasileiros atingidos por desastres naturais tiveram situa\u00e7\u00f5es de emerg\u00eancia reconhecidas pela Secretaria Nacional de Prote\u00e7\u00e3o e Defesa Civil, do Minist\u00e9rio da Integra\u00e7\u00e3o Nacional. A medida ter\u00e1 vig\u00eancia por 180 dias e garantir\u00e1 o apoio do Governo do Brasil \u00e0s fam\u00edlias afetadas pelas chuvas intensas, enxurradas e estiagem. Os munic\u00edpios afetados s\u00e3o: Engenheiro Caldas [&hellip;]<\/p>\n","protected":false},"author":1,"featured_media":130733,"comment_status":"open","ping_status":"closed","sticky":false,"template":"","format":"standard","meta":{"amp_status":"","footnotes":""},"categories":[121,123,1236],"tags":[2801,19650,172670,97776,144663,288,172666,20026,172667,172669,129803,172668,27457,128543,151936,219],"class_list":["post-130732","post","type-post","status-publish","format-standard","has-post-thumbnail","hentry","category-leste","category-gerais","category-norte_de_minas","tag-claro-dos-pocoes","tag-defesa-civil","tag-defesa-civil-nacional-reconhece-estado-de-emergencia-em-tres-municipios-mineiros","tag-desastres-naturais","tag-enchentes","tag-engenheiro-caldas","tag-integracao-nacional","tag-ministerio-da-integracao-nacional","tag-peixoto-de-azevedo","tag-pimenteiras","tag-pinhao","tag-sao-geraldo-do-araguaia","tag-sao-sebastiao","tag-secretaria-nacional-de-protecao-e-defesa-civil","tag-tacuru","tag-uba"],"yoast_head":"<!-- This site is optimized with the Yoast SEO plugin v28.3 - https:\/\/yoast.com\/product\/yoast-seo-wordpress\/ -->\n<title>Defesa Civil Nacional reconhece estado de emerg\u00eancia em tr\u00eas munic\u00edpios mineiros - Aconteceu no Vale<\/title>\n<meta name=\"robots\" content=\"index, follow, max-snippet:-1, max-image-preview:large, max-video-preview:-1\" \/>\n<link rel=\"canonical\" href=\"https:\/\/aconteceunovale.com.br\/portal\/?p=130732\" \/>\n<meta property=\"og:locale\" content=\"pt_BR\" \/>\n<meta property=\"og:type\" content=\"article\" \/>\n<meta property=\"og:title\" content=\"Defesa Civil Nacional reconhece estado de emerg\u00eancia em tr\u00eas munic\u00edpios mineiros - Aconteceu no Vale\" \/>\n<meta property=\"og:description\" content=\"Nove munic\u00edpios brasileiros atingidos por desastres naturais tiveram situa\u00e7\u00f5es de emerg\u00eancia reconhecidas pela Secretaria Nacional de Prote\u00e7\u00e3o e Defesa Civil, do Minist\u00e9rio da Integra\u00e7\u00e3o Nacional. A medida ter\u00e1 vig\u00eancia por 180 dias e garantir\u00e1 o apoio do Governo do Brasil \u00e0s fam\u00edlias afetadas pelas chuvas intensas, enxurradas e estiagem. Os munic\u00edpios afetados s\u00e3o: Engenheiro Caldas [&hellip;]\" \/>\n<meta property=\"og:url\" content=\"https:\/\/aconteceunovale.com.br\/portal\/?p=130732\" \/>\n<meta property=\"og:site_name\" content=\"Aconteceu no Vale\" \/>\n<meta property=\"article:publisher\" content=\"https:\/\/www.facebook.com\/aconteceunovale\/\" \/>\n<meta property=\"article:published_time\" content=\"2018-04-15T02:50:21+00:00\" \/>\n<meta property=\"og:image\" content=\"https:\/\/aconteceunovale.com.br\/portal\/wp-content\/uploads\/2018\/04\/chuva_uba.jpg\" \/>\n\t<meta property=\"og:image:width\" content=\"599\" \/>\n\t<meta property=\"og:image:height\" content=\"450\" \/>\n\t<meta property=\"og:image:type\" content=\"image\/jpeg\" \/>\n<meta name=\"author\" content=\"Aconteceu no Vale\" \/>\n<meta name=\"twitter:card\" content=\"summary_large_image\" \/>\n<meta name=\"twitter:creator\" content=\"@noticiadosvales\" \/>\n<meta name=\"twitter:site\" content=\"@noticiadosvales\" \/>\n<meta name=\"twitter:label1\" content=\"Escrito por\" \/>\n\t<meta name=\"twitter:data1\" content=\"Aconteceu no Vale\" \/>\n\t<meta name=\"twitter:label2\" content=\"Est. tempo de leitura\" \/>\n\t<meta name=\"twitter:data2\" content=\"1 minuto\" \/>\n<script type=\"application\/ld+json\" class=\"yoast-schema-graph\">{\"@context\":\"https:\\\/\\\/schema.org\",\"@graph\":[{\"@type\":\"Article\",\"@id\":\"https:\\\/\\\/aconteceunovale.com.br\\\/portal\\\/?p=130732#article\",\"isPartOf\":{\"@id\":\"https:\\\/\\\/aconteceunovale.com.br\\\/portal\\\/?p=130732\"},\"author\":{\"name\":\"Aconteceu no Vale\",\"@id\":\"https:\\\/\\\/aconteceunovale.com.br\\\/portal\\\/#\\\/schema\\\/person\\\/633529146f2c94272bef50ac2953d589\"},\"headline\":\"Defesa Civil Nacional reconhece estado de emerg\u00eancia em tr\u00eas munic\u00edpios mineiros\",\"datePublished\":\"2018-04-15T02:50:21+00:00\",\"mainEntityOfPage\":{\"@id\":\"https:\\\/\\\/aconteceunovale.com.br\\\/portal\\\/?p=130732\"},\"wordCount\":249,\"commentCount\":0,\"image\":{\"@id\":\"https:\\\/\\\/aconteceunovale.com.br\\\/portal\\\/?p=130732#primaryimage\"},\"thumbnailUrl\":\"https:\\\/\\\/aconteceunovale.com.br\\\/portal\\\/wp-content\\\/uploads\\\/2018\\\/04\\\/chuva_uba.jpg\",\"keywords\":[\"Claro dos Po\u00e7\u00f5es\",\"Defesa Civil\",\"Defesa Civil Nacional reconhece estado de emerg\u00eancia em tr\u00eas munic\u00edpios mineiros\",\"desastres naturais\",\"enchentes\",\"Engenheiro Caldas\",\"Integra\u00e7\u00e3o Nacional\",\"Minist\u00e9rio da Integra\u00e7\u00e3o Nacional\",\"Peixoto de Azevedo\",\"Pimenteiras\",\"Pinh\u00e3o\",\"S\u00e3o Geraldo do Araguaia\",\"S\u00e3o Sebasti\u00e3o\",\"Secretaria Nacional de Prote\u00e7\u00e3o e Defesa Civil\",\"Tacuru\",\"Ub\u00e1\"],\"articleSection\":[\"Leste de Minas\",\"Minas Gerais\",\"Norte de Minas\"],\"inLanguage\":\"pt-BR\",\"potentialAction\":[{\"@type\":\"CommentAction\",\"name\":\"Comment\",\"target\":[\"https:\\\/\\\/aconteceunovale.com.br\\\/portal\\\/?p=130732#respond\"]}]},{\"@type\":\"WebPage\",\"@id\":\"https:\\\/\\\/aconteceunovale.com.br\\\/portal\\\/?p=130732\",\"url\":\"https:\\\/\\\/aconteceunovale.com.br\\\/portal\\\/?p=130732\",\"name\":\"Defesa Civil Nacional reconhece estado de emerg\u00eancia em tr\u00eas munic\u00edpios mineiros - Aconteceu no Vale\",\"isPartOf\":{\"@id\":\"https:\\\/\\\/aconteceunovale.com.br\\\/portal\\\/#website\"},\"primaryImageOfPage\":{\"@id\":\"https:\\\/\\\/aconteceunovale.com.br\\\/portal\\\/?p=130732#primaryimage\"},\"image\":{\"@id\":\"https:\\\/\\\/aconteceunovale.com.br\\\/portal\\\/?p=130732#primaryimage\"},\"thumbnailUrl\":\"https:\\\/\\\/aconteceunovale.com.br\\\/portal\\\/wp-content\\\/uploads\\\/2018\\\/04\\\/chuva_uba.jpg\",\"datePublished\":\"2018-04-15T02:50:21+00:00\",\"author\":{\"@id\":\"https:\\\/\\\/aconteceunovale.com.br\\\/portal\\\/#\\\/schema\\\/person\\\/633529146f2c94272bef50ac2953d589\"},\"breadcrumb\":{\"@id\":\"https:\\\/\\\/aconteceunovale.com.br\\\/portal\\\/?p=130732#breadcrumb\"},\"inLanguage\":\"pt-BR\",\"potentialAction\":[{\"@type\":\"ReadAction\",\"target\":[\"https:\\\/\\\/aconteceunovale.com.br\\\/portal\\\/?p=130732\"]}]},{\"@type\":\"ImageObject\",\"inLanguage\":\"pt-BR\",\"@id\":\"https:\\\/\\\/aconteceunovale.com.br\\\/portal\\\/?p=130732#primaryimage\",\"url\":\"https:\\\/\\\/aconteceunovale.com.br\\\/portal\\\/wp-content\\\/uploads\\\/2018\\\/04\\\/chuva_uba.jpg\",\"contentUrl\":\"https:\\\/\\\/aconteceunovale.com.br\\\/portal\\\/wp-content\\\/uploads\\\/2018\\\/04\\\/chuva_uba.jpg\",\"width\":599,\"height\":450},{\"@type\":\"BreadcrumbList\",\"@id\":\"https:\\\/\\\/aconteceunovale.com.br\\\/portal\\\/?p=130732#breadcrumb\",\"itemListElement\":[{\"@type\":\"ListItem\",\"position\":1,\"name\":\"In\u00edcio\",\"item\":\"https:\\\/\\\/aconteceunovale.com.br\\\/portal\\\/\"},{\"@type\":\"ListItem\",\"position\":2,\"name\":\"Defesa Civil Nacional reconhece estado de emerg\u00eancia em tr\u00eas munic\u00edpios mineiros\"}]},{\"@type\":\"WebSite\",\"@id\":\"https:\\\/\\\/aconteceunovale.com.br\\\/portal\\\/#website\",\"url\":\"https:\\\/\\\/aconteceunovale.com.br\\\/portal\\\/\",\"name\":\"Aconteceu no Vale\",\"description\":\"Portal de Not\u00edcias\",\"potentialAction\":[{\"@type\":\"SearchAction\",\"target\":{\"@type\":\"EntryPoint\",\"urlTemplate\":\"https:\\\/\\\/aconteceunovale.com.br\\\/portal\\\/?s={search_term_string}\"},\"query-input\":{\"@type\":\"PropertyValueSpecification\",\"valueRequired\":true,\"valueName\":\"search_term_string\"}}],\"inLanguage\":\"pt-BR\"},{\"@type\":\"Person\",\"@id\":\"https:\\\/\\\/aconteceunovale.com.br\\\/portal\\\/#\\\/schema\\\/person\\\/633529146f2c94272bef50ac2953d589\",\"name\":\"Aconteceu no Vale\",\"description\":\"Equipe de reportagem do Aconteceu no Vale, portal de not\u00edcias do Vale do Jequitinhonha, em Minas Gerais. Cobrimos as 51 cidades do Vale desde 2013. Sugest\u00f5es de pauta e pedidos de corre\u00e7\u00e3o: contato@aconteceunovale.com.br\",\"sameAs\":[\"http:\\\/\\\/www.aconteceunovale.com.br\"],\"url\":\"https:\\\/\\\/aconteceunovale.com.br\\\/portal\\\/?author=1\"}]}<\/script>\n<!-- \/ Yoast SEO plugin. -->","yoast_head_json":{"title":"Defesa Civil Nacional reconhece estado de emerg\u00eancia em tr\u00eas munic\u00edpios mineiros - Aconteceu no Vale","robots":{"index":"index","follow":"follow","max-snippet":"max-snippet:-1","max-image-preview":"max-image-preview:large","max-video-preview":"max-video-preview:-1"},"canonical":"https:\/\/aconteceunovale.com.br\/portal\/?p=130732","og_locale":"pt_BR","og_type":"article","og_title":"Defesa Civil Nacional reconhece estado de emerg\u00eancia em tr\u00eas munic\u00edpios mineiros - Aconteceu no Vale","og_description":"Nove munic\u00edpios brasileiros atingidos por desastres naturais tiveram situa\u00e7\u00f5es de emerg\u00eancia reconhecidas pela Secretaria Nacional de Prote\u00e7\u00e3o e Defesa Civil, do Minist\u00e9rio da Integra\u00e7\u00e3o Nacional. A medida ter\u00e1 vig\u00eancia por 180 dias e garantir\u00e1 o apoio do Governo do Brasil \u00e0s fam\u00edlias afetadas pelas chuvas intensas, enxurradas e estiagem. Os munic\u00edpios afetados s\u00e3o: Engenheiro Caldas [&hellip;]","og_url":"https:\/\/aconteceunovale.com.br\/portal\/?p=130732","og_site_name":"Aconteceu no Vale","article_publisher":"https:\/\/www.facebook.com\/aconteceunovale\/","article_published_time":"2018-04-15T02:50:21+00:00","og_image":[{"width":599,"height":450,"url":"https:\/\/aconteceunovale.com.br\/portal\/wp-content\/uploads\/2018\/04\/chuva_uba.jpg","type":"image\/jpeg"}],"author":"Aconteceu no Vale","twitter_card":"summary_large_image","twitter_creator":"@noticiadosvales","twitter_site":"@noticiadosvales","twitter_misc":{"Escrito por":"Aconteceu no Vale","Est. tempo de leitura":"1 minuto"},"schema":{"@context":"https:\/\/schema.org","@graph":[{"@type":"Article","@id":"https:\/\/aconteceunovale.com.br\/portal\/?p=130732#article","isPartOf":{"@id":"https:\/\/aconteceunovale.com.br\/portal\/?p=130732"},"author":{"name":"Aconteceu no Vale","@id":"https:\/\/aconteceunovale.com.br\/portal\/#\/schema\/person\/633529146f2c94272bef50ac2953d589"},"headline":"Defesa Civil Nacional reconhece estado de emerg\u00eancia em tr\u00eas munic\u00edpios mineiros","datePublished":"2018-04-15T02:50:21+00:00","mainEntityOfPage":{"@id":"https:\/\/aconteceunovale.com.br\/portal\/?p=130732"},"wordCount":249,"commentCount":0,"image":{"@id":"https:\/\/aconteceunovale.com.br\/portal\/?p=130732#primaryimage"},"thumbnailUrl":"https:\/\/aconteceunovale.com.br\/portal\/wp-content\/uploads\/2018\/04\/chuva_uba.jpg","keywords":["Claro dos Po\u00e7\u00f5es","Defesa Civil","Defesa Civil Nacional reconhece estado de emerg\u00eancia em tr\u00eas munic\u00edpios mineiros","desastres naturais","enchentes","Engenheiro Caldas","Integra\u00e7\u00e3o Nacional","Minist\u00e9rio da Integra\u00e7\u00e3o Nacional","Peixoto de Azevedo","Pimenteiras","Pinh\u00e3o","S\u00e3o Geraldo do Araguaia","S\u00e3o Sebasti\u00e3o","Secretaria Nacional de Prote\u00e7\u00e3o e Defesa Civil","Tacuru","Ub\u00e1"],"articleSection":["Leste de Minas","Minas Gerais","Norte de Minas"],"inLanguage":"pt-BR","potentialAction":[{"@type":"CommentAction","name":"Comment","target":["https:\/\/aconteceunovale.com.br\/portal\/?p=130732#respond"]}]},{"@type":"WebPage","@id":"https:\/\/aconteceunovale.com.br\/portal\/?p=130732","url":"https:\/\/aconteceunovale.com.br\/portal\/?p=130732","name":"Defesa Civil Nacional reconhece estado de emerg\u00eancia em tr\u00eas munic\u00edpios mineiros - Aconteceu no Vale","isPartOf":{"@id":"https:\/\/aconteceunovale.com.br\/portal\/#website"},"primaryImageOfPage":{"@id":"https:\/\/aconteceunovale.com.br\/portal\/?p=130732#primaryimage"},"image":{"@id":"https:\/\/aconteceunovale.com.br\/portal\/?p=130732#primaryimage"},"thumbnailUrl":"https:\/\/aconteceunovale.com.br\/portal\/wp-content\/uploads\/2018\/04\/chuva_uba.jpg","datePublished":"2018-04-15T02:50:21+00:00","author":{"@id":"https:\/\/aconteceunovale.com.br\/portal\/#\/schema\/person\/633529146f2c94272bef50ac2953d589"},"breadcrumb":{"@id":"https:\/\/aconteceunovale.com.br\/portal\/?p=130732#breadcrumb"},"inLanguage":"pt-BR","potentialAction":[{"@type":"ReadAction","target":["https:\/\/aconteceunovale.com.br\/portal\/?p=130732"]}]},{"@type":"ImageObject","inLanguage":"pt-BR","@id":"https:\/\/aconteceunovale.com.br\/portal\/?p=130732#primaryimage","url":"https:\/\/aconteceunovale.com.br\/portal\/wp-content\/uploads\/2018\/04\/chuva_uba.jpg","contentUrl":"https:\/\/aconteceunovale.com.br\/portal\/wp-content\/uploads\/2018\/04\/chuva_uba.jpg","width":599,"height":450},{"@type":"BreadcrumbList","@id":"https:\/\/aconteceunovale.com.br\/portal\/?p=130732#breadcrumb","itemListElement":[{"@type":"ListItem","position":1,"name":"In\u00edcio","item":"https:\/\/aconteceunovale.com.br\/portal\/"},{"@type":"ListItem","position":2,"name":"Defesa Civil Nacional reconhece estado de emerg\u00eancia em tr\u00eas munic\u00edpios mineiros"}]},{"@type":"WebSite","@id":"https:\/\/aconteceunovale.com.br\/portal\/#website","url":"https:\/\/aconteceunovale.com.br\/portal\/","name":"Aconteceu no Vale","description":"Portal de Not\u00edcias","potentialAction":[{"@type":"SearchAction","target":{"@type":"EntryPoint","urlTemplate":"https:\/\/aconteceunovale.com.br\/portal\/?s={search_term_string}"},"query-input":{"@type":"PropertyValueSpecification","valueRequired":true,"valueName":"search_term_string"}}],"inLanguage":"pt-BR"},{"@type":"Person","@id":"https:\/\/aconteceunovale.com.br\/portal\/#\/schema\/person\/633529146f2c94272bef50ac2953d589","name":"Aconteceu no Vale","description":"Equipe de reportagem do Aconteceu no Vale, portal de not\u00edcias do Vale do Jequitinhonha, em Minas Gerais. Cobrimos as 51 cidades do Vale desde 2013. Sugest\u00f5es de pauta e pedidos de corre\u00e7\u00e3o: contato@aconteceunovale.com.br","sameAs":["http:\/\/www.aconteceunovale.com.br"],"url":"https:\/\/aconteceunovale.com.br\/portal\/?author=1"}]}},"_links":{"self":[{"href":"https:\/\/aconteceunovale.com.br\/portal\/index.php?rest_route=\/wp\/v2\/posts\/130732","targetHints":{"allow":["GET"]}}],"collection":[{"href":"https:\/\/aconteceunovale.com.br\/portal\/index.php?rest_route=\/wp\/v2\/posts"}],"about":[{"href":"https:\/\/aconteceunovale.com.br\/portal\/index.php?rest_route=\/wp\/v2\/types\/post"}],"author":[{"embeddable":true,"href":"https:\/\/aconteceunovale.com.br\/portal\/index.php?rest_route=\/wp\/v2\/users\/1"}],"replies":[{"embeddable":true,"href":"https:\/\/aconteceunovale.com.br\/portal\/index.php?rest_route=%2Fwp%2Fv2%2Fcomments&post=130732"}],"version-history":[{"count":0,"href":"https:\/\/aconteceunovale.com.br\/portal\/index.php?rest_route=\/wp\/v2\/posts\/130732\/revisions"}],"wp:featuredmedia":[{"embeddable":true,"href":"https:\/\/aconteceunovale.com.br\/portal\/index.php?rest_route=\/wp\/v2\/media\/130733"}],"wp:attachment":[{"href":"https:\/\/aconteceunovale.com.br\/portal\/index.php?rest_route=%2Fwp%2Fv2%2Fmedia&parent=130732"}],"wp:term":[{"taxonomy":"category","embeddable":true,"href":"https:\/\/aconteceunovale.com.br\/portal\/index.php?rest_route=%2Fwp%2Fv2%2Fcategories&post=130732"},{"taxonomy":"post_tag","embeddable":true,"href":"https:\/\/aconteceunovale.com.br\/portal\/index.php?rest_route=%2Fwp%2Fv2%2Ftags&post=130732"}],"curies":[{"name":"wp","href":"https:\/\/api.w.org\/{rel}","templated":true}]}}