{"id":130720,"date":"2018-04-14T22:40:52","date_gmt":"2018-04-15T00:40:52","guid":{"rendered":"http:\/\/aconteceunovale.com.br\/portal\/?p=130720"},"modified":"2018-04-14T22:40:52","modified_gmt":"2018-04-15T00:40:52","slug":"certificado-internacional-de-vacinacao-ja-e-emitido-em-montes-claros","status":"publish","type":"post","link":"https:\/\/aconteceunovale.com.br\/portal\/?p=130720","title":{"rendered":"Certificado Internacional de Vacina\u00e7\u00e3o j\u00e1 \u00e9 emitido em Montes Claros"},"content":{"rendered":"<p>O Certificado Internacional de Vacina\u00e7\u00e3o ou Profilaxia (CIVP) \u00e9 um documento que comprova a imuniza\u00e7\u00e3o contra determinadas doen\u00e7as, conforme est\u00e1 estabelecido no Regulamento Sanit\u00e1rio Internacional, e \u00e9 exigido ao entrar em alguns pa\u00edses.<\/p>\n<p>Antes, os montes-clarenses que desejavam viajar a pa\u00edses que exigiam o documento eram obrigados a solicit\u00e1-lo no posto da Ag\u00eancia Nacional de Vigil\u00e2ncia Sanit\u00e1ria (ANVISA) localizado em Belo Horizonte, o que se traduzia em um gasto financeiro maior e a necessidade de um deslocamento a mais para aqueles que fossem viajar.<\/p>\n<p>Agora, esta situa\u00e7\u00e3o mudou, pois a Secretaria de Sa\u00fade da Prefeitura de Montes Claros, desde outubro de 2017, est\u00e1 emitindo o CIVP em sua sede, no bairro Monte Carmelo. Para requerer o documento, que \u00e9 gratuito, o cidad\u00e3o deve comprovar sua viagem e apresentar o certificado de vacina\u00e7\u00e3o contra febre amarela. Tamb\u00e9m \u00e9 necess\u00e1rio que se fa\u00e7a um cadastro pr\u00e9vio atrav\u00e9s do link <a href=\"https:\/\/viajante.anvisa.gov.br\/viajante\/\" target=\"_blank\">www.anvisa.gov.br\/viajante<\/a>.<\/p>\n<p>\u00c9 interessante salientar que apenas alguns pa\u00edses solicitam o CIVP. A lista com os pa\u00edses que exigem o certificado est\u00e1 dispon\u00edvel no site da ANVISA. Mais informa\u00e7\u00f5es podem ser obtidas pelo telefone (38) 2211-4336.<\/p>\n<p><strong>VER PRIMEIRO<\/strong><\/p>\n<p>Receba as not\u00edcias do Aconteceu no Vale em primeira m\u00e3o. Clique em curtir no endere\u00e7o <a href=\"https:\/\/www.facebook.com\/aconteceunovale\" target=\"_blank\"><font color=\"red\">www.facebook.com\/aconteceunovale<\/font><\/a> ou no box abaixo:<\/p>\n<div class=\"fb-like\" data-href=\"https:\/\/www.facebook.com\/aconteceunovale\" data-width=\"120\" data-layout=\"standard\" data-action=\"like\" data-size=\"small\" data-show-faces=\"true\" data-share=\"true\"><\/div>\n<p><\/br><\/p>\n<p><em>(Fonte: Prefeitura de Montes Claros)<\/em><\/p>\n","protected":false},"excerpt":{"rendered":"<p>O Certificado Internacional de Vacina\u00e7\u00e3o ou Profilaxia (CIVP) \u00e9 um documento que comprova a imuniza\u00e7\u00e3o contra determinadas doen\u00e7as, conforme est\u00e1 estabelecido no Regulamento Sanit\u00e1rio Internacional, e \u00e9 exigido ao entrar em alguns pa\u00edses. Antes, os montes-clarenses que desejavam viajar a pa\u00edses que exigiam o documento eram obrigados a solicit\u00e1-lo no posto da Ag\u00eancia Nacional de [&hellip;]<\/p>\n","protected":false},"author":1,"featured_media":130721,"comment_status":"open","ping_status":"closed","sticky":false,"template":"","format":"standard","meta":{"amp_status":"","footnotes":""},"categories":[1236,40242],"tags":[33007,51320,172651,172652,172656,172654,172653,172655,210],"class_list":["post-130720","post","type-post","status-publish","format-standard","has-post-thumbnail","hentry","category-norte_de_minas","category-saude-2","tag-certificado-internacional-de-vacinacao","tag-certificado-internacional-de-vacinacao-e-profilaxia","tag-certificado-internacional-de-vacinacao-e-profilaxia-em-montes-claros","tag-certificado-internacional-de-vacinacao-em-montes-claros","tag-certificado-internacional-de-vacinacao-ja-e-emitido-em-montes-claros","tag-civp-em-montes-claros","tag-emissao-de-certificado-internacional-de-vacinacao-em-montes-claros","tag-emissao-de-civp-em-montes-claros","tag-montes-claros"],"yoast_head":"<!-- This site is optimized with the Yoast SEO plugin v28.3 - https:\/\/yoast.com\/product\/yoast-seo-wordpress\/ -->\n<title>Certificado Internacional de Vacina\u00e7\u00e3o j\u00e1 \u00e9 emitido em Montes Claros - Aconteceu no Vale<\/title>\n<meta name=\"robots\" content=\"index, follow, max-snippet:-1, max-image-preview:large, max-video-preview:-1\" \/>\n<link rel=\"canonical\" href=\"https:\/\/aconteceunovale.com.br\/portal\/?p=130720\" \/>\n<meta property=\"og:locale\" content=\"pt_BR\" \/>\n<meta property=\"og:type\" content=\"article\" \/>\n<meta property=\"og:title\" content=\"Certificado Internacional de Vacina\u00e7\u00e3o j\u00e1 \u00e9 emitido em Montes Claros - Aconteceu no Vale\" \/>\n<meta property=\"og:description\" content=\"O Certificado Internacional de Vacina\u00e7\u00e3o ou Profilaxia (CIVP) \u00e9 um documento que comprova a imuniza\u00e7\u00e3o contra determinadas doen\u00e7as, conforme est\u00e1 estabelecido no Regulamento Sanit\u00e1rio Internacional, e \u00e9 exigido ao entrar em alguns pa\u00edses. Antes, os montes-clarenses que desejavam viajar a pa\u00edses que exigiam o documento eram obrigados a solicit\u00e1-lo no posto da Ag\u00eancia Nacional de [&hellip;]\" \/>\n<meta property=\"og:url\" content=\"https:\/\/aconteceunovale.com.br\/portal\/?p=130720\" \/>\n<meta property=\"og:site_name\" content=\"Aconteceu no Vale\" \/>\n<meta property=\"article:publisher\" content=\"https:\/\/www.facebook.com\/aconteceunovale\/\" \/>\n<meta property=\"article:published_time\" content=\"2018-04-15T00:40:52+00:00\" \/>\n<meta property=\"og:image\" content=\"https:\/\/aconteceunovale.com.br\/portal\/wp-content\/uploads\/2018\/04\/cvip.jpg\" \/>\n\t<meta property=\"og:image:width\" content=\"675\" \/>\n\t<meta property=\"og:image:height\" content=\"450\" \/>\n\t<meta property=\"og:image:type\" content=\"image\/jpeg\" \/>\n<meta name=\"author\" content=\"Aconteceu no Vale\" \/>\n<meta name=\"twitter:card\" content=\"summary_large_image\" \/>\n<meta name=\"twitter:creator\" content=\"@noticiadosvales\" \/>\n<meta name=\"twitter:site\" content=\"@noticiadosvales\" \/>\n<meta name=\"twitter:label1\" content=\"Escrito por\" \/>\n\t<meta name=\"twitter:data1\" content=\"Aconteceu no Vale\" \/>\n\t<meta name=\"twitter:label2\" content=\"Est. tempo de leitura\" \/>\n\t<meta name=\"twitter:data2\" content=\"1 minuto\" \/>\n<script type=\"application\/ld+json\" class=\"yoast-schema-graph\">{\"@context\":\"https:\\\/\\\/schema.org\",\"@graph\":[{\"@type\":\"Article\",\"@id\":\"https:\\\/\\\/aconteceunovale.com.br\\\/portal\\\/?p=130720#article\",\"isPartOf\":{\"@id\":\"https:\\\/\\\/aconteceunovale.com.br\\\/portal\\\/?p=130720\"},\"author\":{\"name\":\"Aconteceu no Vale\",\"@id\":\"https:\\\/\\\/aconteceunovale.com.br\\\/portal\\\/#\\\/schema\\\/person\\\/633529146f2c94272bef50ac2953d589\"},\"headline\":\"Certificado Internacional de Vacina\u00e7\u00e3o j\u00e1 \u00e9 emitido em Montes Claros\",\"datePublished\":\"2018-04-15T00:40:52+00:00\",\"mainEntityOfPage\":{\"@id\":\"https:\\\/\\\/aconteceunovale.com.br\\\/portal\\\/?p=130720\"},\"wordCount\":245,\"commentCount\":0,\"image\":{\"@id\":\"https:\\\/\\\/aconteceunovale.com.br\\\/portal\\\/?p=130720#primaryimage\"},\"thumbnailUrl\":\"https:\\\/\\\/aconteceunovale.com.br\\\/portal\\\/wp-content\\\/uploads\\\/2018\\\/04\\\/cvip.jpg\",\"keywords\":[\"Certificado Internacional de Vacina\u00e7\u00e3o\",\"Certificado Internacional de Vacina\u00e7\u00e3o e Profilaxia\",\"Certificado Internacional de Vacina\u00e7\u00e3o e Profilaxia em Montes Claros\",\"Certificado Internacional de Vacina\u00e7\u00e3o em Montes Claros\",\"Certificado Internacional de Vacina\u00e7\u00e3o j\u00e1 \u00e9 emitido em Montes Claros\",\"CIVP em Montes Claros\",\"Emiss\u00e3o de Certificado Internacional de Vacina\u00e7\u00e3o em Montes Claros\",\"Emiss\u00e3o de CIVP em Montes Claros\",\"Montes Claros\"],\"articleSection\":[\"Norte de Minas\",\"Sa\u00fade\"],\"inLanguage\":\"pt-BR\",\"potentialAction\":[{\"@type\":\"CommentAction\",\"name\":\"Comment\",\"target\":[\"https:\\\/\\\/aconteceunovale.com.br\\\/portal\\\/?p=130720#respond\"]}]},{\"@type\":\"WebPage\",\"@id\":\"https:\\\/\\\/aconteceunovale.com.br\\\/portal\\\/?p=130720\",\"url\":\"https:\\\/\\\/aconteceunovale.com.br\\\/portal\\\/?p=130720\",\"name\":\"Certificado Internacional de Vacina\u00e7\u00e3o j\u00e1 \u00e9 emitido em Montes Claros - Aconteceu no Vale\",\"isPartOf\":{\"@id\":\"https:\\\/\\\/aconteceunovale.com.br\\\/portal\\\/#website\"},\"primaryImageOfPage\":{\"@id\":\"https:\\\/\\\/aconteceunovale.com.br\\\/portal\\\/?p=130720#primaryimage\"},\"image\":{\"@id\":\"https:\\\/\\\/aconteceunovale.com.br\\\/portal\\\/?p=130720#primaryimage\"},\"thumbnailUrl\":\"https:\\\/\\\/aconteceunovale.com.br\\\/portal\\\/wp-content\\\/uploads\\\/2018\\\/04\\\/cvip.jpg\",\"datePublished\":\"2018-04-15T00:40:52+00:00\",\"author\":{\"@id\":\"https:\\\/\\\/aconteceunovale.com.br\\\/portal\\\/#\\\/schema\\\/person\\\/633529146f2c94272bef50ac2953d589\"},\"breadcrumb\":{\"@id\":\"https:\\\/\\\/aconteceunovale.com.br\\\/portal\\\/?p=130720#breadcrumb\"},\"inLanguage\":\"pt-BR\",\"potentialAction\":[{\"@type\":\"ReadAction\",\"target\":[\"https:\\\/\\\/aconteceunovale.com.br\\\/portal\\\/?p=130720\"]}]},{\"@type\":\"ImageObject\",\"inLanguage\":\"pt-BR\",\"@id\":\"https:\\\/\\\/aconteceunovale.com.br\\\/portal\\\/?p=130720#primaryimage\",\"url\":\"https:\\\/\\\/aconteceunovale.com.br\\\/portal\\\/wp-content\\\/uploads\\\/2018\\\/04\\\/cvip.jpg\",\"contentUrl\":\"https:\\\/\\\/aconteceunovale.com.br\\\/portal\\\/wp-content\\\/uploads\\\/2018\\\/04\\\/cvip.jpg\",\"width\":675,\"height\":450},{\"@type\":\"BreadcrumbList\",\"@id\":\"https:\\\/\\\/aconteceunovale.com.br\\\/portal\\\/?p=130720#breadcrumb\",\"itemListElement\":[{\"@type\":\"ListItem\",\"position\":1,\"name\":\"In\u00edcio\",\"item\":\"https:\\\/\\\/aconteceunovale.com.br\\\/portal\\\/\"},{\"@type\":\"ListItem\",\"position\":2,\"name\":\"Certificado Internacional de Vacina\u00e7\u00e3o j\u00e1 \u00e9 emitido em Montes Claros\"}]},{\"@type\":\"WebSite\",\"@id\":\"https:\\\/\\\/aconteceunovale.com.br\\\/portal\\\/#website\",\"url\":\"https:\\\/\\\/aconteceunovale.com.br\\\/portal\\\/\",\"name\":\"Aconteceu no Vale\",\"description\":\"Portal de Not\u00edcias\",\"potentialAction\":[{\"@type\":\"SearchAction\",\"target\":{\"@type\":\"EntryPoint\",\"urlTemplate\":\"https:\\\/\\\/aconteceunovale.com.br\\\/portal\\\/?s={search_term_string}\"},\"query-input\":{\"@type\":\"PropertyValueSpecification\",\"valueRequired\":true,\"valueName\":\"search_term_string\"}}],\"inLanguage\":\"pt-BR\"},{\"@type\":\"Person\",\"@id\":\"https:\\\/\\\/aconteceunovale.com.br\\\/portal\\\/#\\\/schema\\\/person\\\/633529146f2c94272bef50ac2953d589\",\"name\":\"Aconteceu no Vale\",\"description\":\"Equipe de reportagem do Aconteceu no Vale, portal de not\u00edcias do Vale do Jequitinhonha, em Minas Gerais. Cobrimos as 51 cidades do Vale desde 2013. Sugest\u00f5es de pauta e pedidos de corre\u00e7\u00e3o: contato@aconteceunovale.com.br\",\"sameAs\":[\"http:\\\/\\\/www.aconteceunovale.com.br\"],\"url\":\"https:\\\/\\\/aconteceunovale.com.br\\\/portal\\\/?author=1\"}]}<\/script>\n<!-- \/ Yoast SEO plugin. -->","yoast_head_json":{"title":"Certificado Internacional de Vacina\u00e7\u00e3o j\u00e1 \u00e9 emitido em Montes Claros - Aconteceu no Vale","robots":{"index":"index","follow":"follow","max-snippet":"max-snippet:-1","max-image-preview":"max-image-preview:large","max-video-preview":"max-video-preview:-1"},"canonical":"https:\/\/aconteceunovale.com.br\/portal\/?p=130720","og_locale":"pt_BR","og_type":"article","og_title":"Certificado Internacional de Vacina\u00e7\u00e3o j\u00e1 \u00e9 emitido em Montes Claros - Aconteceu no Vale","og_description":"O Certificado Internacional de Vacina\u00e7\u00e3o ou Profilaxia (CIVP) \u00e9 um documento que comprova a imuniza\u00e7\u00e3o contra determinadas doen\u00e7as, conforme est\u00e1 estabelecido no Regulamento Sanit\u00e1rio Internacional, e \u00e9 exigido ao entrar em alguns pa\u00edses. Antes, os montes-clarenses que desejavam viajar a pa\u00edses que exigiam o documento eram obrigados a solicit\u00e1-lo no posto da Ag\u00eancia Nacional de [&hellip;]","og_url":"https:\/\/aconteceunovale.com.br\/portal\/?p=130720","og_site_name":"Aconteceu no Vale","article_publisher":"https:\/\/www.facebook.com\/aconteceunovale\/","article_published_time":"2018-04-15T00:40:52+00:00","og_image":[{"width":675,"height":450,"url":"https:\/\/aconteceunovale.com.br\/portal\/wp-content\/uploads\/2018\/04\/cvip.jpg","type":"image\/jpeg"}],"author":"Aconteceu no Vale","twitter_card":"summary_large_image","twitter_creator":"@noticiadosvales","twitter_site":"@noticiadosvales","twitter_misc":{"Escrito por":"Aconteceu no Vale","Est. tempo de leitura":"1 minuto"},"schema":{"@context":"https:\/\/schema.org","@graph":[{"@type":"Article","@id":"https:\/\/aconteceunovale.com.br\/portal\/?p=130720#article","isPartOf":{"@id":"https:\/\/aconteceunovale.com.br\/portal\/?p=130720"},"author":{"name":"Aconteceu no Vale","@id":"https:\/\/aconteceunovale.com.br\/portal\/#\/schema\/person\/633529146f2c94272bef50ac2953d589"},"headline":"Certificado Internacional de Vacina\u00e7\u00e3o j\u00e1 \u00e9 emitido em Montes Claros","datePublished":"2018-04-15T00:40:52+00:00","mainEntityOfPage":{"@id":"https:\/\/aconteceunovale.com.br\/portal\/?p=130720"},"wordCount":245,"commentCount":0,"image":{"@id":"https:\/\/aconteceunovale.com.br\/portal\/?p=130720#primaryimage"},"thumbnailUrl":"https:\/\/aconteceunovale.com.br\/portal\/wp-content\/uploads\/2018\/04\/cvip.jpg","keywords":["Certificado Internacional de Vacina\u00e7\u00e3o","Certificado Internacional de Vacina\u00e7\u00e3o e Profilaxia","Certificado Internacional de Vacina\u00e7\u00e3o e Profilaxia em Montes Claros","Certificado Internacional de Vacina\u00e7\u00e3o em Montes Claros","Certificado Internacional de Vacina\u00e7\u00e3o j\u00e1 \u00e9 emitido em Montes Claros","CIVP em Montes Claros","Emiss\u00e3o de Certificado Internacional de Vacina\u00e7\u00e3o em Montes Claros","Emiss\u00e3o de CIVP em Montes Claros","Montes Claros"],"articleSection":["Norte de Minas","Sa\u00fade"],"inLanguage":"pt-BR","potentialAction":[{"@type":"CommentAction","name":"Comment","target":["https:\/\/aconteceunovale.com.br\/portal\/?p=130720#respond"]}]},{"@type":"WebPage","@id":"https:\/\/aconteceunovale.com.br\/portal\/?p=130720","url":"https:\/\/aconteceunovale.com.br\/portal\/?p=130720","name":"Certificado Internacional de Vacina\u00e7\u00e3o j\u00e1 \u00e9 emitido em Montes Claros - Aconteceu no Vale","isPartOf":{"@id":"https:\/\/aconteceunovale.com.br\/portal\/#website"},"primaryImageOfPage":{"@id":"https:\/\/aconteceunovale.com.br\/portal\/?p=130720#primaryimage"},"image":{"@id":"https:\/\/aconteceunovale.com.br\/portal\/?p=130720#primaryimage"},"thumbnailUrl":"https:\/\/aconteceunovale.com.br\/portal\/wp-content\/uploads\/2018\/04\/cvip.jpg","datePublished":"2018-04-15T00:40:52+00:00","author":{"@id":"https:\/\/aconteceunovale.com.br\/portal\/#\/schema\/person\/633529146f2c94272bef50ac2953d589"},"breadcrumb":{"@id":"https:\/\/aconteceunovale.com.br\/portal\/?p=130720#breadcrumb"},"inLanguage":"pt-BR","potentialAction":[{"@type":"ReadAction","target":["https:\/\/aconteceunovale.com.br\/portal\/?p=130720"]}]},{"@type":"ImageObject","inLanguage":"pt-BR","@id":"https:\/\/aconteceunovale.com.br\/portal\/?p=130720#primaryimage","url":"https:\/\/aconteceunovale.com.br\/portal\/wp-content\/uploads\/2018\/04\/cvip.jpg","contentUrl":"https:\/\/aconteceunovale.com.br\/portal\/wp-content\/uploads\/2018\/04\/cvip.jpg","width":675,"height":450},{"@type":"BreadcrumbList","@id":"https:\/\/aconteceunovale.com.br\/portal\/?p=130720#breadcrumb","itemListElement":[{"@type":"ListItem","position":1,"name":"In\u00edcio","item":"https:\/\/aconteceunovale.com.br\/portal\/"},{"@type":"ListItem","position":2,"name":"Certificado Internacional de Vacina\u00e7\u00e3o j\u00e1 \u00e9 emitido em Montes Claros"}]},{"@type":"WebSite","@id":"https:\/\/aconteceunovale.com.br\/portal\/#website","url":"https:\/\/aconteceunovale.com.br\/portal\/","name":"Aconteceu no Vale","description":"Portal de Not\u00edcias","potentialAction":[{"@type":"SearchAction","target":{"@type":"EntryPoint","urlTemplate":"https:\/\/aconteceunovale.com.br\/portal\/?s={search_term_string}"},"query-input":{"@type":"PropertyValueSpecification","valueRequired":true,"valueName":"search_term_string"}}],"inLanguage":"pt-BR"},{"@type":"Person","@id":"https:\/\/aconteceunovale.com.br\/portal\/#\/schema\/person\/633529146f2c94272bef50ac2953d589","name":"Aconteceu no Vale","description":"Equipe de reportagem do Aconteceu no Vale, portal de not\u00edcias do Vale do Jequitinhonha, em Minas Gerais. Cobrimos as 51 cidades do Vale desde 2013. Sugest\u00f5es de pauta e pedidos de corre\u00e7\u00e3o: contato@aconteceunovale.com.br","sameAs":["http:\/\/www.aconteceunovale.com.br"],"url":"https:\/\/aconteceunovale.com.br\/portal\/?author=1"}]}},"_links":{"self":[{"href":"https:\/\/aconteceunovale.com.br\/portal\/index.php?rest_route=\/wp\/v2\/posts\/130720","targetHints":{"allow":["GET"]}}],"collection":[{"href":"https:\/\/aconteceunovale.com.br\/portal\/index.php?rest_route=\/wp\/v2\/posts"}],"about":[{"href":"https:\/\/aconteceunovale.com.br\/portal\/index.php?rest_route=\/wp\/v2\/types\/post"}],"author":[{"embeddable":true,"href":"https:\/\/aconteceunovale.com.br\/portal\/index.php?rest_route=\/wp\/v2\/users\/1"}],"replies":[{"embeddable":true,"href":"https:\/\/aconteceunovale.com.br\/portal\/index.php?rest_route=%2Fwp%2Fv2%2Fcomments&post=130720"}],"version-history":[{"count":0,"href":"https:\/\/aconteceunovale.com.br\/portal\/index.php?rest_route=\/wp\/v2\/posts\/130720\/revisions"}],"wp:featuredmedia":[{"embeddable":true,"href":"https:\/\/aconteceunovale.com.br\/portal\/index.php?rest_route=\/wp\/v2\/media\/130721"}],"wp:attachment":[{"href":"https:\/\/aconteceunovale.com.br\/portal\/index.php?rest_route=%2Fwp%2Fv2%2Fmedia&parent=130720"}],"wp:term":[{"taxonomy":"category","embeddable":true,"href":"https:\/\/aconteceunovale.com.br\/portal\/index.php?rest_route=%2Fwp%2Fv2%2Fcategories&post=130720"},{"taxonomy":"post_tag","embeddable":true,"href":"https:\/\/aconteceunovale.com.br\/portal\/index.php?rest_route=%2Fwp%2Fv2%2Ftags&post=130720"}],"curies":[{"name":"wp","href":"https:\/\/api.w.org\/{rel}","templated":true}]}}