{"id":130715,"date":"2018-04-14T21:48:22","date_gmt":"2018-04-14T23:48:22","guid":{"rendered":"http:\/\/aconteceunovale.com.br\/portal\/?p=130715"},"modified":"2018-04-14T22:01:25","modified_gmt":"2018-04-15T00:01:25","slug":"mulher-de-64-anos-que-deu-a-luz-uma-menina-em-belo-horizonte-diz-que-sofre-preconceito","status":"publish","type":"post","link":"https:\/\/aconteceunovale.com.br\/portal\/?p=130715","title":{"rendered":"Mulher de 64 anos que deu \u00e0 luz uma menina em Belo Horizonte diz que sofre preconceito"},"content":{"rendered":"<p>&#8220;O que mais tem \u00e9 o preconceito, principalmente da mulher com outra mulher. Acha que a mulher passou de certa idade n\u00e3o pode mais ser m\u00e3e&#8221;, contou a Norma Maria de Oliveira, de 64 anos, na quinta-feira (12\/4\/2018), dois dias ap\u00f3s dar \u00e0 luz uma menina na Maternidade Octaviano Neves, no bairro Santa Efig\u00eania, na Regi\u00e3o Centro-Sul de Belo Horizonte.<\/p>\n<p>Ana Let\u00edcia nasceu prematura de oito meses, com 1,7 quilo e est\u00e1 internada na incubadora. M\u00e3e e filha passam bem, segundo a maternidade. Norma contou que sofre preconceito, mas falou que n\u00e3o se importa. \u201cJ\u00e1 aguentei agora recente esse tipo de preconceito, as mulheres falam assim: n\u00f3, t\u00e1 doida, com essa idade? E eu n\u00e3o ligo pra esse tipo de preconceito, ent\u00e3o fiz assim mesmo\u201d, disse.<\/p>\n<p>Norma passou por uma fertiliza\u00e7\u00e3o in vitro. O \u00f3vulo \u00e9 de uma doadora. J\u00e1 o espermatozoide \u00e9 do companheiro de Norma que tem 45 anos.<\/p>\n<p>&#8220;Toda gravidez de fertiliza\u00e7\u00e3o in vitro j\u00e1 \u00e9 uma gravidez de alto risco. Na idade da Norma, mais diferente ainda. A gente que trabalha com gravidez de alto risco j\u00e1 sabe como manipular, dar mais vitaminas. No caso dela eu usei uma subst\u00e2ncia anticoagulante por causa da idade&#8221;, explicou a a ginecologista e obstetra Rita de C\u00e1ssia Amaral.<\/p>\n<p>Norma de Oliveira tentava engravidar desde os 34 anos e disse que chegou a ir pra \u00cdndia. &#8220;Eu conheci um m\u00e9dico de fertiliza\u00e7\u00e3o e j\u00e1 tinha at\u00e9 adiantado um dinheiro pra fazer a fertiliza\u00e7\u00e3o, mas chegando at\u00e9 a capital da \u00cdndia n\u00e3o tinha voo pra essa cidade, dia nenhum. Voltando pro Brasil foi onde eu fiz essa fertiliza\u00e7\u00e3o numa cl\u00ednica super humana&#8221;, afirmou.<\/p>\n<p>Hoje, Norma de Oliveira contou que se sente realizada. &#8220;\u00c9 um sonho que \u00e9 alimentado h\u00e1 muito tempo, sempre pensei na profiss\u00e3o e at\u00e9 patrim\u00f4nio pensando num filho, queria ter um filho e queria que ele n\u00e3o passasse pelas dificuldades que passei. Eu fiz o curso de direito na \u00e9poca da ditadura ainda, principalmente no curso de direito que \u00e9 mais pra homem, n\u00e3o pra mulher&#8221;, destacou.<\/p>\n<p>A m\u00e3e conseguiu ter a gesta\u00e7\u00e3o, porque desde o ano passado o Conselho Federal de Medicina autorizou que mulheres acima de 50 anos de idade passassem por insemina\u00e7\u00e3o artificial desde que assumisse o risco.<\/p>\n<p>Ainda n\u00e3o h\u00e1 data para que Norma e a filha recebam alta, mas a ginecologista garante que est\u00e1 tudo bem. &#8220;A Ana Let\u00edcia chegou ao mundo bem, n\u00e3o foi entubada em sala, foi pra UTI s\u00f3 porque \u00e9 prematura e ela est\u00e1 alternando ar ambiente com pouco oxig\u00eanio e est\u00e1 muito bem&#8221;, relatou Rita de C\u00e1ssia Amaral.<\/p>\n<p><img decoding=\"async\" src=\"http:\/\/aconteceunovale.com.br\/portal\/wp-content\/uploads\/2018\/04\/norma_oliveira.jpg\" alt=\"\" \/><em>Norma de Oliveira deu \u00e0 luz uma menina aos 64 anos (Foto: Reprodu\u00e7\u00e3o\/TV Globo)<\/em><br \/>\n<\/br><\/p>\n<p><img decoding=\"async\" src=\"http:\/\/aconteceunovale.com.br\/portal\/wp-content\/uploads\/2018\/04\/norma_oliveira2.jpg\" alt=\"\" \/><em>Norma de Oliveira deu \u00e0 luz uma menina aos 64 anos (Foto: Origem Fotografia\/Divulga\u00e7\u00e3o)<\/em><br \/>\n<\/br><\/p>\n<p><strong>VER PRIMEIRO<\/strong><\/p>\n<p>Receba as not\u00edcias do Aconteceu no Vale em primeira m\u00e3o. Clique em curtir no endere\u00e7o <a href=\"https:\/\/www.facebook.com\/aconteceunovale\" target=\"_blank\"><font color=\"red\">www.facebook.com\/aconteceunovale<\/font><\/a> ou no box abaixo:<\/p>\n<div class=\"fb-like\" data-href=\"https:\/\/www.facebook.com\/aconteceunovale\" data-width=\"120\" data-layout=\"standard\" data-action=\"like\" data-size=\"small\" data-show-faces=\"true\" data-share=\"true\"><\/div>\n<p><\/br><\/p>\n<p><em>(Fonte: MG1 \/ G1 Minas)<\/em><\/p>\n","protected":false},"excerpt":{"rendered":"<p>&#8220;O que mais tem \u00e9 o preconceito, principalmente da mulher com outra mulher. Acha que a mulher passou de certa idade n\u00e3o pode mais ser m\u00e3e&#8221;, contou a Norma Maria de Oliveira, de 64 anos, na quinta-feira (12\/4\/2018), dois dias ap\u00f3s dar \u00e0 luz uma menina na Maternidade Octaviano Neves, no bairro Santa Efig\u00eania, na [&hellip;]<\/p>\n","protected":false},"author":1,"featured_media":130716,"comment_status":"open","ping_status":"closed","sticky":false,"template":"","format":"standard","meta":{"amp_status":"","footnotes":""},"categories":[123,40242],"tags":[194,1017,172646,172648,172650,172649,172645,172644,172647],"class_list":["post-130715","post","type-post","status-publish","format-standard","has-post-thumbnail","hentry","category-gerais","category-saude-2","tag-belo-horizonte","tag-bh","tag-mae-aos-64-anos","tag-mae-aos-64-anos-em-minas","tag-mulher-de-64-anos-que-deu-a-luz-uma-menina-em-belo-horizonte","tag-mulher-de-64-anos-que-deu-a-luz-uma-menina-em-belo-horizonte-diz-que-sofre-preconceito","tag-norma-de-oliveira","tag-norma-maria-de-oliveira","tag-vovo-mae-em-minas"],"yoast_head":"<!-- This site is optimized with the Yoast SEO plugin v28.3 - https:\/\/yoast.com\/product\/yoast-seo-wordpress\/ -->\n<title>Mulher de 64 anos que deu \u00e0 luz uma menina em Belo Horizonte diz que sofre preconceito - Aconteceu no Vale<\/title>\n<meta name=\"robots\" content=\"index, follow, max-snippet:-1, max-image-preview:large, max-video-preview:-1\" \/>\n<link rel=\"canonical\" href=\"https:\/\/aconteceunovale.com.br\/portal\/?p=130715\" \/>\n<meta property=\"og:locale\" content=\"pt_BR\" \/>\n<meta property=\"og:type\" content=\"article\" \/>\n<meta property=\"og:title\" content=\"Mulher de 64 anos que deu \u00e0 luz uma menina em Belo Horizonte diz que sofre preconceito - Aconteceu no Vale\" \/>\n<meta property=\"og:description\" content=\"&#8220;O que mais tem \u00e9 o preconceito, principalmente da mulher com outra mulher. Acha que a mulher passou de certa idade n\u00e3o pode mais ser m\u00e3e&#8221;, contou a Norma Maria de Oliveira, de 64 anos, na quinta-feira (12\/4\/2018), dois dias ap\u00f3s dar \u00e0 luz uma menina na Maternidade Octaviano Neves, no bairro Santa Efig\u00eania, na [&hellip;]\" \/>\n<meta property=\"og:url\" content=\"https:\/\/aconteceunovale.com.br\/portal\/?p=130715\" \/>\n<meta property=\"og:site_name\" content=\"Aconteceu no Vale\" \/>\n<meta property=\"article:publisher\" content=\"https:\/\/www.facebook.com\/aconteceunovale\/\" \/>\n<meta property=\"article:published_time\" content=\"2018-04-14T23:48:22+00:00\" \/>\n<meta property=\"article:modified_time\" content=\"2018-04-15T00:01:25+00:00\" \/>\n<meta property=\"og:image\" content=\"https:\/\/aconteceunovale.com.br\/portal\/wp-content\/uploads\/2018\/04\/norma_oliveira.jpg\" \/>\n\t<meta property=\"og:image:width\" content=\"678\" \/>\n\t<meta property=\"og:image:height\" content=\"424\" \/>\n\t<meta property=\"og:image:type\" content=\"image\/jpeg\" \/>\n<meta name=\"author\" content=\"Aconteceu no Vale\" \/>\n<meta name=\"twitter:card\" content=\"summary_large_image\" \/>\n<meta name=\"twitter:creator\" content=\"@noticiadosvales\" \/>\n<meta name=\"twitter:site\" content=\"@noticiadosvales\" \/>\n<meta name=\"twitter:label1\" content=\"Escrito por\" \/>\n\t<meta name=\"twitter:data1\" content=\"Aconteceu no Vale\" \/>\n\t<meta name=\"twitter:label2\" content=\"Est. tempo de leitura\" \/>\n\t<meta name=\"twitter:data2\" content=\"3 minutos\" \/>\n<script type=\"application\/ld+json\" class=\"yoast-schema-graph\">{\"@context\":\"https:\\\/\\\/schema.org\",\"@graph\":[{\"@type\":\"Article\",\"@id\":\"https:\\\/\\\/aconteceunovale.com.br\\\/portal\\\/?p=130715#article\",\"isPartOf\":{\"@id\":\"https:\\\/\\\/aconteceunovale.com.br\\\/portal\\\/?p=130715\"},\"author\":{\"name\":\"Aconteceu no Vale\",\"@id\":\"https:\\\/\\\/aconteceunovale.com.br\\\/portal\\\/#\\\/schema\\\/person\\\/633529146f2c94272bef50ac2953d589\"},\"headline\":\"Mulher de 64 anos que deu \u00e0 luz uma menina em Belo Horizonte diz que sofre preconceito\",\"datePublished\":\"2018-04-14T23:48:22+00:00\",\"dateModified\":\"2018-04-15T00:01:25+00:00\",\"mainEntityOfPage\":{\"@id\":\"https:\\\/\\\/aconteceunovale.com.br\\\/portal\\\/?p=130715\"},\"wordCount\":522,\"commentCount\":0,\"image\":{\"@id\":\"https:\\\/\\\/aconteceunovale.com.br\\\/portal\\\/?p=130715#primaryimage\"},\"thumbnailUrl\":\"https:\\\/\\\/aconteceunovale.com.br\\\/portal\\\/wp-content\\\/uploads\\\/2018\\\/04\\\/norma_oliveira.jpg\",\"keywords\":[\"Belo Horizonte\",\"bh\",\"M\u00e3e aos 64 anos\",\"M\u00e3e aos 64 anos em MInas\",\"Mulher de 64 anos que deu \u00e0 luz uma menina em Belo Horizonte\",\"Mulher de 64 anos que deu \u00e0 luz uma menina em Belo Horizonte diz que sofre preconceito\",\"Norma de Oliveira\",\"Norma Maria de Oliveira\",\"Vov\u00f3 m\u00e3e em MInas\"],\"articleSection\":[\"Minas Gerais\",\"Sa\u00fade\"],\"inLanguage\":\"pt-BR\",\"potentialAction\":[{\"@type\":\"CommentAction\",\"name\":\"Comment\",\"target\":[\"https:\\\/\\\/aconteceunovale.com.br\\\/portal\\\/?p=130715#respond\"]}]},{\"@type\":\"WebPage\",\"@id\":\"https:\\\/\\\/aconteceunovale.com.br\\\/portal\\\/?p=130715\",\"url\":\"https:\\\/\\\/aconteceunovale.com.br\\\/portal\\\/?p=130715\",\"name\":\"Mulher de 64 anos que deu \u00e0 luz uma menina em Belo Horizonte diz que sofre preconceito - Aconteceu no Vale\",\"isPartOf\":{\"@id\":\"https:\\\/\\\/aconteceunovale.com.br\\\/portal\\\/#website\"},\"primaryImageOfPage\":{\"@id\":\"https:\\\/\\\/aconteceunovale.com.br\\\/portal\\\/?p=130715#primaryimage\"},\"image\":{\"@id\":\"https:\\\/\\\/aconteceunovale.com.br\\\/portal\\\/?p=130715#primaryimage\"},\"thumbnailUrl\":\"https:\\\/\\\/aconteceunovale.com.br\\\/portal\\\/wp-content\\\/uploads\\\/2018\\\/04\\\/norma_oliveira.jpg\",\"datePublished\":\"2018-04-14T23:48:22+00:00\",\"dateModified\":\"2018-04-15T00:01:25+00:00\",\"author\":{\"@id\":\"https:\\\/\\\/aconteceunovale.com.br\\\/portal\\\/#\\\/schema\\\/person\\\/633529146f2c94272bef50ac2953d589\"},\"breadcrumb\":{\"@id\":\"https:\\\/\\\/aconteceunovale.com.br\\\/portal\\\/?p=130715#breadcrumb\"},\"inLanguage\":\"pt-BR\",\"potentialAction\":[{\"@type\":\"ReadAction\",\"target\":[\"https:\\\/\\\/aconteceunovale.com.br\\\/portal\\\/?p=130715\"]}]},{\"@type\":\"ImageObject\",\"inLanguage\":\"pt-BR\",\"@id\":\"https:\\\/\\\/aconteceunovale.com.br\\\/portal\\\/?p=130715#primaryimage\",\"url\":\"https:\\\/\\\/aconteceunovale.com.br\\\/portal\\\/wp-content\\\/uploads\\\/2018\\\/04\\\/norma_oliveira.jpg\",\"contentUrl\":\"https:\\\/\\\/aconteceunovale.com.br\\\/portal\\\/wp-content\\\/uploads\\\/2018\\\/04\\\/norma_oliveira.jpg\",\"width\":678,\"height\":424},{\"@type\":\"BreadcrumbList\",\"@id\":\"https:\\\/\\\/aconteceunovale.com.br\\\/portal\\\/?p=130715#breadcrumb\",\"itemListElement\":[{\"@type\":\"ListItem\",\"position\":1,\"name\":\"In\u00edcio\",\"item\":\"https:\\\/\\\/aconteceunovale.com.br\\\/portal\\\/\"},{\"@type\":\"ListItem\",\"position\":2,\"name\":\"Mulher de 64 anos que deu \u00e0 luz uma menina em Belo Horizonte diz que sofre preconceito\"}]},{\"@type\":\"WebSite\",\"@id\":\"https:\\\/\\\/aconteceunovale.com.br\\\/portal\\\/#website\",\"url\":\"https:\\\/\\\/aconteceunovale.com.br\\\/portal\\\/\",\"name\":\"Aconteceu no Vale\",\"description\":\"Portal de Not\u00edcias\",\"potentialAction\":[{\"@type\":\"SearchAction\",\"target\":{\"@type\":\"EntryPoint\",\"urlTemplate\":\"https:\\\/\\\/aconteceunovale.com.br\\\/portal\\\/?s={search_term_string}\"},\"query-input\":{\"@type\":\"PropertyValueSpecification\",\"valueRequired\":true,\"valueName\":\"search_term_string\"}}],\"inLanguage\":\"pt-BR\"},{\"@type\":\"Person\",\"@id\":\"https:\\\/\\\/aconteceunovale.com.br\\\/portal\\\/#\\\/schema\\\/person\\\/633529146f2c94272bef50ac2953d589\",\"name\":\"Aconteceu no Vale\",\"description\":\"Equipe de reportagem do Aconteceu no Vale, portal de not\u00edcias do Vale do Jequitinhonha, em Minas Gerais. Cobrimos as 51 cidades do Vale desde 2013. Sugest\u00f5es de pauta e pedidos de corre\u00e7\u00e3o: contato@aconteceunovale.com.br\",\"sameAs\":[\"http:\\\/\\\/www.aconteceunovale.com.br\"],\"url\":\"https:\\\/\\\/aconteceunovale.com.br\\\/portal\\\/?author=1\"}]}<\/script>\n<!-- \/ Yoast SEO plugin. -->","yoast_head_json":{"title":"Mulher de 64 anos que deu \u00e0 luz uma menina em Belo Horizonte diz que sofre preconceito - Aconteceu no Vale","robots":{"index":"index","follow":"follow","max-snippet":"max-snippet:-1","max-image-preview":"max-image-preview:large","max-video-preview":"max-video-preview:-1"},"canonical":"https:\/\/aconteceunovale.com.br\/portal\/?p=130715","og_locale":"pt_BR","og_type":"article","og_title":"Mulher de 64 anos que deu \u00e0 luz uma menina em Belo Horizonte diz que sofre preconceito - Aconteceu no Vale","og_description":"&#8220;O que mais tem \u00e9 o preconceito, principalmente da mulher com outra mulher. Acha que a mulher passou de certa idade n\u00e3o pode mais ser m\u00e3e&#8221;, contou a Norma Maria de Oliveira, de 64 anos, na quinta-feira (12\/4\/2018), dois dias ap\u00f3s dar \u00e0 luz uma menina na Maternidade Octaviano Neves, no bairro Santa Efig\u00eania, na [&hellip;]","og_url":"https:\/\/aconteceunovale.com.br\/portal\/?p=130715","og_site_name":"Aconteceu no Vale","article_publisher":"https:\/\/www.facebook.com\/aconteceunovale\/","article_published_time":"2018-04-14T23:48:22+00:00","article_modified_time":"2018-04-15T00:01:25+00:00","og_image":[{"width":678,"height":424,"url":"https:\/\/aconteceunovale.com.br\/portal\/wp-content\/uploads\/2018\/04\/norma_oliveira.jpg","type":"image\/jpeg"}],"author":"Aconteceu no Vale","twitter_card":"summary_large_image","twitter_creator":"@noticiadosvales","twitter_site":"@noticiadosvales","twitter_misc":{"Escrito por":"Aconteceu no Vale","Est. tempo de leitura":"3 minutos"},"schema":{"@context":"https:\/\/schema.org","@graph":[{"@type":"Article","@id":"https:\/\/aconteceunovale.com.br\/portal\/?p=130715#article","isPartOf":{"@id":"https:\/\/aconteceunovale.com.br\/portal\/?p=130715"},"author":{"name":"Aconteceu no Vale","@id":"https:\/\/aconteceunovale.com.br\/portal\/#\/schema\/person\/633529146f2c94272bef50ac2953d589"},"headline":"Mulher de 64 anos que deu \u00e0 luz uma menina em Belo Horizonte diz que sofre preconceito","datePublished":"2018-04-14T23:48:22+00:00","dateModified":"2018-04-15T00:01:25+00:00","mainEntityOfPage":{"@id":"https:\/\/aconteceunovale.com.br\/portal\/?p=130715"},"wordCount":522,"commentCount":0,"image":{"@id":"https:\/\/aconteceunovale.com.br\/portal\/?p=130715#primaryimage"},"thumbnailUrl":"https:\/\/aconteceunovale.com.br\/portal\/wp-content\/uploads\/2018\/04\/norma_oliveira.jpg","keywords":["Belo Horizonte","bh","M\u00e3e aos 64 anos","M\u00e3e aos 64 anos em MInas","Mulher de 64 anos que deu \u00e0 luz uma menina em Belo Horizonte","Mulher de 64 anos que deu \u00e0 luz uma menina em Belo Horizonte diz que sofre preconceito","Norma de Oliveira","Norma Maria de Oliveira","Vov\u00f3 m\u00e3e em MInas"],"articleSection":["Minas Gerais","Sa\u00fade"],"inLanguage":"pt-BR","potentialAction":[{"@type":"CommentAction","name":"Comment","target":["https:\/\/aconteceunovale.com.br\/portal\/?p=130715#respond"]}]},{"@type":"WebPage","@id":"https:\/\/aconteceunovale.com.br\/portal\/?p=130715","url":"https:\/\/aconteceunovale.com.br\/portal\/?p=130715","name":"Mulher de 64 anos que deu \u00e0 luz uma menina em Belo Horizonte diz que sofre preconceito - Aconteceu no Vale","isPartOf":{"@id":"https:\/\/aconteceunovale.com.br\/portal\/#website"},"primaryImageOfPage":{"@id":"https:\/\/aconteceunovale.com.br\/portal\/?p=130715#primaryimage"},"image":{"@id":"https:\/\/aconteceunovale.com.br\/portal\/?p=130715#primaryimage"},"thumbnailUrl":"https:\/\/aconteceunovale.com.br\/portal\/wp-content\/uploads\/2018\/04\/norma_oliveira.jpg","datePublished":"2018-04-14T23:48:22+00:00","dateModified":"2018-04-15T00:01:25+00:00","author":{"@id":"https:\/\/aconteceunovale.com.br\/portal\/#\/schema\/person\/633529146f2c94272bef50ac2953d589"},"breadcrumb":{"@id":"https:\/\/aconteceunovale.com.br\/portal\/?p=130715#breadcrumb"},"inLanguage":"pt-BR","potentialAction":[{"@type":"ReadAction","target":["https:\/\/aconteceunovale.com.br\/portal\/?p=130715"]}]},{"@type":"ImageObject","inLanguage":"pt-BR","@id":"https:\/\/aconteceunovale.com.br\/portal\/?p=130715#primaryimage","url":"https:\/\/aconteceunovale.com.br\/portal\/wp-content\/uploads\/2018\/04\/norma_oliveira.jpg","contentUrl":"https:\/\/aconteceunovale.com.br\/portal\/wp-content\/uploads\/2018\/04\/norma_oliveira.jpg","width":678,"height":424},{"@type":"BreadcrumbList","@id":"https:\/\/aconteceunovale.com.br\/portal\/?p=130715#breadcrumb","itemListElement":[{"@type":"ListItem","position":1,"name":"In\u00edcio","item":"https:\/\/aconteceunovale.com.br\/portal\/"},{"@type":"ListItem","position":2,"name":"Mulher de 64 anos que deu \u00e0 luz uma menina em Belo Horizonte diz que sofre preconceito"}]},{"@type":"WebSite","@id":"https:\/\/aconteceunovale.com.br\/portal\/#website","url":"https:\/\/aconteceunovale.com.br\/portal\/","name":"Aconteceu no Vale","description":"Portal de Not\u00edcias","potentialAction":[{"@type":"SearchAction","target":{"@type":"EntryPoint","urlTemplate":"https:\/\/aconteceunovale.com.br\/portal\/?s={search_term_string}"},"query-input":{"@type":"PropertyValueSpecification","valueRequired":true,"valueName":"search_term_string"}}],"inLanguage":"pt-BR"},{"@type":"Person","@id":"https:\/\/aconteceunovale.com.br\/portal\/#\/schema\/person\/633529146f2c94272bef50ac2953d589","name":"Aconteceu no Vale","description":"Equipe de reportagem do Aconteceu no Vale, portal de not\u00edcias do Vale do Jequitinhonha, em Minas Gerais. Cobrimos as 51 cidades do Vale desde 2013. Sugest\u00f5es de pauta e pedidos de corre\u00e7\u00e3o: contato@aconteceunovale.com.br","sameAs":["http:\/\/www.aconteceunovale.com.br"],"url":"https:\/\/aconteceunovale.com.br\/portal\/?author=1"}]}},"_links":{"self":[{"href":"https:\/\/aconteceunovale.com.br\/portal\/index.php?rest_route=\/wp\/v2\/posts\/130715","targetHints":{"allow":["GET"]}}],"collection":[{"href":"https:\/\/aconteceunovale.com.br\/portal\/index.php?rest_route=\/wp\/v2\/posts"}],"about":[{"href":"https:\/\/aconteceunovale.com.br\/portal\/index.php?rest_route=\/wp\/v2\/types\/post"}],"author":[{"embeddable":true,"href":"https:\/\/aconteceunovale.com.br\/portal\/index.php?rest_route=\/wp\/v2\/users\/1"}],"replies":[{"embeddable":true,"href":"https:\/\/aconteceunovale.com.br\/portal\/index.php?rest_route=%2Fwp%2Fv2%2Fcomments&post=130715"}],"version-history":[{"count":0,"href":"https:\/\/aconteceunovale.com.br\/portal\/index.php?rest_route=\/wp\/v2\/posts\/130715\/revisions"}],"wp:featuredmedia":[{"embeddable":true,"href":"https:\/\/aconteceunovale.com.br\/portal\/index.php?rest_route=\/wp\/v2\/media\/130716"}],"wp:attachment":[{"href":"https:\/\/aconteceunovale.com.br\/portal\/index.php?rest_route=%2Fwp%2Fv2%2Fmedia&parent=130715"}],"wp:term":[{"taxonomy":"category","embeddable":true,"href":"https:\/\/aconteceunovale.com.br\/portal\/index.php?rest_route=%2Fwp%2Fv2%2Fcategories&post=130715"},{"taxonomy":"post_tag","embeddable":true,"href":"https:\/\/aconteceunovale.com.br\/portal\/index.php?rest_route=%2Fwp%2Fv2%2Ftags&post=130715"}],"curies":[{"name":"wp","href":"https:\/\/api.w.org\/{rel}","templated":true}]}}