{"id":130708,"date":"2018-04-14T21:18:33","date_gmt":"2018-04-14T23:18:33","guid":{"rendered":"http:\/\/aconteceunovale.com.br\/portal\/?p=130708"},"modified":"2018-04-14T23:04:56","modified_gmt":"2018-04-15T01:04:56","slug":"corpo-encontrado-em-veiculo-e-de-delegado-que-desapareceu-durante-viagem-na-bahia","status":"publish","type":"post","link":"https:\/\/aconteceunovale.com.br\/portal\/?p=130708","title":{"rendered":"Corpo encontrado em ve\u00edculo \u00e9 de delegado que desapareceu durante viagem na Bahia"},"content":{"rendered":"<p>O corpo carbonizado que foi encontrado dentro de um carro entre os munic\u00edpios de Tanha\u00e7u e Anag\u00e9, no Sudoeste da Bahia, \u00e9 do delegado Marco Ant\u00f4nio Torres, da cidade de Barra da Estiva, que estava desaparecido desde quinta-feira (12\/4\/2018) ap\u00f3s sair para uma viagem. A informa\u00e7\u00e3o foi divulgada pela Pol\u00edcia Civil, que emitiu nota de pesar pela morte.<\/p>\n<p>O ve\u00edculo com o corpo foi encontrado em uma estrada vicinal, pr\u00f3ximo ao povoado de Sussuarana, que pertence ao munic\u00edpio de Tanha\u00e7u. Ainda n\u00e3o h\u00e1 informa\u00e7\u00f5es sobre as circunst\u00e2ncias da morte do delegado.<\/p>\n<p>Marco sumiu logo depois que viajou de Barra da Estiva para Vit\u00f3ria da Conquista &#8212; a dist\u00e2ncia entre as duas cidades \u00e9 de cerca de 190 km. O policial dirigia uma caminhonete e levava uma motocicleta na carroceria. No entanto, ele n\u00e3o chegou ao destino.<\/p>\n<p>O carro com o corpo do delegado foi encaminhado ao Departamento de Pol\u00edcia T\u00e9cnica (DPT), de Vit\u00f3ria da Conquista, para ser periciado.<\/p>\n<p><img decoding=\"async\" src=\"http:\/\/aconteceunovale.com.br\/portal\/wp-content\/uploads\/2018\/04\/delegado_ba_1.jpg\" alt=\"\" \/><em>Corpo do delegado foi encontrado carbonizado (Foto: Reprodu\u00e7\u00e3o\/Itapetinga 24h)<\/em><br \/>\n<\/br><\/p>\n<p>Marco Ant\u00f4nio iniciou a carreira de policial em Minas Gerais, onde atuou como investigador. Delegado da Pol\u00edcia Civil baiana h\u00e1 quase 10 anos, era titular na Delegacia Territorial (DT) do munic\u00edpio de Barra da Estiva e substituto da delegacia de Ibicoara. As duas cidades s\u00e3o vizinhas.<\/p>\n<p>A Pol\u00edcia Civil divulgou que &#8220;externa suas condol\u00eancias aos familiares de Marco Ant\u00f4nio neste momento de grande sofrimento, declarando luto da Pol\u00edcia Civil da Bahia pela inestim\u00e1vel perda&#8221;. Disse, ainda, que todos os esfor\u00e7os est\u00e3o sendo empregados no sentido de identificar o respons\u00e1vel pelo crime.<\/p>\n<p>Em nota, a Secretaria da Seguran\u00e7a P\u00fablica da Bahia (SSP-BA) informou que determinou apura\u00e7\u00e3o rigorosa do caso e que vem prestando apoio aos familiares do delegado.<\/p>\n<p>O corpo do delegado Marco Ant\u00f4nio Torres ser\u00e1 sepultado em Governador Valadares.<\/p>\n<p><img decoding=\"async\" src=\"http:\/\/aconteceunovale.com.br\/portal\/wp-content\/uploads\/2018\/04\/delegado_ba_2.jpg\" alt=\"\" \/><em>Marco Torres era delegado em Barra da Estiva (Foto: Reprodu\u00e7\u00e3o\/Facebook)<\/em><br \/>\n<\/br><\/p>\n<p><strong>VER PRIMEIRO<\/strong><\/p>\n<p>Receba as not\u00edcias do Aconteceu no Vale em primeira m\u00e3o. Clique em curtir no endere\u00e7o <a href=\"https:\/\/www.facebook.com\/aconteceunovale\" target=\"_blank\"><font color=\"red\">www.facebook.com\/aconteceunovale<\/font><\/a> ou no box abaixo:<\/p>\n<div class=\"fb-like\" data-href=\"https:\/\/www.facebook.com\/aconteceunovale\" data-width=\"120\" data-layout=\"standard\" data-action=\"like\" data-size=\"small\" data-show-faces=\"true\" data-share=\"true\"><\/div>\n<p><\/br><\/p>\n<p><em>(Fonte: G1 Bahia)<\/em><\/p>\n","protected":false},"excerpt":{"rendered":"<p>O corpo carbonizado que foi encontrado dentro de um carro entre os munic\u00edpios de Tanha\u00e7u e Anag\u00e9, no Sudoeste da Bahia, \u00e9 do delegado Marco Ant\u00f4nio Torres, da cidade de Barra da Estiva, que estava desaparecido desde quinta-feira (12\/4\/2018) ap\u00f3s sair para uma viagem. A informa\u00e7\u00e3o foi divulgada pela Pol\u00edcia Civil, que emitiu nota de [&hellip;]<\/p>\n","protected":false},"author":1,"featured_media":130709,"comment_status":"open","ping_status":"closed","sticky":false,"template":"","format":"standard","meta":{"amp_status":"","footnotes":""},"categories":[6,121],"tags":[172628,172635,172638,172639,172637,172636,172630,172633,1018,247,172629,172632,172631,172634,115983,2842],"class_list":["post-130708","post","type-post","status-publish","format-standard","has-post-thumbnail","hentry","category-br","category-leste","tag-anage","tag-barra-da-estiva","tag-confirma-policia-civil","tag-corpo-encontrado-em-veiculo-e-de-delegado-que-desapareceu-durante-viagem-na-bahia","tag-corpo-encontrado-em-veiculo-e-de-delegado-que-sumiu-apos-viagem-na-bahia","tag-delegado-de-barra-da-estiva","tag-delegado-marco-antonio-torres","tag-delegado-marco-torres","tag-destaque","tag-governador-valadares","tag-marco-antonio-torres","tag-marco-torres","tag-morte-do-delegado-marco-antonio-torres","tag-morte-do-delegado-marco-torres","tag-tanhacu","tag-vitoria-da-conquista"],"yoast_head":"<!-- This site is optimized with the Yoast SEO plugin v28.3 - https:\/\/yoast.com\/product\/yoast-seo-wordpress\/ -->\n<title>Corpo encontrado em ve\u00edculo \u00e9 de delegado que desapareceu durante viagem na Bahia - Aconteceu no Vale<\/title>\n<meta name=\"robots\" content=\"index, follow, max-snippet:-1, max-image-preview:large, max-video-preview:-1\" \/>\n<link rel=\"canonical\" href=\"https:\/\/aconteceunovale.com.br\/portal\/?p=130708\" \/>\n<meta property=\"og:locale\" content=\"pt_BR\" \/>\n<meta property=\"og:type\" content=\"article\" \/>\n<meta property=\"og:title\" content=\"Corpo encontrado em ve\u00edculo \u00e9 de delegado que desapareceu durante viagem na Bahia - Aconteceu no Vale\" \/>\n<meta property=\"og:description\" content=\"O corpo carbonizado que foi encontrado dentro de um carro entre os munic\u00edpios de Tanha\u00e7u e Anag\u00e9, no Sudoeste da Bahia, \u00e9 do delegado Marco Ant\u00f4nio Torres, da cidade de Barra da Estiva, que estava desaparecido desde quinta-feira (12\/4\/2018) ap\u00f3s sair para uma viagem. A informa\u00e7\u00e3o foi divulgada pela Pol\u00edcia Civil, que emitiu nota de [&hellip;]\" \/>\n<meta property=\"og:url\" content=\"https:\/\/aconteceunovale.com.br\/portal\/?p=130708\" \/>\n<meta property=\"og:site_name\" content=\"Aconteceu no Vale\" \/>\n<meta property=\"article:publisher\" content=\"https:\/\/www.facebook.com\/aconteceunovale\/\" \/>\n<meta property=\"article:published_time\" content=\"2018-04-14T23:18:33+00:00\" \/>\n<meta property=\"article:modified_time\" content=\"2018-04-15T01:04:56+00:00\" \/>\n<meta property=\"og:image\" content=\"https:\/\/aconteceunovale.com.br\/portal\/wp-content\/uploads\/2018\/04\/delegado_ba_2.jpg\" \/>\n\t<meta property=\"og:image:width\" content=\"672\" \/>\n\t<meta property=\"og:image:height\" content=\"450\" \/>\n\t<meta property=\"og:image:type\" content=\"image\/jpeg\" \/>\n<meta name=\"author\" content=\"Aconteceu no Vale\" \/>\n<meta name=\"twitter:card\" content=\"summary_large_image\" \/>\n<meta name=\"twitter:creator\" content=\"@noticiadosvales\" \/>\n<meta name=\"twitter:site\" content=\"@noticiadosvales\" \/>\n<meta name=\"twitter:label1\" content=\"Escrito por\" \/>\n\t<meta name=\"twitter:data1\" content=\"Aconteceu no Vale\" \/>\n\t<meta name=\"twitter:label2\" content=\"Est. tempo de leitura\" \/>\n\t<meta name=\"twitter:data2\" content=\"2 minutos\" \/>\n<script type=\"application\/ld+json\" class=\"yoast-schema-graph\">{\"@context\":\"https:\\\/\\\/schema.org\",\"@graph\":[{\"@type\":\"Article\",\"@id\":\"https:\\\/\\\/aconteceunovale.com.br\\\/portal\\\/?p=130708#article\",\"isPartOf\":{\"@id\":\"https:\\\/\\\/aconteceunovale.com.br\\\/portal\\\/?p=130708\"},\"author\":{\"name\":\"Aconteceu no Vale\",\"@id\":\"https:\\\/\\\/aconteceunovale.com.br\\\/portal\\\/#\\\/schema\\\/person\\\/633529146f2c94272bef50ac2953d589\"},\"headline\":\"Corpo encontrado em ve\u00edculo \u00e9 de delegado que desapareceu durante viagem na Bahia\",\"datePublished\":\"2018-04-14T23:18:33+00:00\",\"dateModified\":\"2018-04-15T01:04:56+00:00\",\"mainEntityOfPage\":{\"@id\":\"https:\\\/\\\/aconteceunovale.com.br\\\/portal\\\/?p=130708\"},\"wordCount\":384,\"commentCount\":0,\"image\":{\"@id\":\"https:\\\/\\\/aconteceunovale.com.br\\\/portal\\\/?p=130708#primaryimage\"},\"thumbnailUrl\":\"https:\\\/\\\/aconteceunovale.com.br\\\/portal\\\/wp-content\\\/uploads\\\/2018\\\/04\\\/delegado_ba_2.jpg\",\"keywords\":[\"Anag\u00e9\",\"Barra da Estiva\",\"confirma Pol\u00edcia Civil\",\"Corpo encontrado em ve\u00edculo \u00e9 de delegado que desapareceu durante viagem na Bahia\",\"Corpo encontrado em ve\u00edculo \u00e9 de delegado que sumiu ap\u00f3s viagem na Bahia\",\"Delegado de Barra da Estiva\",\"Delegado Marco Ant\u00f4nio Torres\",\"Delegado Marco Torres\",\"destaque\",\"Governador Valadares\",\"Marco Ant\u00f4nio Torres\",\"Marco Torres\",\"Morte do delegado Marco Ant\u00f4nio Torres\",\"Morte do delegado Marco Torres\",\"Tanha\u00e7u\",\"Vit\u00f3ria da Conquista\"],\"articleSection\":[\"Brasil\",\"Leste de Minas\"],\"inLanguage\":\"pt-BR\",\"potentialAction\":[{\"@type\":\"CommentAction\",\"name\":\"Comment\",\"target\":[\"https:\\\/\\\/aconteceunovale.com.br\\\/portal\\\/?p=130708#respond\"]}]},{\"@type\":\"WebPage\",\"@id\":\"https:\\\/\\\/aconteceunovale.com.br\\\/portal\\\/?p=130708\",\"url\":\"https:\\\/\\\/aconteceunovale.com.br\\\/portal\\\/?p=130708\",\"name\":\"Corpo encontrado em ve\u00edculo \u00e9 de delegado que desapareceu durante viagem na Bahia - Aconteceu no Vale\",\"isPartOf\":{\"@id\":\"https:\\\/\\\/aconteceunovale.com.br\\\/portal\\\/#website\"},\"primaryImageOfPage\":{\"@id\":\"https:\\\/\\\/aconteceunovale.com.br\\\/portal\\\/?p=130708#primaryimage\"},\"image\":{\"@id\":\"https:\\\/\\\/aconteceunovale.com.br\\\/portal\\\/?p=130708#primaryimage\"},\"thumbnailUrl\":\"https:\\\/\\\/aconteceunovale.com.br\\\/portal\\\/wp-content\\\/uploads\\\/2018\\\/04\\\/delegado_ba_2.jpg\",\"datePublished\":\"2018-04-14T23:18:33+00:00\",\"dateModified\":\"2018-04-15T01:04:56+00:00\",\"author\":{\"@id\":\"https:\\\/\\\/aconteceunovale.com.br\\\/portal\\\/#\\\/schema\\\/person\\\/633529146f2c94272bef50ac2953d589\"},\"breadcrumb\":{\"@id\":\"https:\\\/\\\/aconteceunovale.com.br\\\/portal\\\/?p=130708#breadcrumb\"},\"inLanguage\":\"pt-BR\",\"potentialAction\":[{\"@type\":\"ReadAction\",\"target\":[\"https:\\\/\\\/aconteceunovale.com.br\\\/portal\\\/?p=130708\"]}]},{\"@type\":\"ImageObject\",\"inLanguage\":\"pt-BR\",\"@id\":\"https:\\\/\\\/aconteceunovale.com.br\\\/portal\\\/?p=130708#primaryimage\",\"url\":\"https:\\\/\\\/aconteceunovale.com.br\\\/portal\\\/wp-content\\\/uploads\\\/2018\\\/04\\\/delegado_ba_2.jpg\",\"contentUrl\":\"https:\\\/\\\/aconteceunovale.com.br\\\/portal\\\/wp-content\\\/uploads\\\/2018\\\/04\\\/delegado_ba_2.jpg\",\"width\":672,\"height\":450},{\"@type\":\"BreadcrumbList\",\"@id\":\"https:\\\/\\\/aconteceunovale.com.br\\\/portal\\\/?p=130708#breadcrumb\",\"itemListElement\":[{\"@type\":\"ListItem\",\"position\":1,\"name\":\"In\u00edcio\",\"item\":\"https:\\\/\\\/aconteceunovale.com.br\\\/portal\\\/\"},{\"@type\":\"ListItem\",\"position\":2,\"name\":\"Corpo encontrado em ve\u00edculo \u00e9 de delegado que desapareceu durante viagem na Bahia\"}]},{\"@type\":\"WebSite\",\"@id\":\"https:\\\/\\\/aconteceunovale.com.br\\\/portal\\\/#website\",\"url\":\"https:\\\/\\\/aconteceunovale.com.br\\\/portal\\\/\",\"name\":\"Aconteceu no Vale\",\"description\":\"Portal de Not\u00edcias\",\"potentialAction\":[{\"@type\":\"SearchAction\",\"target\":{\"@type\":\"EntryPoint\",\"urlTemplate\":\"https:\\\/\\\/aconteceunovale.com.br\\\/portal\\\/?s={search_term_string}\"},\"query-input\":{\"@type\":\"PropertyValueSpecification\",\"valueRequired\":true,\"valueName\":\"search_term_string\"}}],\"inLanguage\":\"pt-BR\"},{\"@type\":\"Person\",\"@id\":\"https:\\\/\\\/aconteceunovale.com.br\\\/portal\\\/#\\\/schema\\\/person\\\/633529146f2c94272bef50ac2953d589\",\"name\":\"Aconteceu no Vale\",\"description\":\"Equipe de reportagem do Aconteceu no Vale, portal de not\u00edcias do Vale do Jequitinhonha, em Minas Gerais. Cobrimos as 51 cidades do Vale desde 2013. Sugest\u00f5es de pauta e pedidos de corre\u00e7\u00e3o: contato@aconteceunovale.com.br\",\"sameAs\":[\"http:\\\/\\\/www.aconteceunovale.com.br\"],\"url\":\"https:\\\/\\\/aconteceunovale.com.br\\\/portal\\\/?author=1\"}]}<\/script>\n<!-- \/ Yoast SEO plugin. -->","yoast_head_json":{"title":"Corpo encontrado em ve\u00edculo \u00e9 de delegado que desapareceu durante viagem na Bahia - Aconteceu no Vale","robots":{"index":"index","follow":"follow","max-snippet":"max-snippet:-1","max-image-preview":"max-image-preview:large","max-video-preview":"max-video-preview:-1"},"canonical":"https:\/\/aconteceunovale.com.br\/portal\/?p=130708","og_locale":"pt_BR","og_type":"article","og_title":"Corpo encontrado em ve\u00edculo \u00e9 de delegado que desapareceu durante viagem na Bahia - Aconteceu no Vale","og_description":"O corpo carbonizado que foi encontrado dentro de um carro entre os munic\u00edpios de Tanha\u00e7u e Anag\u00e9, no Sudoeste da Bahia, \u00e9 do delegado Marco Ant\u00f4nio Torres, da cidade de Barra da Estiva, que estava desaparecido desde quinta-feira (12\/4\/2018) ap\u00f3s sair para uma viagem. A informa\u00e7\u00e3o foi divulgada pela Pol\u00edcia Civil, que emitiu nota de [&hellip;]","og_url":"https:\/\/aconteceunovale.com.br\/portal\/?p=130708","og_site_name":"Aconteceu no Vale","article_publisher":"https:\/\/www.facebook.com\/aconteceunovale\/","article_published_time":"2018-04-14T23:18:33+00:00","article_modified_time":"2018-04-15T01:04:56+00:00","og_image":[{"width":672,"height":450,"url":"https:\/\/aconteceunovale.com.br\/portal\/wp-content\/uploads\/2018\/04\/delegado_ba_2.jpg","type":"image\/jpeg"}],"author":"Aconteceu no Vale","twitter_card":"summary_large_image","twitter_creator":"@noticiadosvales","twitter_site":"@noticiadosvales","twitter_misc":{"Escrito por":"Aconteceu no Vale","Est. tempo de leitura":"2 minutos"},"schema":{"@context":"https:\/\/schema.org","@graph":[{"@type":"Article","@id":"https:\/\/aconteceunovale.com.br\/portal\/?p=130708#article","isPartOf":{"@id":"https:\/\/aconteceunovale.com.br\/portal\/?p=130708"},"author":{"name":"Aconteceu no Vale","@id":"https:\/\/aconteceunovale.com.br\/portal\/#\/schema\/person\/633529146f2c94272bef50ac2953d589"},"headline":"Corpo encontrado em ve\u00edculo \u00e9 de delegado que desapareceu durante viagem na Bahia","datePublished":"2018-04-14T23:18:33+00:00","dateModified":"2018-04-15T01:04:56+00:00","mainEntityOfPage":{"@id":"https:\/\/aconteceunovale.com.br\/portal\/?p=130708"},"wordCount":384,"commentCount":0,"image":{"@id":"https:\/\/aconteceunovale.com.br\/portal\/?p=130708#primaryimage"},"thumbnailUrl":"https:\/\/aconteceunovale.com.br\/portal\/wp-content\/uploads\/2018\/04\/delegado_ba_2.jpg","keywords":["Anag\u00e9","Barra da Estiva","confirma Pol\u00edcia Civil","Corpo encontrado em ve\u00edculo \u00e9 de delegado que desapareceu durante viagem na Bahia","Corpo encontrado em ve\u00edculo \u00e9 de delegado que sumiu ap\u00f3s viagem na Bahia","Delegado de Barra da Estiva","Delegado Marco Ant\u00f4nio Torres","Delegado Marco Torres","destaque","Governador Valadares","Marco Ant\u00f4nio Torres","Marco Torres","Morte do delegado Marco Ant\u00f4nio Torres","Morte do delegado Marco Torres","Tanha\u00e7u","Vit\u00f3ria da Conquista"],"articleSection":["Brasil","Leste de Minas"],"inLanguage":"pt-BR","potentialAction":[{"@type":"CommentAction","name":"Comment","target":["https:\/\/aconteceunovale.com.br\/portal\/?p=130708#respond"]}]},{"@type":"WebPage","@id":"https:\/\/aconteceunovale.com.br\/portal\/?p=130708","url":"https:\/\/aconteceunovale.com.br\/portal\/?p=130708","name":"Corpo encontrado em ve\u00edculo \u00e9 de delegado que desapareceu durante viagem na Bahia - Aconteceu no Vale","isPartOf":{"@id":"https:\/\/aconteceunovale.com.br\/portal\/#website"},"primaryImageOfPage":{"@id":"https:\/\/aconteceunovale.com.br\/portal\/?p=130708#primaryimage"},"image":{"@id":"https:\/\/aconteceunovale.com.br\/portal\/?p=130708#primaryimage"},"thumbnailUrl":"https:\/\/aconteceunovale.com.br\/portal\/wp-content\/uploads\/2018\/04\/delegado_ba_2.jpg","datePublished":"2018-04-14T23:18:33+00:00","dateModified":"2018-04-15T01:04:56+00:00","author":{"@id":"https:\/\/aconteceunovale.com.br\/portal\/#\/schema\/person\/633529146f2c94272bef50ac2953d589"},"breadcrumb":{"@id":"https:\/\/aconteceunovale.com.br\/portal\/?p=130708#breadcrumb"},"inLanguage":"pt-BR","potentialAction":[{"@type":"ReadAction","target":["https:\/\/aconteceunovale.com.br\/portal\/?p=130708"]}]},{"@type":"ImageObject","inLanguage":"pt-BR","@id":"https:\/\/aconteceunovale.com.br\/portal\/?p=130708#primaryimage","url":"https:\/\/aconteceunovale.com.br\/portal\/wp-content\/uploads\/2018\/04\/delegado_ba_2.jpg","contentUrl":"https:\/\/aconteceunovale.com.br\/portal\/wp-content\/uploads\/2018\/04\/delegado_ba_2.jpg","width":672,"height":450},{"@type":"BreadcrumbList","@id":"https:\/\/aconteceunovale.com.br\/portal\/?p=130708#breadcrumb","itemListElement":[{"@type":"ListItem","position":1,"name":"In\u00edcio","item":"https:\/\/aconteceunovale.com.br\/portal\/"},{"@type":"ListItem","position":2,"name":"Corpo encontrado em ve\u00edculo \u00e9 de delegado que desapareceu durante viagem na Bahia"}]},{"@type":"WebSite","@id":"https:\/\/aconteceunovale.com.br\/portal\/#website","url":"https:\/\/aconteceunovale.com.br\/portal\/","name":"Aconteceu no Vale","description":"Portal de Not\u00edcias","potentialAction":[{"@type":"SearchAction","target":{"@type":"EntryPoint","urlTemplate":"https:\/\/aconteceunovale.com.br\/portal\/?s={search_term_string}"},"query-input":{"@type":"PropertyValueSpecification","valueRequired":true,"valueName":"search_term_string"}}],"inLanguage":"pt-BR"},{"@type":"Person","@id":"https:\/\/aconteceunovale.com.br\/portal\/#\/schema\/person\/633529146f2c94272bef50ac2953d589","name":"Aconteceu no Vale","description":"Equipe de reportagem do Aconteceu no Vale, portal de not\u00edcias do Vale do Jequitinhonha, em Minas Gerais. Cobrimos as 51 cidades do Vale desde 2013. Sugest\u00f5es de pauta e pedidos de corre\u00e7\u00e3o: contato@aconteceunovale.com.br","sameAs":["http:\/\/www.aconteceunovale.com.br"],"url":"https:\/\/aconteceunovale.com.br\/portal\/?author=1"}]}},"_links":{"self":[{"href":"https:\/\/aconteceunovale.com.br\/portal\/index.php?rest_route=\/wp\/v2\/posts\/130708","targetHints":{"allow":["GET"]}}],"collection":[{"href":"https:\/\/aconteceunovale.com.br\/portal\/index.php?rest_route=\/wp\/v2\/posts"}],"about":[{"href":"https:\/\/aconteceunovale.com.br\/portal\/index.php?rest_route=\/wp\/v2\/types\/post"}],"author":[{"embeddable":true,"href":"https:\/\/aconteceunovale.com.br\/portal\/index.php?rest_route=\/wp\/v2\/users\/1"}],"replies":[{"embeddable":true,"href":"https:\/\/aconteceunovale.com.br\/portal\/index.php?rest_route=%2Fwp%2Fv2%2Fcomments&post=130708"}],"version-history":[{"count":0,"href":"https:\/\/aconteceunovale.com.br\/portal\/index.php?rest_route=\/wp\/v2\/posts\/130708\/revisions"}],"wp:featuredmedia":[{"embeddable":true,"href":"https:\/\/aconteceunovale.com.br\/portal\/index.php?rest_route=\/wp\/v2\/media\/130709"}],"wp:attachment":[{"href":"https:\/\/aconteceunovale.com.br\/portal\/index.php?rest_route=%2Fwp%2Fv2%2Fmedia&parent=130708"}],"wp:term":[{"taxonomy":"category","embeddable":true,"href":"https:\/\/aconteceunovale.com.br\/portal\/index.php?rest_route=%2Fwp%2Fv2%2Fcategories&post=130708"},{"taxonomy":"post_tag","embeddable":true,"href":"https:\/\/aconteceunovale.com.br\/portal\/index.php?rest_route=%2Fwp%2Fv2%2Ftags&post=130708"}],"curies":[{"name":"wp","href":"https:\/\/api.w.org\/{rel}","templated":true}]}}