{"id":130692,"date":"2018-04-14T16:28:23","date_gmt":"2018-04-14T18:28:23","guid":{"rendered":"http:\/\/aconteceunovale.com.br\/portal\/?p=130692"},"modified":"2018-04-15T10:58:06","modified_gmt":"2018-04-15T12:58:06","slug":"aviao-de-pequeno-porte-cai-em-ipatinga","status":"publish","type":"post","link":"https:\/\/aconteceunovale.com.br\/portal\/?p=130692","title":{"rendered":"Avi\u00e3o de pequeno porte cai em Ipatinga"},"content":{"rendered":"<p>Um avi\u00e3o de pequeno porte caiu em Ipatinga, no Vale do A\u00e7o, na manh\u00e3 deste s\u00e1bado (14\/04\/2018). O acidente ocorreu por volta das 11h30, na regi\u00e3o conhecida como Parque Ipanema, ao lado do Est\u00e1dio Municipal Jo\u00e3o Lamego Netto (Ipating\u00e3o). <\/p>\n<p>De acordo com a Pol\u00edcia Militar da cidade, a \u00fanica pessoa que estava na aeronave era o piloto, identificado como Willian Pittondo Lima, de 23 anos, que foi socorrido pelo Servi\u00e7o de Atendimento M\u00f3vel de Urg\u00eancia (Samu). <\/p>\n<p>Ainda segundo a PM, ele estava consciente no momento do resgate. Segundo o Corpo de Bombeiros, o piloto sofreu um corte na cabe\u00e7a e tinha suspeita de fratura na bacia. <\/p>\n<p>O avi\u00e3o monomotor, um Cessna Aircfrat (modelo 152), prefixo PR-TXH, fazia o servi\u00e7o de divulga\u00e7\u00e3o de um parque de divers\u00f5es instalado no estacionamento do Ipating\u00e3o.<\/p>\n<p>A aeronave caiu em um gramado com as rodas para cima, deslizou por alguns metros e parou pr\u00f3ximo \u00e0 rodovia BR-458, que \u00e9 bastante movimentada. O acidente pode ter sido causado por falha mec\u00e2nica. O caso ser\u00e1 investigado.<\/p>\n<p><img decoding=\"async\" src=\"http:\/\/aconteceunovale.com.br\/portal\/wp-content\/uploads\/2018\/04\/acidente_aviao_ipatinga_1.jpeg\" alt=\"\" \/><em>Avi\u00e3o caiu pr\u00f3ximo ao Ipating\u00e3o (Foto: Corpo de Bombeiros\/Divulga\u00e7\u00e3o )<\/em><br \/>\n<\/br><\/p>\n<p><img decoding=\"async\" src=\"http:\/\/aconteceunovale.com.br\/portal\/wp-content\/uploads\/2018\/04\/acidente_aviao_ipatinga_2.jpeg\" alt=\"\" \/><em>Avi\u00e3o caiu pr\u00f3ximo ao Ipating\u00e3o (Foto: Corpo de Bombeiros\/Divulga\u00e7\u00e3o )<\/em><br \/>\n<\/br><\/p>\n<p><img decoding=\"async\" src=\"http:\/\/aconteceunovale.com.br\/portal\/wp-content\/uploads\/2018\/04\/acidente_aviao_ipatinga_3.jpeg\" alt=\"\" \/><em>Avi\u00e3o caiu pr\u00f3ximo ao Ipating\u00e3o (Foto: Corpo de Bombeiros\/Divulga\u00e7\u00e3o )<\/em><br \/>\n<\/br><\/p>\n<p><img decoding=\"async\" src=\"http:\/\/aconteceunovale.com.br\/portal\/wp-content\/uploads\/2018\/04\/acidente_aviao_ipatinga_4.jpeg\" alt=\"\" \/><em>Avi\u00e3o caiu pr\u00f3ximo ao Ipating\u00e3o (Foto: Corpo de Bombeiros\/Divulga\u00e7\u00e3o )<\/em><br \/>\n<\/br><\/p>\n<p><img decoding=\"async\" src=\"http:\/\/aconteceunovale.com.br\/portal\/wp-content\/uploads\/2018\/04\/acidente_aviao_ipatinga_5.jpeg\" alt=\"\" \/><em>Avi\u00e3o caiu pr\u00f3ximo ao Ipating\u00e3o (Foto: Corpo de Bombeiros\/Divulga\u00e7\u00e3o )<\/em><br \/>\n<\/br><\/p>\n<p><strong>VER PRIMEIRO<\/strong><\/p>\n<p>Receba as not\u00edcias do Aconteceu no Vale em primeira m\u00e3o. Clique em curtir no endere\u00e7o <a href=\"https:\/\/www.facebook.com\/aconteceunovale\" target=\"_blank\"><font color=\"red\">www.facebook.com\/aconteceunovale<\/font><\/a> ou no box abaixo:<\/p>\n<div class=\"fb-like\" data-href=\"https:\/\/www.facebook.com\/aconteceunovale\" data-width=\"120\" data-layout=\"standard\" data-action=\"like\" data-size=\"small\" data-show-faces=\"true\" data-share=\"true\"><\/div>\n<p><\/br><\/p>\n<p><em>(Com informa\u00e7\u00f5es do Estado de Minas)<\/em><\/p>\n","protected":false},"excerpt":{"rendered":"<p>Um avi\u00e3o de pequeno porte caiu em Ipatinga, no Vale do A\u00e7o, na manh\u00e3 deste s\u00e1bado (14\/04\/2018). O acidente ocorreu por volta das 11h30, na regi\u00e3o conhecida como Parque Ipanema, ao lado do Est\u00e1dio Municipal Jo\u00e3o Lamego Netto (Ipating\u00e3o). De acordo com a Pol\u00edcia Militar da cidade, a \u00fanica pessoa que estava na aeronave era [&hellip;]<\/p>\n","protected":false},"author":1,"featured_media":130697,"comment_status":"open","ping_status":"closed","sticky":false,"template":"","format":"standard","meta":{"amp_status":"","footnotes":""},"categories":[121],"tags":[172686,172684,172613,172609,14508,172685,172614,1018,201,172611,172612,172610,172683],"class_list":["post-130692","post","type-post","status-publish","format-standard","has-post-thumbnail","hentry","category-leste","tag-acidente-aeronave-super-star-park","tag-acidente-aviao-super-star-park","tag-acidente-com-aviao-de-parque-em-ipatinga","tag-acidente-com-aviao-em-ipatinga","tag-acidente-em-ipatinga","tag-acidente-super-star-park","tag-aviao-de-pequeno-porte-cai-em-ipatinga","tag-destaque","tag-ipatinga","tag-queda-de-aeronave-em-ipatinga","tag-queda-de-aviao-de-parque-em-ipatinga","tag-queda-de-aviao-em-ipatinga","tag-super-star-park"],"_links":{"self":[{"href":"https:\/\/aconteceunovale.com.br\/portal\/index.php?rest_route=\/wp\/v2\/posts\/130692","targetHints":{"allow":["GET"]}}],"collection":[{"href":"https:\/\/aconteceunovale.com.br\/portal\/index.php?rest_route=\/wp\/v2\/posts"}],"about":[{"href":"https:\/\/aconteceunovale.com.br\/portal\/index.php?rest_route=\/wp\/v2\/types\/post"}],"author":[{"embeddable":true,"href":"https:\/\/aconteceunovale.com.br\/portal\/index.php?rest_route=\/wp\/v2\/users\/1"}],"replies":[{"embeddable":true,"href":"https:\/\/aconteceunovale.com.br\/portal\/index.php?rest_route=%2Fwp%2Fv2%2Fcomments&post=130692"}],"version-history":[{"count":0,"href":"https:\/\/aconteceunovale.com.br\/portal\/index.php?rest_route=\/wp\/v2\/posts\/130692\/revisions"}],"wp:featuredmedia":[{"embeddable":true,"href":"https:\/\/aconteceunovale.com.br\/portal\/index.php?rest_route=\/wp\/v2\/media\/130697"}],"wp:attachment":[{"href":"https:\/\/aconteceunovale.com.br\/portal\/index.php?rest_route=%2Fwp%2Fv2%2Fmedia&parent=130692"}],"wp:term":[{"taxonomy":"category","embeddable":true,"href":"https:\/\/aconteceunovale.com.br\/portal\/index.php?rest_route=%2Fwp%2Fv2%2Fcategories&post=130692"},{"taxonomy":"post_tag","embeddable":true,"href":"https:\/\/aconteceunovale.com.br\/portal\/index.php?rest_route=%2Fwp%2Fv2%2Ftags&post=130692"}],"curies":[{"name":"wp","href":"https:\/\/api.w.org\/{rel}","templated":true}]}}