{"id":130593,"date":"2018-04-11T17:34:43","date_gmt":"2018-04-11T19:34:43","guid":{"rendered":"http:\/\/aconteceunovale.com.br\/portal\/?p=130593"},"modified":"2018-04-11T17:34:43","modified_gmt":"2018-04-11T19:34:43","slug":"lula-recebe-os-mesmos-beneficios-dos-demais-presos-diz-pf","status":"publish","type":"post","link":"https:\/\/aconteceunovale.com.br\/portal\/?p=130593","title":{"rendered":"Lula recebe os mesmos benef\u00edcios dos demais presos, diz PF"},"content":{"rendered":"<p>A Pol\u00edcia Federal (PF) informou hoje (11\/4\/2018), por meio de nota, que o ex-presidente Luiz In\u00e1cio Lula da Silva, r\u00e9u da Lava Jato que cumpre pena na sede da PF no Paran\u00e1, n\u00e3o recebe \u201cqualquer outro benef\u00edcio que n\u00e3o se aplique aos demais custodiados que se encontram atualmente na unidade policial\u201d.<\/p>\n<p>A nota foi publicada em resposta a not\u00edcias de que Lula estaria recebendo tratamento privilegiado em compara\u00e7\u00e3o a outros presos.<\/p>\n<p>Segundo a PF, o regime de visitas de advogados e familiares aplicado n\u00e3o sofreu qualquer altera\u00e7\u00e3o destinada a beneficiar o ex-presidente. Al\u00e9m disso, acrescenta a nota, o presidente n\u00e3o tem contato com \u201cnenhuma pessoa ou mesmo servidor, \u00e0 exce\u00e7\u00e3o daqueles envolvidos na sua seguran\u00e7a\u201d.<\/p>\n<p>\u201cTodos os procedimentos adotados com rela\u00e7\u00e3o ao ex-presidente s\u00e3o os mesmos aplicados aos demais custodiados, salvo exce\u00e7\u00f5es espec\u00edficas autorizadas pelo Ju\u00edzo da 12\u00aa Vara Federal de Curitiba\/PR, respons\u00e1vel pelos procedimentos de execu\u00e7\u00e3o penal\u201d, acrescenta a nota.<\/p>\n<p>A pedido do juiz S\u00e9rgio Moro, Lula est\u00e1 sendo mantido em um espa\u00e7o separado, tendo \u00e0 sua disposi\u00e7\u00e3o um aparelho de televis\u00e3o.<\/p>\n<p><img decoding=\"async\" src=\"http:\/\/aconteceunovale.com.br\/portal\/wp-content\/uploads\/2018\/04\/sup_pf_curitiba_1.jpg\" alt=\"\" \/><em>Lula est\u00e1 preso na sede da PF em Curitiba (Marcello Casal Jr\/Ag\u00eancia Brasil)<\/em><br \/>\n<\/br><\/p>\n<p><strong><\/p>\n<h4>Transfer\u00eancia<\/h4>\n<p><\/strong><\/p>\n<p>O Sindicato dos Delegados de Pol\u00edcia Federal do Paran\u00e1 (SinDPF\/PR) enviou hoje (11) um of\u00edcio \u00e0 Superintend\u00eancia do \u00f3rg\u00e3o no estado pedindo que o ex-presidente Luiz In\u00e1cio Lula da Silva &#8211; que cumpre pena em sala especial no pr\u00e9dio da PF em Curitiba &#8211; seja transferido. O sindicato argumenta que a grande movimenta\u00e7\u00e3o no local, com manifesta\u00e7\u00f5es, em decorr\u00eancia da pris\u00e3o do ex-presidente tem provocado transtornos aos moradores da regi\u00e3o e prejudicado atividades de trabalho dos policiais. <\/p>\n<p>Em nota \u00e0 imprensa, o sindicato diz que solicitou no pedido \u201ca transfer\u00eancia imediata do ex-presidente para uma unidade das For\u00e7as Armadas, que possua efetivo e estrutura \u00e0 altura dos riscos envolvidos\u201d. Conforme nota do sindicato, &#8220;em raz\u00e3o da invas\u00e3o da regi\u00e3o pr\u00f3xima deste pr\u00e9dio de centenas de pessoas ligadas a movimentos sociais e outras fac\u00e7\u00f5es, por quest\u00f5es de seguran\u00e7a, foi determinado o bloqueio de acessos e demais medidas assecurat\u00f3rias, causando graves inconvenientes e atrasos nos atendimentos e a\u00e7\u00f5es policiais.&#8221;<\/p>\n<p>O SinDPF\/PR diz na nota que o bloqueio de acessos est\u00e1 \u201ccausando graves inconvenientes e atrasos nos atendimentos e a\u00e7\u00f5es policiais\u201d e que por conta disto os policiais federais envolvidos nesta opera\u00e7\u00e3o de seguran\u00e7a estariam \u201csem poder desenvolver suas atividades policiais normalmente\u201d.<\/p>\n<p>De acordo com o of\u00edcio enviado \u00e0 dire\u00e7\u00e3o da PF paranaense, a presen\u00e7a do ex-presidente na superintend\u00eancia poderia resultar em \u201ctranstornos e riscos \u00e0 popula\u00e7\u00e3o e aos funcion\u00e1rios da Pol\u00edcia Federal\u201d, bem como \u00e0 rotina do \u00f3rg\u00e3o, em especial no que se refere \u00e0 presta\u00e7\u00e3o de servi\u00e7os como emiss\u00e3o de passaportes e quest\u00f5es relacionadas a produtos qu\u00edmicos, seguran\u00e7a privada, armas e emiss\u00e3o de certid\u00f5es de antecedentes criminais.<\/p>\n<p>Para evitar que as manifesta\u00e7\u00f5es ocorram na proximidade do pr\u00e9dio, o acesso ao local foi bloqueado para n\u00e3o moradores da regi\u00e3o. \u201cH\u00e1 comprovados riscos \u00e0 popula\u00e7\u00e3o que reside no entorno do pr\u00e9dio da PF, aos policiais federais e demais integrantes do sistema de seguran\u00e7a p\u00fablica que moram nas imedia\u00e7\u00f5es da sede da Pol\u00edcia Federal, ao passo que alguns invasores, que j\u00e1 se instalaram com barracas, j\u00e1 est\u00e3o promovendo a\u00e7\u00f5es no sentido de intimidar estas pessoas\u201d, diz a nota. <\/p>\n<p>\u201cOutrossim, outros policiais federais e moradores est\u00e3o informando, extraoficialmente, que temem pela seguran\u00e7a de suas fam\u00edlias em face das amea\u00e7as e presen\u00e7a de tais manifestantes\u201d, completou a nota do SinDPF\/PR.<\/p>\n<p>A Pol\u00edcia Federal informou que \u00e9 responsabilidade da Justi\u00e7a decidir sobre transfer\u00eancia de um preso.<\/p>\n<p><strong>VER PRIMEIRO<\/strong><\/p>\n<p>Receba as not\u00edcias do Aconteceu no Vale em primeira m\u00e3o. Clique em curtir no endere\u00e7o <a href=\"https:\/\/www.facebook.com\/aconteceunovale\" target=\"_blank\"><font color=\"red\">www.facebook.com\/aconteceunovale<\/font><\/a> ou no box abaixo:<\/p>\n<div class=\"fb-like\" data-href=\"https:\/\/www.facebook.com\/aconteceunovale\" data-width=\"120\" data-layout=\"standard\" data-action=\"like\" data-size=\"small\" data-show-faces=\"true\" data-share=\"true\"><\/div>\n<p><\/br><\/p>\n<p><em>(Fonte: Ag\u00eancia Brasil)<\/em><\/p>\n","protected":false},"excerpt":{"rendered":"<p>A Pol\u00edcia Federal (PF) informou hoje (11\/4\/2018), por meio de nota, que o ex-presidente Luiz In\u00e1cio Lula da Silva, r\u00e9u da Lava Jato que cumpre pena na sede da PF no Paran\u00e1, n\u00e3o recebe \u201cqualquer outro benef\u00edcio que n\u00e3o se aplique aos demais custodiados que se encontram atualmente na unidade policial\u201d. A nota foi publicada [&hellip;]<\/p>\n","protected":false},"author":1,"featured_media":130438,"comment_status":"open","ping_status":"closed","sticky":false,"template":"","format":"standard","meta":{"amp_status":"","footnotes":""},"categories":[6,40240],"tags":[172198,172178,49597,172179,172200,168082,172172,172174,4608,172028,172029,171897,26351,77983,44728,171928,82255,171929,172173,171888,172175,172167,80312,84400,171891,171894,172176,68076,172220,171890,171899,83065,171893,171892,15493,23452,27144,14124,171887,7147,172168,172180,172170,172169,172196,172195,172197,172041,171885,81924,172452,172199,171886,171955,171956,172171,171898,109699,171884,171883,16686,20966,772,172040,172194,19707,80861,44724,81922,171927,171896,103373,172131,35052,171930,171931,171925,171926,171895,138235,172454,28511,171889,61747,172453,28510,112714,172177],"class_list":["post-130593","post","type-post","status-publish","format-standard","has-post-thumbnail","hentry","category-br","category-politica-2","tag-a-presenca-do-ex-presidente-luiz-inacio-lula-da-silva-na-superintendencia-da-policia-federal-em-curitiba-alterou-a-rotina-da-regiao","tag-arthur-bernardes","tag-beneficios","tag-cafe-filho","tag-caso-do-triplex-em-guaruja","tag-caso-triplex","tag-como-e-a-cela-de-lula","tag-crime-comum","tag-curitiba","tag-defesa-de-lula-protocola-pedido-de-habeas-corpus-junto-ao-superior-tribunal-de-justica","tag-defesa-do-ex-presidente-lula-protocola-pedido-de-habeas-corpus-junto-ao-superior-tribunal-de-justica","tag-dia-tragico-para-a-democracia-e-para-o-brasil","tag-ditadura-militar","tag-edson-fachin","tag-ex-presidente-luiz-inacio-lula-da-silva","tag-ex-presidente-luiz-inacio-lula-da-silva-e-preso","tag-ex-presidente-lula","tag-ex-presidente-lula-e-preso","tag-ex-presidente-lula-ja-esta-sob-custodia-da-policia-federal","tag-ex-presidente-lula-pode-ser-preso-a-qualquer-momento","tag-ex-presidentes","tag-fachin-nega-novo-recurso-do-ex-presidente-lula","tag-forcas-armadas","tag-habeas-corpus","tag-habeas-corpus-de-lula","tag-hc-preventivo","tag-hermes-da-fonseca","tag-imprensa-internacional","tag-imprensa-internacional-destaca-a-prisao-do-ex-presidente-lula","tag-inicio-da-prisao-de-lula-ainda-nao-tem-data","tag-inicio-da-prisao-do-ex-presidente-lula-ainda-nao-tem-data","tag-juiz-federal-sergio-moro","tag-julgamento-do-hc-de-lula","tag-julgamento-do-stf","tag-juscelino-kubitschek","tag-justica-federal","tag-lava-jato","tag-luiz-inacio-lula-da-silva","tag-luiz-inacio-lula-da-silva-pode-ser-preso-a-qualquer-momentoe","tag-lula","tag-lula-deixa-o-sindicato-dos-metalurgicos-e-ja-esta-sob-custodia-da-pf","tag-lula-e-o-primeiro-ex-presidente-da-republica-preso-por-crime-comum-no-brasil","tag-lula-ja-esta-preso","tag-lula-ja-esta-sob-custodia-da-pf","tag-lula-na-cadeia","tag-lula-na-carceragem-da-pf","tag-lula-na-prisao","tag-lula-nao-e-considerado-foragido","tag-lula-pode-ser-preso-a-qualquer-momento","tag-lula-preso","tag-lula-recebe-os-mesmos-beneficios-dos-demais-presos","tag-lula-responde-a-seis-acoes-penais","tag-lula-vai-ser-preso","tag-mandado-de-prisao","tag-mandado-de-prisao-contra-lula-repercute-na-imprensa-internacional","tag-manifestantes","tag-mesmo-com-rejeicao-de-habeas-corpus","tag-ministra-carmen-lucia","tag-ministros-do-supremo-negam-habeas-corpus-preventivo-a-lula","tag-ministros-do-supremo-negam-habeas-corpus-preventivo-e-lula-pode-ser-preso","tag-mst","tag-pf","tag-policia-federal","tag-prazo-para-lula-se-apresentar-a-policia-federal-termina-ex-presidente-continua-em-sindicato","tag-presenca-de-lula-na-carceragem-da-pf-altera-rotina-da-regiao","tag-prisao","tag-prisao-de-luiz-inacio-lula-da-silva","tag-prisao-de-lula","tag-prisao-do-ex-presidente-lula","tag-prisao-ex-presidente-luiz-inacio-lula-da-silva","tag-pt-critica-decisao-do-stf","tag-recurso","tag-relembre-as-fases-do-processo-que-levou-a-ordem-de-prisao-do-ex-presidente-lula","tag-sergio-moro","tag-sergio-moro-determina-prisao-do-ex-presidente-luiz-inacio-lula-da-silva","tag-sergio-moro-determina-prisao-do-ex-presidente-lula","tag-sergio-moro-manda-prender-lula","tag-sergio-moro-prende-lula","tag-sindicato-dos-metalurgicos","tag-sindicato-dos-metalurgicos-do-abc","tag-sindpfpr","tag-stf","tag-stf-nega-habeas-corpus-preventivo-a-lula","tag-stj","tag-superintendencia-da-pf","tag-supremo-tribunal-federal","tag-triplex-em-guaruja","tag-washington-luis"],"_links":{"self":[{"href":"https:\/\/aconteceunovale.com.br\/portal\/index.php?rest_route=\/wp\/v2\/posts\/130593","targetHints":{"allow":["GET"]}}],"collection":[{"href":"https:\/\/aconteceunovale.com.br\/portal\/index.php?rest_route=\/wp\/v2\/posts"}],"about":[{"href":"https:\/\/aconteceunovale.com.br\/portal\/index.php?rest_route=\/wp\/v2\/types\/post"}],"author":[{"embeddable":true,"href":"https:\/\/aconteceunovale.com.br\/portal\/index.php?rest_route=\/wp\/v2\/users\/1"}],"replies":[{"embeddable":true,"href":"https:\/\/aconteceunovale.com.br\/portal\/index.php?rest_route=%2Fwp%2Fv2%2Fcomments&post=130593"}],"version-history":[{"count":0,"href":"https:\/\/aconteceunovale.com.br\/portal\/index.php?rest_route=\/wp\/v2\/posts\/130593\/revisions"}],"wp:featuredmedia":[{"embeddable":true,"href":"https:\/\/aconteceunovale.com.br\/portal\/index.php?rest_route=\/wp\/v2\/media\/130438"}],"wp:attachment":[{"href":"https:\/\/aconteceunovale.com.br\/portal\/index.php?rest_route=%2Fwp%2Fv2%2Fmedia&parent=130593"}],"wp:term":[{"taxonomy":"category","embeddable":true,"href":"https:\/\/aconteceunovale.com.br\/portal\/index.php?rest_route=%2Fwp%2Fv2%2Fcategories&post=130593"},{"taxonomy":"post_tag","embeddable":true,"href":"https:\/\/aconteceunovale.com.br\/portal\/index.php?rest_route=%2Fwp%2Fv2%2Ftags&post=130593"}],"curies":[{"name":"wp","href":"https:\/\/api.w.org\/{rel}","templated":true}]}}