{"id":130557,"date":"2018-04-10T18:53:45","date_gmt":"2018-04-10T20:53:45","guid":{"rendered":"http:\/\/aconteceunovale.com.br\/portal\/?p=130557"},"modified":"2018-04-10T18:53:45","modified_gmt":"2018-04-10T20:53:45","slug":"supremo-marca-julgamento-de-denuncia-contra-aecio-neves","status":"publish","type":"post","link":"https:\/\/aconteceunovale.com.br\/portal\/?p=130557","title":{"rendered":"Supremo marca julgamento de den\u00fancia contra A\u00e9cio Neves"},"content":{"rendered":"<p>O presidente da Primeira Turma do Supremo Tribunal Federal (STF), ministro Alexandre de Moraes, marcou para o dia 17 deste m\u00eas o julgamento sobre a recebimento da den\u00fancia contra o senador A\u00e9cio Neves (PSDB-MG) em um dos inqu\u00e9ritos resultantes da dela\u00e7\u00e3o do empres\u00e1rio Joesley Batista, da JBS.<\/p>\n<p>O relator do caso \u00e9 o ministro Marco Aur\u00e9lio Mello, que integra a Primeira Turma junto com Moraes, Luiz Fux, Rosa Weber e Lu\u00eds Roberto Barroso.<\/p>\n<p>Segundo a\u00a0den\u00fancia,\u00a0apresentada h\u00e1 mais de 10 meses, A\u00e9cio solicitou a Joesley Batista, em conversa gravada pela Pol\u00edcia Federal (PF), R$ 2 milh\u00f5es em propina, em troca de sua atua\u00e7\u00e3o pol\u00edtica. O senador foi acusado pelo ent\u00e3o procurador-geral da Rep\u00fablica, Rodrigo Janot, dos crimes de corrup\u00e7\u00e3o passiva e tentativa de obstruir a Justi\u00e7a.<\/p>\n<p>Ap\u00f3s contesta\u00e7\u00f5es da defesa de A\u00e9cio,\u00a0a den\u00fancia foi reiterada\u00a0no fim do m\u00eas passado pela atual procuradora-geral da Rep\u00fablica, Raquel Dodge, para quem a \u201co senador vilipendiou de forma decisiva o escopo de um mandato eletivo e n\u00e3o poupou esfor\u00e7os para, valendo-se do cargo p\u00fablico, atingir seus objetivos esp\u00farios\u201d.<\/p>\n<p>A\u00e9cio Neves j\u00e1 negou diversas vezes qualquer irregularidade no pedido feito a Joesley Batista, alegando que a quantia dizia respeito a um empr\u00e9stimo pessoal, sem nenhuma contrapartida em favor do empres\u00e1rio.<\/p>\n<p>Tamb\u00e9m s\u00e3o alvos da mesma den\u00fancia a irm\u00e3 do senador, Andrea Neves, o primo dele, Frederico Pacheco, e Mendherson Souza Lima, ex-assessor parlamentar do senador Zez\u00e9 Perrella (PMDB-MG) flagrado com dinheiro vivo. Todos foram acusados de corrup\u00e7\u00e3o passiva.<\/p>\n<p><strong>Defesa de A\u00e9cio<\/strong><\/p>\n<p>Em nota divulgada nesta ter\u00e7a-feira, o advogado Alberto Toron, que representa A\u00e9cio Neves, disse que o senador foi &#8220;v\u00edtima de uma situa\u00e7\u00e3o forjada, arquitetada por criminosos confessos que, sob a orienta\u00e7\u00e3o do ent\u00e3o procurador Marcelo Miller, buscavam firmar um acordo de dela\u00e7\u00e3o premiada fant\u00e1stico&#8221;.<\/p>\n<p>Toron fez refer\u00eancia ao ex-procurador da Rep\u00fablica Marcelo Miller, suspeito de ter orientado indevidamente Joesley Batista na negocia\u00e7\u00e3o do acordo de dela\u00e7\u00e3o premiada do empres\u00e1rio.<\/p>\n<p>&#8220;As provas revelam que o empr\u00e9stimo pessoal feito ao senador n\u00e3o envolvia dinheiro p\u00fablico ou, como reconheceu a pr\u00f3pria PGR, qualquer contrapartida. Assim, inexiste crime ou ilegalidade na conduta do senador A\u00e9cio&#8221;, acrescenta o texto escrito pelo advogado.<\/p>\n<p><strong>VER PRIMEIRO<\/strong><\/p>\n<p>Receba as not\u00edcias do Aconteceu no Vale em primeira m\u00e3o. Clique em curtir no endere\u00e7o <a href=\"https:\/\/www.facebook.com\/aconteceunovale\" target=\"_blank\"><font color=\"red\">www.facebook.com\/aconteceunovale<\/font><\/a> ou no box abaixo:<\/p>\n<div class=\"fb-like\" data-href=\"https:\/\/www.facebook.com\/aconteceunovale\" data-width=\"120\" data-layout=\"standard\" data-action=\"like\" data-size=\"small\" data-show-faces=\"true\" data-share=\"true\"><\/div>\n<p><\/br><\/p>\n<p><em>(Fonte: Ag\u00eancia Brasil)<\/em><\/p>\n","protected":false},"excerpt":{"rendered":"<p>O presidente da Primeira Turma do Supremo Tribunal Federal (STF), ministro Alexandre de Moraes, marcou para o dia 17 deste m\u00eas o julgamento sobre a recebimento da den\u00fancia contra o senador A\u00e9cio Neves (PSDB-MG) em um dos inqu\u00e9ritos resultantes da dela\u00e7\u00e3o do empres\u00e1rio Joesley Batista, da JBS. O relator do caso \u00e9 o ministro Marco [&hellip;]<\/p>\n","protected":false},"author":1,"featured_media":122904,"comment_status":"open","ping_status":"closed","sticky":false,"template":"","format":"standard","meta":{"amp_status":"","footnotes":""},"categories":[6,40240],"tags":[2728,35211,21883,151669,1018,78302,149434,172392,92104,28511,172393,28510],"class_list":["post-130557","post","type-post","status-publish","format-standard","has-post-thumbnail","hentry","category-br","category-politica-2","tag-aecio-neves","tag-alexandre-de-moraes","tag-denuncia","tag-denuncia-contra-aecio-neves","tag-destaque","tag-investigacao-contra-aecio-neves","tag-joesley-batista","tag-ministro-alexandre-de-moraes","tag-processo-aecio-neves","tag-stf","tag-supremo-marca-julgamento-de-denuncia-contra-aecio-neves","tag-supremo-tribunal-federal"],"_links":{"self":[{"href":"https:\/\/aconteceunovale.com.br\/portal\/index.php?rest_route=\/wp\/v2\/posts\/130557","targetHints":{"allow":["GET"]}}],"collection":[{"href":"https:\/\/aconteceunovale.com.br\/portal\/index.php?rest_route=\/wp\/v2\/posts"}],"about":[{"href":"https:\/\/aconteceunovale.com.br\/portal\/index.php?rest_route=\/wp\/v2\/types\/post"}],"author":[{"embeddable":true,"href":"https:\/\/aconteceunovale.com.br\/portal\/index.php?rest_route=\/wp\/v2\/users\/1"}],"replies":[{"embeddable":true,"href":"https:\/\/aconteceunovale.com.br\/portal\/index.php?rest_route=%2Fwp%2Fv2%2Fcomments&post=130557"}],"version-history":[{"count":0,"href":"https:\/\/aconteceunovale.com.br\/portal\/index.php?rest_route=\/wp\/v2\/posts\/130557\/revisions"}],"wp:featuredmedia":[{"embeddable":true,"href":"https:\/\/aconteceunovale.com.br\/portal\/index.php?rest_route=\/wp\/v2\/media\/122904"}],"wp:attachment":[{"href":"https:\/\/aconteceunovale.com.br\/portal\/index.php?rest_route=%2Fwp%2Fv2%2Fmedia&parent=130557"}],"wp:term":[{"taxonomy":"category","embeddable":true,"href":"https:\/\/aconteceunovale.com.br\/portal\/index.php?rest_route=%2Fwp%2Fv2%2Fcategories&post=130557"},{"taxonomy":"post_tag","embeddable":true,"href":"https:\/\/aconteceunovale.com.br\/portal\/index.php?rest_route=%2Fwp%2Fv2%2Ftags&post=130557"}],"curies":[{"name":"wp","href":"https:\/\/api.w.org\/{rel}","templated":true}]}}