{"id":130555,"date":"2018-04-10T11:41:55","date_gmt":"2018-04-10T13:41:55","guid":{"rendered":"http:\/\/aconteceunovale.com.br\/portal\/?p=130555"},"modified":"2018-04-10T11:41:55","modified_gmt":"2018-04-10T13:41:55","slug":"mulher-morre-apos-ser-espancada-pelo-companheiro-no-municipio-de-acucena","status":"publish","type":"post","link":"https:\/\/aconteceunovale.com.br\/portal\/?p=130555","title":{"rendered":"Mulher morre ap\u00f3s ser espancada pelo companheiro no munic\u00edpio de A\u00e7ucena"},"content":{"rendered":"<p>A pol\u00edcia procura por um homem de 43 anos suspeito de espancar a companheira, de 41, com um peda\u00e7o de madeira na zona rural de A\u00e7ucena, no Leste de Minas. O crime foi no domingo (8\/4\/2018), mas a fam\u00edlia s\u00f3 registrou um boletim de ocorr\u00eancia na noite dessa segunda-feira (9) depois que a v\u00edtima faleceu.<\/p>\n<p>Segundo informa\u00e7\u00f5es da Pol\u00edcia Militar, ap\u00f3s as agress\u00f5es Edivania Feliciana Pereira da Silva foi para a casa de uma amiga e os familiares optaram por cuidar dela em casa. Nessa segunda-feira, eles decidiram levar a mulher ao hospital porque ela estava bastante debilitada, mas segundo a PM, Edivania morreu antes de chegar na unidade de sa\u00fade. O crime foi no Povoado S\u00e3o Pedro.<\/p>\n<p>Testemunhas disseram \u00e0 pol\u00edcia que o suspeito fazia uso de bebidas alco\u00f3licas com a esposa, que era constantemente agredida por ele. O corpo da mulher foi encaminhado ao Instituto M\u00e9dico Legal (IML) para exame necrosc\u00f3pico.<\/p>\n<p>A per\u00edcia foi acionada, mas segundo a pol\u00edcia, n\u00e3o conseguiu chegar na comunidade por conta da precariedade da estrada. O caso ser\u00e1 investigado.<\/p>\n<p><strong>VER PRIMEIRO<\/strong><\/p>\n<p>Receba as not\u00edcias do Aconteceu no Vale em primeira m\u00e3o. Clique em curtir no endere\u00e7o <a href=\"https:\/\/www.facebook.com\/aconteceunovale\" target=\"_blank\"><font color=\"red\">www.facebook.com\/aconteceunovale<\/font><\/a> ou no box abaixo:<\/p>\n<div class=\"fb-like\" data-href=\"https:\/\/www.facebook.com\/aconteceunovale\" data-width=\"120\" data-layout=\"standard\" data-action=\"like\" data-size=\"small\" data-show-faces=\"true\" data-share=\"true\"><\/div>\n<p><\/br><\/p>\n<p><em>(Fonte: G1 Vales)<\/em><\/p>\n","protected":false},"excerpt":{"rendered":"<p>A pol\u00edcia procura por um homem de 43 anos suspeito de espancar a companheira, de 41, com um peda\u00e7o de madeira na zona rural de A\u00e7ucena, no Leste de Minas. O crime foi no domingo (8\/4\/2018), mas a fam\u00edlia s\u00f3 registrou um boletim de ocorr\u00eancia na noite dessa segunda-feira (9) depois que a v\u00edtima faleceu. [&hellip;]<\/p>\n","protected":false},"author":1,"featured_media":71442,"comment_status":"open","ping_status":"closed","sticky":false,"template":"","format":"standard","meta":{"amp_status":"","footnotes":""},"categories":[121],"tags":[971,172391,57376,172390,172389,172388,172387],"class_list":["post-130555","post","type-post","status-publish","format-standard","has-post-thumbnail","hentry","category-leste","tag-acucena","tag-edivania-feliciana-pereira-da-silva","tag-homicidio-em-acucena","tag-morta-em-acucena","tag-mulher-agredida-em-acucena"],"_links":{"self":[{"href":"https:\/\/aconteceunovale.com.br\/portal\/index.php?rest_route=\/wp\/v2\/posts\/130555","targetHints":{"allow":["GET"]}}],"collection":[{"href":"https:\/\/aconteceunovale.com.br\/portal\/index.php?rest_route=\/wp\/v2\/posts"}],"about":[{"href":"https:\/\/aconteceunovale.com.br\/portal\/index.php?rest_route=\/wp\/v2\/types\/post"}],"author":[{"embeddable":true,"href":"https:\/\/aconteceunovale.com.br\/portal\/index.php?rest_route=\/wp\/v2\/users\/1"}],"replies":[{"embeddable":true,"href":"https:\/\/aconteceunovale.com.br\/portal\/index.php?rest_route=%2Fwp%2Fv2%2Fcomments&post=130555"}],"version-history":[{"count":0,"href":"https:\/\/aconteceunovale.com.br\/portal\/index.php?rest_route=\/wp\/v2\/posts\/130555\/revisions"}],"wp:featuredmedia":[{"embeddable":true,"href":"https:\/\/aconteceunovale.com.br\/portal\/index.php?rest_route=\/wp\/v2\/media\/71442"}],"wp:attachment":[{"href":"https:\/\/aconteceunovale.com.br\/portal\/index.php?rest_route=%2Fwp%2Fv2%2Fmedia&parent=130555"}],"wp:term":[{"taxonomy":"category","embeddable":true,"href":"https:\/\/aconteceunovale.com.br\/portal\/index.php?rest_route=%2Fwp%2Fv2%2Fcategories&post=130555"},{"taxonomy":"post_tag","embeddable":true,"href":"https:\/\/aconteceunovale.com.br\/portal\/index.php?rest_route=%2Fwp%2Fv2%2Ftags&post=130555"}],"curies":[{"name":"wp","href":"https:\/\/api.w.org\/{rel}","templated":true}]}}