{"id":130552,"date":"2018-04-10T11:31:49","date_gmt":"2018-04-10T13:31:49","guid":{"rendered":"http:\/\/aconteceunovale.com.br\/portal\/?p=130552"},"modified":"2018-04-10T11:31:49","modified_gmt":"2018-04-10T13:31:49","slug":"sine-de-montes-claros-divulga-vagas-disponiveis","status":"publish","type":"post","link":"https:\/\/aconteceunovale.com.br\/portal\/?p=130552","title":{"rendered":"SINE de Montes Claros divulga vagas dispon\u00edveis"},"content":{"rendered":"<p>A unidade do Sistema Nacional do Emprego (Sine) de Montes Claros oferece novas vagas de emprego em diversas \u00e1reas de atua\u00e7\u00e3o nesta ter\u00e7a-feira (10\/4\/2018). Os sal\u00e1rios variam entre R$ 990,61 e R$ R$ 1.070,55.<\/p>\n<p>Os interessados em concorrer aos cargos devem comparecer a Unidade de Atendimento Integrado (UAI), localizada na Avenida Jo\u00e3o XXII, n\u00ba 585, Bairro Edgar Pereira, entre 08h e 17h. Os documentos exigidos s\u00e3o: carteira de trabalho, CPF e Identidade.<\/p>\n<p>De acordo com o Sine de Montes Claros, assim que o limite encaminhado for atingido, as vagas ser\u00e3o tiradas do sistema.<\/p>\n<p><strong>Confiras as vagas dispon\u00edveis:<\/strong><\/p>\n<div align=\"center\">\n<table border=\"1\" cellspacing=\"0\" cellpadding=\"0\">\n<tbody>\n<tr>\n<td><b>Cargo<\/b><\/td>\n<td><b>N\u00ba de vagas<\/b><\/td>\n<td><b>Sal\u00e1rio<\/b><\/td>\n<td><b>Exig\u00eancias<\/b><\/td>\n<\/tr>\n<tr>\n<td>Ajudante de padeiro<\/td>\n<td>1 vaga<\/td>\n<td>R$ 990, 61<\/td>\n<td>Disponibilidade de hor\u00e1rio, n\u00e3o exige escolaridade m\u00ednima<\/td>\n<\/tr>\n<tr>\n<td>Atendente de balc\u00e3o<\/td>\n<td>1 vaga<\/td>\n<td>R$ 990,00 + benef\u00edcios<\/td>\n<td>Experi\u00eancia comprovada em Carteira de Trabalho, disponibilidade de hor\u00e1rio e ensino m\u00e9dio completo<\/td>\n<\/tr>\n<tr>\n<td>Atendente de balconista<\/td>\n<td>1 vaga<\/td>\n<td>R$ 1.070,55 + benef\u00edcios<\/td>\n<td>Experi\u00eancia comprovada em Carteira de Trabalho, disponibilidade de hor\u00e1rio e ensino m\u00e9dio completo<\/td>\n<\/tr>\n<tr>\n<td>Empregado dom\u00e9stico nos servi\u00e7os gerais<\/td>\n<td>1 vaga<\/td>\n<td>R$ 954,00<\/td>\n<td>Experi\u00eancia pr\u00e1tica na fun\u00e7\u00e3o, disponibilidade de hor\u00e1rio para dormir quando necess\u00e1rio e ensino m\u00e9dio completo<\/td>\n<\/tr>\n<tr>\n<td>T\u00e9cnico de apoio ao usu\u00e1rio de inform\u00e1tica (Helpdesk)<\/td>\n<td>1 vaga<\/td>\n<td>R$ 954 + benef\u00edcios<\/td>\n<td>Disponibilidade de hor\u00e1rio, ensino m\u00e9dio completo e CNH A<\/td>\n<\/tr>\n<\/tbody>\n<\/table>\n<\/div>\n<p><strong>VER PRIMEIRO<\/strong><\/p>\n<p>Receba as not\u00edcias do Aconteceu no Vale em primeira m\u00e3o. Clique em curtir no endere\u00e7o <a href=\"https:\/\/www.facebook.com\/aconteceunovale\" target=\"_blank\"><font color=\"red\">www.facebook.com\/aconteceunovale<\/font><\/a> ou no box abaixo:<\/p>\n<div class=\"fb-like\" data-href=\"https:\/\/www.facebook.com\/aconteceunovale\" data-width=\"120\" data-layout=\"standard\" data-action=\"like\" data-size=\"small\" data-show-faces=\"true\" data-share=\"true\"><\/div>\n<p><\/br><\/p>\n<p><em>(Fonte: G1 Grande Minas e Sine Montes Claros)<\/em><\/p>\n","protected":false},"excerpt":{"rendered":"<p>A unidade do Sistema Nacional do Emprego (Sine) de Montes Claros oferece novas vagas de emprego em diversas \u00e1reas de atua\u00e7\u00e3o nesta ter\u00e7a-feira (10\/4\/2018). Os sal\u00e1rios variam entre R$ 990,61 e R$ R$ 1.070,55. Os interessados em concorrer aos cargos devem comparecer a Unidade de Atendimento Integrado (UAI), localizada na Avenida Jo\u00e3o XXII, n\u00ba 585, [&hellip;]<\/p>\n","protected":false},"author":1,"featured_media":108544,"comment_status":"open","ping_status":"closed","sticky":false,"template":"","format":"standard","meta":{"amp_status":"","footnotes":""},"categories":[40236,1236],"tags":[172381,172377,172385,210,172382,172379,172386,172376,172384,172383,172380,172378],"class_list":["post-130552","post","type-post","status-publish","format-standard","has-post-thumbnail","hentry","category-empregos-2","category-norte_de_minas","tag-empregos-sine-de-montes-claros","tag-empregos-sistema-nacional-do-emprego-montes-claros","tag-endereco-sine-de-montes-claros","tag-montes-claros","tag-ofertas-de-emprego-sine-de-montes-claros","tag-sine-de-montes-claros","tag-sine-de-montes-claros-divulga-vagas-disponiveis","tag-sistema-nacional-do-emprego","tag-telefone-sine-de-montes-claros","tag-vagas-de-trabalho-sine-de-montes-claros","tag-vagas-sine-de-montes-claros","tag-vagas-sistema-nacional-do-emprego-montes-claros"],"_links":{"self":[{"href":"https:\/\/aconteceunovale.com.br\/portal\/index.php?rest_route=\/wp\/v2\/posts\/130552","targetHints":{"allow":["GET"]}}],"collection":[{"href":"https:\/\/aconteceunovale.com.br\/portal\/index.php?rest_route=\/wp\/v2\/posts"}],"about":[{"href":"https:\/\/aconteceunovale.com.br\/portal\/index.php?rest_route=\/wp\/v2\/types\/post"}],"author":[{"embeddable":true,"href":"https:\/\/aconteceunovale.com.br\/portal\/index.php?rest_route=\/wp\/v2\/users\/1"}],"replies":[{"embeddable":true,"href":"https:\/\/aconteceunovale.com.br\/portal\/index.php?rest_route=%2Fwp%2Fv2%2Fcomments&post=130552"}],"version-history":[{"count":0,"href":"https:\/\/aconteceunovale.com.br\/portal\/index.php?rest_route=\/wp\/v2\/posts\/130552\/revisions"}],"wp:featuredmedia":[{"embeddable":true,"href":"https:\/\/aconteceunovale.com.br\/portal\/index.php?rest_route=\/wp\/v2\/media\/108544"}],"wp:attachment":[{"href":"https:\/\/aconteceunovale.com.br\/portal\/index.php?rest_route=%2Fwp%2Fv2%2Fmedia&parent=130552"}],"wp:term":[{"taxonomy":"category","embeddable":true,"href":"https:\/\/aconteceunovale.com.br\/portal\/index.php?rest_route=%2Fwp%2Fv2%2Fcategories&post=130552"},{"taxonomy":"post_tag","embeddable":true,"href":"https:\/\/aconteceunovale.com.br\/portal\/index.php?rest_route=%2Fwp%2Fv2%2Ftags&post=130552"}],"curies":[{"name":"wp","href":"https:\/\/api.w.org\/{rel}","templated":true}]}}