{"id":130543,"date":"2018-04-10T00:02:07","date_gmt":"2018-04-10T02:02:07","guid":{"rendered":"http:\/\/aconteceunovale.com.br\/portal\/?p=130543"},"modified":"2018-04-10T00:02:07","modified_gmt":"2018-04-10T02:02:07","slug":"corpo-de-bombeiros-inaugura-pelotao-em-resplendor-no-vale-do-rio-doce","status":"publish","type":"post","link":"https:\/\/aconteceunovale.com.br\/portal\/?p=130543","title":{"rendered":"Corpo de Bombeiros inaugura Pelot\u00e3o em Resplendor, no Vale do Rio Doce"},"content":{"rendered":"<p>O Corpo de Bombeiros Militar de Minas Gerais (CBMMG) inaugurou um novo Pelot\u00e3o em Resplendor, no Territ\u00f3rio Vale do Rio Doce. A unidade \u00e9 fruto do esfor\u00e7o do Governo de Minas Gerais, do CBMMG, da Prefeitura Municipal de Resplendor e dos munic\u00edpios vizinhos.<\/p>\n<p>A cerim\u00f4nia foi presidida pelo Comandante-Geral do CBMMG, coronel Cl\u00e1udio Roberto de Souza, e contou ainda com a presen\u00e7a de diversas autoridades civis e militares, inclusive do prefeito de Resplendor, Diogo Scarabelli Junior.<\/p>\n<p>Com a inaugura\u00e7\u00e3o, a corpora\u00e7\u00e3o ir\u00e1 atender com maior efici\u00eancia a cidade de Resplendor e tamb\u00e9m os munic\u00edpios vizinhos, em uma \u00e1rea em que as maiores demandas s\u00e3o relacionadas \u00e0s chuvas, aos inc\u00eandios florestais e aos acidentes automobil\u00edsticos, comumente ocorridos na BR-259, que corta o munic\u00edpio.<\/p>\n<p>Antes da chegada da nova unidade, a regi\u00e3o era assistida pelo Sexto Batalh\u00e3o de Bombeiros Militar (6\u00ba BBM), sediado em Governador Valadares.<\/p>\n<p>De acordo com o comandante-Geral do CBMMG, a instala\u00e7\u00e3o do Pelot\u00e3o de Resplendor \u00e9 mais uma demonstra\u00e7\u00e3o do comprometimento da corpora\u00e7\u00e3o e do Governo de Minas com o povo mineiro. \u201cDevido \u00e0s caracter\u00edsticas geogr\u00e1ficas e econ\u00f4micas da regi\u00e3o, era necess\u00e1ria a chegada do Corpo de Bombeiros \u00e0 cidade de Resplendor\u201d.<\/p>\n<p>As recentes inaugura\u00e7\u00f5es de unidades do CBMMG \u00e9 uma resposta positiva da corpora\u00e7\u00e3o e do Governo do Estado e representa um movimento contr\u00e1rio \u00e0 recess\u00e3o pela qual passa os estados da Na\u00e7\u00e3o.<\/p>\n<p>\u201cPor meio de parcerias e do planejamento, conseguimos superar as dificuldades e notamos o empenho dos mineiros para superar as adversidades do atual cen\u00e1rio e isso tem sido fundamental\u201d, explica o coronel.<\/p>\n<p>O coronel ainda destacou, al\u00e9m do crescimento do CBMMG, a consequente proximidade da Corpora\u00e7\u00e3o com o povo mineiro. \u201cH\u00e1 15 dias, foi inaugurado o Posto Avan\u00e7ado do Corpo de Bombeiros em S\u00e3o Jo\u00e3o Evangelista e, agora, o Pelot\u00e3o de Resplendor. \u00c9 ineg\u00e1vel que o CBMMG est\u00e1 mais perto do cidad\u00e3o comum. Isso \u00e9 poss\u00edvel a partir do trabalho em conjunto, incluindo Corpora\u00e7\u00e3o, Governo de Minas e prefeituras\u201d, conclui.<\/p>\n<p>Na ocasi\u00e3o, o prefeito Diogo Scarabelli Junior recebeu a Comenda Machadinha, destinada a pessoas que contribuem para a melhoria e o aprimoramento do trabalho do Corpo de Bombeiros, em reconhecimento ao esfor\u00e7o do chefe do executivo de Resplendor em levar a corpora\u00e7\u00e3o para a regi\u00e3o.<\/p>\n<p>Da mesma forma, o prefeito homenageou o comandante-geral do CBMMG e o comandante do Quinto Comando Operacional de Bombeiros (5\u00ba COB), coronel Silvane Givisiez, com uma placa de agradecimento pela chegada da corpora\u00e7\u00e3o na cidade.<\/p>\n<p>A partir dessa inaugura\u00e7\u00e3o, a corpora\u00e7\u00e3o passa a estar presente em 66 munic\u00edpios mineiros, por meio de Postos Avan\u00e7ados, Pelot\u00f5es, Companhias e Batalh\u00f5es, nos 17 territ\u00f3rios de desenvolvimento.<\/p>\n<p><img decoding=\"async\" src=\"http:\/\/aconteceunovale.com.br\/portal\/wp-content\/uploads\/2018\/04\/bombeiros_resplendor.jpeg\" alt=\"\" \/><em>Instala\u00e7\u00f5es do Corpo de Bombeiros em Resplendor (Foto: Divulga\u00e7\u00e3o\/Bombeiros)<\/em><br \/>\n<\/br><\/p>\n<p><strong>VER PRIMEIRO<\/strong><\/p>\n<p>Receba as not\u00edcias do Aconteceu no Vale em primeira m\u00e3o. Clique em curtir no endere\u00e7o <a href=\"https:\/\/www.facebook.com\/aconteceunovale\" target=\"_blank\"><font color=\"red\">www.facebook.com\/aconteceunovale<\/font><\/a> ou no box abaixo:<\/p>\n<div class=\"fb-like\" data-href=\"https:\/\/www.facebook.com\/aconteceunovale\" data-width=\"120\" data-layout=\"standard\" data-action=\"like\" data-size=\"small\" data-show-faces=\"true\" data-share=\"true\"><\/div>\n<p><\/br><\/p>\n<p><em>(Fonte: Ag\u00eancia Minas)<\/em><\/p>\n","protected":false},"excerpt":{"rendered":"<p>O Corpo de Bombeiros Militar de Minas Gerais (CBMMG) inaugurou um novo Pelot\u00e3o em Resplendor, no Territ\u00f3rio Vale do Rio Doce. A unidade \u00e9 fruto do esfor\u00e7o do Governo de Minas Gerais, do CBMMG, da Prefeitura Municipal de Resplendor e dos munic\u00edpios vizinhos. A cerim\u00f4nia foi presidida pelo Comandante-Geral do CBMMG, coronel Cl\u00e1udio Roberto de [&hellip;]<\/p>\n","protected":false},"author":1,"featured_media":130544,"comment_status":"open","ping_status":"closed","sticky":false,"template":"","format":"standard","meta":{"amp_status":"","footnotes":""},"categories":[121],"tags":[172363,71975,29660,172367,166792,172364,172369,29659,172361,110931,58056,172362,172365,172368,135508,172366,309,162],"class_list":["post-130543","post","type-post","status-publish","format-standard","has-post-thumbnail","hentry","category-leste","tag-bombeiros-em-resplendor","tag-br-259","tag-cbmmg","tag-comandante-geral-do-cbmmg","tag-coronel-claudio-roberto-de-souza","tag-corpo-de-bombeiros-em-resplendor","tag-corpo-de-bombeiros-inaugura-pelotao-em-resplendor","tag-corpo-de-bombeiros-militar-de-minas-gerais","tag-corpo-de-bombeiros-militar-de-minas-gerais-em-resplendor","tag-diogo-scarabelli-junior","tag-no-vale-do-rio-doce","tag-pelotao-dos-bombeiros-em-resplendor","tag-pelotao-em-resplendor","tag-prefeito-de-resplendor","tag-prefeitura-de-resplendor","tag-prefeitura-municipal-de-resplendor","tag-resplendor","tag-sao-joao-evangelista"],"_links":{"self":[{"href":"https:\/\/aconteceunovale.com.br\/portal\/index.php?rest_route=\/wp\/v2\/posts\/130543","targetHints":{"allow":["GET"]}}],"collection":[{"href":"https:\/\/aconteceunovale.com.br\/portal\/index.php?rest_route=\/wp\/v2\/posts"}],"about":[{"href":"https:\/\/aconteceunovale.com.br\/portal\/index.php?rest_route=\/wp\/v2\/types\/post"}],"author":[{"embeddable":true,"href":"https:\/\/aconteceunovale.com.br\/portal\/index.php?rest_route=\/wp\/v2\/users\/1"}],"replies":[{"embeddable":true,"href":"https:\/\/aconteceunovale.com.br\/portal\/index.php?rest_route=%2Fwp%2Fv2%2Fcomments&post=130543"}],"version-history":[{"count":0,"href":"https:\/\/aconteceunovale.com.br\/portal\/index.php?rest_route=\/wp\/v2\/posts\/130543\/revisions"}],"wp:featuredmedia":[{"embeddable":true,"href":"https:\/\/aconteceunovale.com.br\/portal\/index.php?rest_route=\/wp\/v2\/media\/130544"}],"wp:attachment":[{"href":"https:\/\/aconteceunovale.com.br\/portal\/index.php?rest_route=%2Fwp%2Fv2%2Fmedia&parent=130543"}],"wp:term":[{"taxonomy":"category","embeddable":true,"href":"https:\/\/aconteceunovale.com.br\/portal\/index.php?rest_route=%2Fwp%2Fv2%2Fcategories&post=130543"},{"taxonomy":"post_tag","embeddable":true,"href":"https:\/\/aconteceunovale.com.br\/portal\/index.php?rest_route=%2Fwp%2Fv2%2Ftags&post=130543"}],"curies":[{"name":"wp","href":"https:\/\/api.w.org\/{rel}","templated":true}]}}