{"id":130536,"date":"2018-04-09T22:47:40","date_gmt":"2018-04-10T00:47:40","guid":{"rendered":"http:\/\/aconteceunovale.com.br\/portal\/?p=130536"},"modified":"2018-04-09T22:47:40","modified_gmt":"2018-04-10T00:47:40","slug":"motociclista-morre-em-acidente-na-br-116-em-teofilo-otoni-2","status":"publish","type":"post","link":"https:\/\/aconteceunovale.com.br\/portal\/?p=130536","title":{"rendered":"Motociclista morre em acidente na BR-116, em Te\u00f3filo Otoni"},"content":{"rendered":"<p>Um homem de 26 anos morreu em um acidente na tarde desta segunda-feira, dia 9 de abril de 2018, no trecho urbano da BR-116, em Te\u00f3filo Otoni (MG). De acordo com informa\u00e7\u00f5es da Pol\u00edcia Rodovi\u00e1ria Federal (PRF), Leonardo Ferreira Alves foi atropelado por uma carreta ap\u00f3s cair da moto que pilotava. <\/p>\n<p>Segundo a PRF, a v\u00edtima derrapou a motocicleta na lama que se encontrava no trecho e acabou entrando debaixo do ve\u00edculo de carga. Devido ao acidente, o trecho ficou parcialmente interditado por cerca de duas horas, mas j\u00e1 foi liberado. <\/p>\n<p>Uma equipe do Servi\u00e7o de Atendimento M\u00f3vel de Urg\u00eancia (SAMU) constatou o \u00f3bito. A Per\u00edcia T\u00e9cnica da Pol\u00edcia Civil foi acionada e, ap\u00f3s os trabalhos de praxe, o corpo foi levado para o Instituto M\u00e9dico Legal (IML). As causas do acidente ser\u00e3o investigadas.<\/p>\n<p><img decoding=\"async\" src=\"http:\/\/aconteceunovale.com.br\/portal\/wp-content\/uploads\/2018\/04\/acidente_moto_teo_1.jpg\" alt=\"\" \/><\/p>\n<p><img decoding=\"async\" src=\"http:\/\/aconteceunovale.com.br\/portal\/wp-content\/uploads\/2018\/04\/acidente_moto_teo_2.jpg\" alt=\"\" \/><\/p>\n<p><img decoding=\"async\" src=\"http:\/\/aconteceunovale.com.br\/portal\/wp-content\/uploads\/2018\/04\/acidente_moto_teo_3.jpg\" alt=\"\" \/><br \/>\n<\/br><\/p>\n<p><strong>VER PRIMEIRO<\/strong><\/p>\n<p>Receba as not\u00edcias do Aconteceu no Vale em primeira m\u00e3o. Clique em curtir no endere\u00e7o <a href=\"https:\/\/www.facebook.com\/aconteceunovale\" target=\"_blank\"><font color=\"red\">www.facebook.com\/aconteceunovale<\/font><\/a> ou no box abaixo:<\/p>\n<div class=\"fb-like\" data-href=\"https:\/\/www.facebook.com\/aconteceunovale\" data-width=\"120\" data-layout=\"standard\" data-action=\"like\" data-size=\"small\" data-show-faces=\"true\" data-share=\"true\"><\/div>\n<p><\/br><\/p>\n<p><em>(Com informa\u00e7\u00f5es do G1 Vales \/ Fotos: Reprodu\u00e7\u00e3o WhatsApp)<\/em><\/p>\n","protected":false},"excerpt":{"rendered":"<p>Um homem de 26 anos morreu em um acidente na tarde desta segunda-feira, dia 9 de abril de 2018, no trecho urbano da BR-116, em Te\u00f3filo Otoni (MG). De acordo com informa\u00e7\u00f5es da Pol\u00edcia Rodovi\u00e1ria Federal (PRF), Leonardo Ferreira Alves foi atropelado por uma carreta ap\u00f3s cair da moto que pilotava. Segundo a PRF, a [&hellip;]<\/p>\n","protected":false},"author":1,"featured_media":130538,"comment_status":"open","ping_status":"closed","sticky":false,"template":"","format":"standard","meta":{"amp_status":"","footnotes":""},"categories":[122],"tags":[128072,172354,13880,31846,182,97105,58435,172355,8225,106671,164],"class_list":["post-130536","post","type-post","status-publish","format-standard","has-post-thumbnail","hentry","category-mucuri","tag-acidente-com-moto-em-teofilo-otoni","tag-acidente-com-moto-na-br-116-em-teofilo-otoni","tag-acidente-em-teofilo-otoni","tag-acidente-na-br-116-em-teofilo-otoni","tag-br-116","tag-br-116-em-teofilo-otoni","tag-em-teofilo-otoni","tag-leonardo-ferreira-alves","tag-motociclista-morre-em-acidente-na-br-116","tag-motociclista-morre-em-acidente-na-br-116-em-teofilo-otoni","tag-teofilo-otoni"],"_links":{"self":[{"href":"https:\/\/aconteceunovale.com.br\/portal\/index.php?rest_route=\/wp\/v2\/posts\/130536","targetHints":{"allow":["GET"]}}],"collection":[{"href":"https:\/\/aconteceunovale.com.br\/portal\/index.php?rest_route=\/wp\/v2\/posts"}],"about":[{"href":"https:\/\/aconteceunovale.com.br\/portal\/index.php?rest_route=\/wp\/v2\/types\/post"}],"author":[{"embeddable":true,"href":"https:\/\/aconteceunovale.com.br\/portal\/index.php?rest_route=\/wp\/v2\/users\/1"}],"replies":[{"embeddable":true,"href":"https:\/\/aconteceunovale.com.br\/portal\/index.php?rest_route=%2Fwp%2Fv2%2Fcomments&post=130536"}],"version-history":[{"count":0,"href":"https:\/\/aconteceunovale.com.br\/portal\/index.php?rest_route=\/wp\/v2\/posts\/130536\/revisions"}],"wp:featuredmedia":[{"embeddable":true,"href":"https:\/\/aconteceunovale.com.br\/portal\/index.php?rest_route=\/wp\/v2\/media\/130538"}],"wp:attachment":[{"href":"https:\/\/aconteceunovale.com.br\/portal\/index.php?rest_route=%2Fwp%2Fv2%2Fmedia&parent=130536"}],"wp:term":[{"taxonomy":"category","embeddable":true,"href":"https:\/\/aconteceunovale.com.br\/portal\/index.php?rest_route=%2Fwp%2Fv2%2Fcategories&post=130536"},{"taxonomy":"post_tag","embeddable":true,"href":"https:\/\/aconteceunovale.com.br\/portal\/index.php?rest_route=%2Fwp%2Fv2%2Ftags&post=130536"}],"curies":[{"name":"wp","href":"https:\/\/api.w.org\/{rel}","templated":true}]}}