{"id":130530,"date":"2018-04-09T22:10:44","date_gmt":"2018-04-10T00:10:44","guid":{"rendered":"http:\/\/aconteceunovale.com.br\/portal\/?p=130530"},"modified":"2018-04-09T22:10:44","modified_gmt":"2018-04-10T00:10:44","slug":"carmen-lucia-assumira-a-presidencia-da-republica-na-sexta-feira","status":"publish","type":"post","link":"https:\/\/aconteceunovale.com.br\/portal\/?p=130530","title":{"rendered":"C\u00e1rmen L\u00facia assumir\u00e1 a Presid\u00eancia da Rep\u00fablica na sexta-feira"},"content":{"rendered":"<p>A presidente do Supremo Tribunal Federal (STF), ministra C\u00e1rmen L\u00facia, assumir\u00e1 a presid\u00eancia da Rep\u00fablica por algumas horas, a partir da pr\u00f3xima sexta-feira (13). Isso porque o presidente Michel Temer viajar\u00e1 para o Peru, onde participar\u00e1 da C\u00fapula das Am\u00e9ricas. C\u00e1rmen L\u00facia assume o comando do pa\u00eds assim que Temer deixar o espa\u00e7o a\u00e9reo brasileiro, na sexta-feira. O presidente retorna no dia seguinte, em hor\u00e1rio a definir.<\/p>\n<p>Apesar de Rodrigo Maia, presidente da C\u00e2mara, e Eun\u00edcio Oliveira, presidente do Senado, aparecem na frente de C\u00e1rmen L\u00facia na linha sucess\u00f3ria, eles se tornariam ineleg\u00edveis no pleito deste ano caso assumissem o posto de Temer. Com isso, ambos deixar\u00e3o o pa\u00eds no mesmo per\u00edodo. Eun\u00edcio far\u00e1 uma viagem previamente marcada ao Jap\u00e3o e Maia visitar\u00e1 o Panam\u00e1 para participar de um evento.<\/p>\n<p>N\u00e3o \u00e9 a primeira vez que um presidente do STF assume interinamente a presid\u00eancia da Rep\u00fablica. Em setembro de 2014, Ricardo Lewandowski foi presidente por dois dias, quando a presidente Dilma Rousseff e Michel Temer, ent\u00e3o vice-presidente, estavam em agendas fora do pa\u00eds.<\/p>\n<p>Em 2002, foi o ministro Marco Aur\u00e9lio Mello, em virtude de uma viagem de Fernando Henrique Cardoso \u00e0 Europa. Na ocasi\u00e3o, o vice-presidente tamb\u00e9m estava fora do pa\u00eds e os presidentes da C\u00e2mara e o Senado acompanharam FHC em sua viagem.<\/p>\n<p>Os outros ministros do STF que j\u00e1 assumiram interinamente a cadeira de presidente da Rep\u00fablica foram Jos\u00e9 Linhares, que assumiu, com a deposi\u00e7\u00e3o de Get\u00falio Vargas, de 30 de outubro de 1945 a 31 de janeiro de 1946; Jos\u00e9 Carlos Moreira Alves, em 1986; e Oct\u00e1vio Gallotti, em agosto de 1994.<\/p>\n<p><img decoding=\"async\" src=\"http:\/\/aconteceunovale.com.br\/portal\/wp-content\/uploads\/2018\/04\/carmen_presidente.jpg\" alt=\"\" \/><em>A presidente do STF, ministra C\u00e1rmen L\u00facia (Jos\u00e9 Cruz\/Ag\u00eancia Brasil)<\/em><br \/>\n<\/br><\/p>\n<p><strong>VER PRIMEIRO<\/strong><\/p>\n<p>Receba as not\u00edcias do Aconteceu no Vale em primeira m\u00e3o. Clique em curtir no endere\u00e7o <a href=\"https:\/\/www.facebook.com\/aconteceunovale\" target=\"_blank\"><font color=\"red\">www.facebook.com\/aconteceunovale<\/font><\/a> ou no box abaixo:<\/p>\n<div class=\"fb-like\" data-href=\"https:\/\/www.facebook.com\/aconteceunovale\" data-width=\"120\" data-layout=\"standard\" data-action=\"like\" data-size=\"small\" data-show-faces=\"true\" data-share=\"true\"><\/div>\n<p><\/br><\/p>\n<p><em>(Fonte: Ag\u00eancia Brasil)<\/em><\/p>\n","protected":false},"excerpt":{"rendered":"<p>A presidente do Supremo Tribunal Federal (STF), ministra C\u00e1rmen L\u00facia, assumir\u00e1 a presid\u00eancia da Rep\u00fablica por algumas horas, a partir da pr\u00f3xima sexta-feira (13). Isso porque o presidente Michel Temer viajar\u00e1 para o Peru, onde participar\u00e1 da C\u00fapula das Am\u00e9ricas. C\u00e1rmen L\u00facia assume o comando do pa\u00eds assim que Temer deixar o espa\u00e7o a\u00e9reo brasileiro, [&hellip;]<\/p>\n","protected":false},"author":1,"featured_media":130399,"comment_status":"open","ping_status":"closed","sticky":false,"template":"","format":"standard","meta":{"amp_status":"","footnotes":""},"categories":[6,1236],"tags":[77984,172347,172346,42445,172345,172344,48373,28511],"class_list":["post-130530","post","type-post","status-publish","format-standard","has-post-thumbnail","hentry","category-br","category-norte_de_minas","tag-carmen-lucia","tag-carmen-lucia-assumira-a-presidencia-da-republica-na-sexta-feira","tag-carmen-lucia-presidencia-da-republica","tag-eunicio-oliveira","tag-norte-mineira-carmen-lucia-assumira-a-presidencia-da-republica-na-sexta-feira","tag-presidencia-republica","tag-rodrigo-maia","tag-stf"],"_links":{"self":[{"href":"https:\/\/aconteceunovale.com.br\/portal\/index.php?rest_route=\/wp\/v2\/posts\/130530","targetHints":{"allow":["GET"]}}],"collection":[{"href":"https:\/\/aconteceunovale.com.br\/portal\/index.php?rest_route=\/wp\/v2\/posts"}],"about":[{"href":"https:\/\/aconteceunovale.com.br\/portal\/index.php?rest_route=\/wp\/v2\/types\/post"}],"author":[{"embeddable":true,"href":"https:\/\/aconteceunovale.com.br\/portal\/index.php?rest_route=\/wp\/v2\/users\/1"}],"replies":[{"embeddable":true,"href":"https:\/\/aconteceunovale.com.br\/portal\/index.php?rest_route=%2Fwp%2Fv2%2Fcomments&post=130530"}],"version-history":[{"count":0,"href":"https:\/\/aconteceunovale.com.br\/portal\/index.php?rest_route=\/wp\/v2\/posts\/130530\/revisions"}],"wp:featuredmedia":[{"embeddable":true,"href":"https:\/\/aconteceunovale.com.br\/portal\/index.php?rest_route=\/wp\/v2\/media\/130399"}],"wp:attachment":[{"href":"https:\/\/aconteceunovale.com.br\/portal\/index.php?rest_route=%2Fwp%2Fv2%2Fmedia&parent=130530"}],"wp:term":[{"taxonomy":"category","embeddable":true,"href":"https:\/\/aconteceunovale.com.br\/portal\/index.php?rest_route=%2Fwp%2Fv2%2Fcategories&post=130530"},{"taxonomy":"post_tag","embeddable":true,"href":"https:\/\/aconteceunovale.com.br\/portal\/index.php?rest_route=%2Fwp%2Fv2%2Ftags&post=130530"}],"curies":[{"name":"wp","href":"https:\/\/api.w.org\/{rel}","templated":true}]}}