{"id":130527,"date":"2018-04-09T18:48:18","date_gmt":"2018-04-09T20:48:18","guid":{"rendered":"http:\/\/aconteceunovale.com.br\/portal\/?p=130527"},"modified":"2018-04-09T18:48:18","modified_gmt":"2018-04-09T20:48:18","slug":"crianca-e-baleada-dentro-de-casa-em-governador-valadares","status":"publish","type":"post","link":"https:\/\/aconteceunovale.com.br\/portal\/?p=130527","title":{"rendered":"Crian\u00e7a \u00e9 baleada dentro de casa em Governador Valadares"},"content":{"rendered":"<p>Segue internada em um hospital de Governador Valadares, na Regi\u00e3o do Rio Doce, uma garota de 6 anos baleada pelo pr\u00f3prio pai na madrugada desta segunda-feira (9\/4\/2018). Os tiros foram disparados durante uma briga entre o homem e a m\u00e3e da crian\u00e7a dentro da casa do casal. O autor fugiu do local, mas acabou preso horas depois. Ele nega que tenha atirado e disse que os tiros foram dados por rivais na rua. Por\u00e9m, a vers\u00e3o \u00e9 contestada pela Pol\u00edcia Militar (PM).<\/p>\n<p>De acordo com o sargento Andr\u00e9 Luiz Feliciano, que atendeu a ocorr\u00eancia, o crime aconteceu por volta das 3h. Testemunhas contaram que o casal brigava dentro da casa, no Bairro Atalaia, quando os tiros foram disparados. \u201cRelatos de testemunhas d\u00e3o conta que o pai e a m\u00e3e estavam brigando e a filha apareceu chorando. O pai pegou a arma de fogo que tinha em casa para fazer amea\u00e7as contra a mulher. Neste momento, acabou tendo um disparo acidental que atingiu as n\u00e1degas da garota\u201d, explicou o militar. <\/p>\n<p>A menina foi socorrida e encaminhada para o Hospital Municipal de Governador Valadares, onde segue internada. Ela teve que passar por cirurgia. O pai dela fugiu da casa depois dos tiros. Por\u00e9m, horas depois acabou preso. \u201cRecebemos den\u00fancia de que ele teria voltado para a resid\u00eancia. Cercamos o im\u00f3vel e conseguimos prend\u00ea-lo\u201d, disse o sargento. <\/p>\n<p>Ao ser questionado pelos militares, o homem negou o disparo e deu outra vers\u00e3o. \u201cEle diz que tem atritos com outras pessoas da regi\u00e3o e que o tiro teria vindo de fora da casa. Mas essa vers\u00e3o \u00e9 mentira. Testemunhas contaram que ele foi o autor do disparo. At\u00e9 mesmo a garota fala que foi ele\u201d, afirma Andr\u00e9 Feliciano. <\/p>\n<p>A PM ainda faz buscas pela arma do crime, que n\u00e3o foi encontrada. O homem, que j\u00e1 tem passagem por furto, foi encaminhado para a delegacia.<\/p>\n<p><img decoding=\"async\" src=\"http:\/\/aconteceunovale.com.br\/portal\/wp-content\/uploads\/2018\/04\/crianca_baleada_gv.jpg\" alt=\"\" \/><em>Crian\u00e7a foi baleada dentro de casa (Foto: Reprodu\u00e7\u00e3o\/Rede Alerta)<\/em><br \/>\n<\/br><\/p>\n<p><strong>VER PRIMEIRO<\/strong><\/p>\n<p>Receba as not\u00edcias do Aconteceu no Vale em primeira m\u00e3o. Clique em curtir no endere\u00e7o <a href=\"https:\/\/www.facebook.com\/aconteceunovale\" target=\"_blank\"><font color=\"red\">www.facebook.com\/aconteceunovale<\/font><\/a> ou no box abaixo:<\/p>\n<div class=\"fb-like\" data-href=\"https:\/\/www.facebook.com\/aconteceunovale\" data-width=\"120\" data-layout=\"standard\" data-action=\"like\" data-size=\"small\" data-show-faces=\"true\" data-share=\"true\"><\/div>\n<p><\/br><\/p>\n<p><em>(Fonte: Estado de Minas)<\/em><\/p>\n","protected":false},"excerpt":{"rendered":"<p>Segue internada em um hospital de Governador Valadares, na Regi\u00e3o do Rio Doce, uma garota de 6 anos baleada pelo pr\u00f3prio pai na madrugada desta segunda-feira (9\/4\/2018). Os tiros foram disparados durante uma briga entre o homem e a m\u00e3e da crian\u00e7a dentro da casa do casal. O autor fugiu do local, mas acabou preso [&hellip;]<\/p>\n","protected":false},"author":1,"featured_media":130528,"comment_status":"open","ping_status":"closed","sticky":false,"template":"","format":"standard","meta":{"amp_status":"","footnotes":""},"categories":[121],"tags":[137426,172340,172337,172341,172343,247,172338,172342,172339],"class_list":["post-130527","post","type-post","status-publish","format-standard","has-post-thumbnail","hentry","category-leste","tag-baleada-em-governador-valadares","tag-baleada-pelo-pai-em-governador-valadares","tag-crianca-baleada-em-governador-valadares","tag-crianca-baleada-pelo-pai-em-governador-valadares","tag-crianca-e-baleada-dentro-de-casa-em-governador-valadares","tag-governador-valadares","tag-menina-baleada-em-governador-valadares","tag-menina-baleada-pelo-pai-em-governador-valadares","tag-pai-atira-em-crianca-em-governador-valadares"],"_links":{"self":[{"href":"https:\/\/aconteceunovale.com.br\/portal\/index.php?rest_route=\/wp\/v2\/posts\/130527","targetHints":{"allow":["GET"]}}],"collection":[{"href":"https:\/\/aconteceunovale.com.br\/portal\/index.php?rest_route=\/wp\/v2\/posts"}],"about":[{"href":"https:\/\/aconteceunovale.com.br\/portal\/index.php?rest_route=\/wp\/v2\/types\/post"}],"author":[{"embeddable":true,"href":"https:\/\/aconteceunovale.com.br\/portal\/index.php?rest_route=\/wp\/v2\/users\/1"}],"replies":[{"embeddable":true,"href":"https:\/\/aconteceunovale.com.br\/portal\/index.php?rest_route=%2Fwp%2Fv2%2Fcomments&post=130527"}],"version-history":[{"count":0,"href":"https:\/\/aconteceunovale.com.br\/portal\/index.php?rest_route=\/wp\/v2\/posts\/130527\/revisions"}],"wp:featuredmedia":[{"embeddable":true,"href":"https:\/\/aconteceunovale.com.br\/portal\/index.php?rest_route=\/wp\/v2\/media\/130528"}],"wp:attachment":[{"href":"https:\/\/aconteceunovale.com.br\/portal\/index.php?rest_route=%2Fwp%2Fv2%2Fmedia&parent=130527"}],"wp:term":[{"taxonomy":"category","embeddable":true,"href":"https:\/\/aconteceunovale.com.br\/portal\/index.php?rest_route=%2Fwp%2Fv2%2Fcategories&post=130527"},{"taxonomy":"post_tag","embeddable":true,"href":"https:\/\/aconteceunovale.com.br\/portal\/index.php?rest_route=%2Fwp%2Fv2%2Ftags&post=130527"}],"curies":[{"name":"wp","href":"https:\/\/api.w.org\/{rel}","templated":true}]}}