{"id":130516,"date":"2018-04-09T09:49:40","date_gmt":"2018-04-09T11:49:40","guid":{"rendered":"http:\/\/aconteceunovale.com.br\/portal\/?p=130516"},"modified":"2018-04-09T09:49:40","modified_gmt":"2018-04-09T11:49:40","slug":"trabalhadores-do-transporte-coletivo-de-teofilo-otoni-entram-em-greve","status":"publish","type":"post","link":"https:\/\/aconteceunovale.com.br\/portal\/?p=130516","title":{"rendered":"Trabalhadores do transporte coletivo de Te\u00f3filo Otoni entram em greve"},"content":{"rendered":"<p>Funcion\u00e1rios do transporte coletivo urbano de Te\u00f3filo Otoni entraram em greve na manh\u00e3 desta segunda-feira (9\/4\/2018). De acordo com o Sindicato dos Trabalhadores em Transportes Rodovi\u00e1rios, as atividades foram paralisadas porque os servidores est\u00e3o h\u00e1 dois anos sem reajuste do sal\u00e1rio e dos benef\u00edcios.<\/p>\n<p>O advogado do sindicato, Joacir Ribeiro, aponta que foi mantido o funcionamento de 30% da frota. \u201cA frota \u00e9 composta de 40 \u00f4nibus e agora pela manh\u00e3 apenas 13 est\u00e3o circulando. Os trabalhadores est\u00e3o dentro da empresa aguardando reuni\u00e3o com representantes. O sindicato reivindica reajuste com base no \u00edndice Nacional de Pre\u00e7os ao Consumidor (INPC) dos \u00faltimos dois anos\u201d, explica.<\/p>\n<p>Ainda segundo o advogado, nas \u00faltimas semanas foram realizadas reuni\u00f5es entre o Sindicato, representantes da empresa Vale do Mucury e da Prefeitura, mas n\u00e3o foi apresentada nenhuma proposta de reajuste aos trabalhadores e uma nova reuni\u00e3o est\u00e1 marcada para a manh\u00e3 desta segunda-feira.<\/p>\n<p>A empresa Via\u00e7\u00e3o Vale do Mucury ainda n\u00e3o se pronunciou sobre o assunto.<\/p>\n<p><img decoding=\"async\" src=\"http:\/\/aconteceunovale.com.br\/portal\/wp-content\/uploads\/2018\/04\/greve_bus_teo.jpg\" alt=\"\" \/><em>Trabalhadores entraram em greve nesta segunda-feira (Foto: Joacir Ribeiro\/Divulga\u00e7\u00e3o)<\/em><br \/>\n<\/br><\/p>\n<p><strong>VER PRIMEIRO<\/strong><\/p>\n<p>Receba as not\u00edcias do Aconteceu no Vale em primeira m\u00e3o. Clique em curtir no endere\u00e7o <a href=\"https:\/\/www.facebook.com\/aconteceunovale\" target=\"_blank\"><font color=\"red\">www.facebook.com\/aconteceunovale<\/font><\/a> ou no box abaixo:<\/p>\n<div class=\"fb-like\" data-href=\"https:\/\/www.facebook.com\/aconteceunovale\" data-width=\"120\" data-layout=\"standard\" data-action=\"like\" data-size=\"small\" data-show-faces=\"true\" data-share=\"true\"><\/div>\n<p><\/br><\/p>\n<p><em>(Fonte: G1 Vales)<\/em><\/p>\n","protected":false},"excerpt":{"rendered":"<p>Funcion\u00e1rios do transporte coletivo urbano de Te\u00f3filo Otoni entraram em greve na manh\u00e3 desta segunda-feira (9\/4\/2018). De acordo com o Sindicato dos Trabalhadores em Transportes Rodovi\u00e1rios, as atividades foram paralisadas porque os servidores est\u00e3o h\u00e1 dois anos sem reajuste do sal\u00e1rio e dos benef\u00edcios. O advogado do sindicato, Joacir Ribeiro, aponta que foi mantido o [&hellip;]<\/p>\n","protected":false},"author":1,"featured_media":130517,"comment_status":"open","ping_status":"closed","sticky":false,"template":"","format":"standard","meta":{"amp_status":"","footnotes":""},"categories":[122],"tags":[172316,172317,172318,172314,172320,172319,164,172321,172315],"class_list":["post-130516","post","type-post","status-publish","format-standard","has-post-thumbnail","hentry","category-mucuri","tag-greve-funcionarios-da-vale-do-mucury-em-teofilo-otoni","tag-greve-onibus-teofilo-otoni","tag-greve-transporte-coletivo-teofilo-otoni","tag-greve-transporte-coletivo-urbano-de-teofilo-otoni","tag-joacir-ribeiro","tag-sindicato-dos-trabalhadores-em-transportes-rodoviarios-de-teofilo-otoni","tag-teofilo-otoni","tag-trabalhadores-do-transporte-coletivo-de-teofilo-otoni-entram-em-greve","tag-transporte-coletivo-urbano-de-teofilo-otoni"],"_links":{"self":[{"href":"https:\/\/aconteceunovale.com.br\/portal\/index.php?rest_route=\/wp\/v2\/posts\/130516","targetHints":{"allow":["GET"]}}],"collection":[{"href":"https:\/\/aconteceunovale.com.br\/portal\/index.php?rest_route=\/wp\/v2\/posts"}],"about":[{"href":"https:\/\/aconteceunovale.com.br\/portal\/index.php?rest_route=\/wp\/v2\/types\/post"}],"author":[{"embeddable":true,"href":"https:\/\/aconteceunovale.com.br\/portal\/index.php?rest_route=\/wp\/v2\/users\/1"}],"replies":[{"embeddable":true,"href":"https:\/\/aconteceunovale.com.br\/portal\/index.php?rest_route=%2Fwp%2Fv2%2Fcomments&post=130516"}],"version-history":[{"count":0,"href":"https:\/\/aconteceunovale.com.br\/portal\/index.php?rest_route=\/wp\/v2\/posts\/130516\/revisions"}],"wp:featuredmedia":[{"embeddable":true,"href":"https:\/\/aconteceunovale.com.br\/portal\/index.php?rest_route=\/wp\/v2\/media\/130517"}],"wp:attachment":[{"href":"https:\/\/aconteceunovale.com.br\/portal\/index.php?rest_route=%2Fwp%2Fv2%2Fmedia&parent=130516"}],"wp:term":[{"taxonomy":"category","embeddable":true,"href":"https:\/\/aconteceunovale.com.br\/portal\/index.php?rest_route=%2Fwp%2Fv2%2Fcategories&post=130516"},{"taxonomy":"post_tag","embeddable":true,"href":"https:\/\/aconteceunovale.com.br\/portal\/index.php?rest_route=%2Fwp%2Fv2%2Ftags&post=130516"}],"curies":[{"name":"wp","href":"https:\/\/api.w.org\/{rel}","templated":true}]}}