{"id":130506,"date":"2018-04-09T09:02:23","date_gmt":"2018-04-09T11:02:23","guid":{"rendered":"http:\/\/aconteceunovale.com.br\/portal\/?p=130506"},"modified":"2018-04-09T09:02:23","modified_gmt":"2018-04-09T11:02:23","slug":"rio-de-janeiro-tem-36-militares-assassinados-este-ano","status":"publish","type":"post","link":"https:\/\/aconteceunovale.com.br\/portal\/?p=130506","title":{"rendered":"Rio de Janeiro tem 36 militares assassinados este ano"},"content":{"rendered":"<p>O segundo sargento da Pol\u00edcia Militar D\u00e9cio Anast\u00e1cio Nunes, de 52 anos, morreu ontem (8\/4\/2018), no Rio de Janeiro, depois de ficar dois meses internado. D\u00e9cio e seu irm\u00e3o foram baleados durante uma ocorr\u00eancia de roubo de carga no Jardim Bom Pastor, em Belford Roxo, na Baixada Fluminense, em 8 de fevereiro.<\/p>\n<p>Os dois foram socorridos por um motorista de ambul\u00e2ncia que passava pelo local e levados para o Hospital Geral da Nova Igua\u00e7u (Posse) e depois transferidos para um hospital da zona norte da cidade do Rio.<\/p>\n<p>D\u00e9cio, baleado na cabe\u00e7a, estava em estado grave e morreu ontem. Seu irm\u00e3o, Marcio Nunes, de 40 anos, continua internado, de acordo com o Disque Den\u00fancia. Esse \u00e9 o 36\u00ba policial que perdeu a vida por causa da viol\u00eancia neste ano no Rio de Janeiro. Outros dois policiais militares morreram neste ano, mas um havia sido ferido no ano passado e o segundo, baleado em outro estado.<\/p>\n<p><strong>VER PRIMEIRO<\/strong><\/p>\n<p>Receba as not\u00edcias do Aconteceu no Vale em primeira m\u00e3o. Clique em curtir no endere\u00e7o <a href=\"https:\/\/www.facebook.com\/aconteceunovale\" target=\"_blank\"><font color=\"red\">www.facebook.com\/aconteceunovale<\/font><\/a> ou no box abaixo:<\/p>\n<div class=\"fb-like\" data-href=\"https:\/\/www.facebook.com\/aconteceunovale\" data-width=\"120\" data-layout=\"standard\" data-action=\"like\" data-size=\"small\" data-show-faces=\"true\" data-share=\"true\"><\/div>\n<p><\/br><\/p>\n<p><em>(Fonte: Ag\u00eancia Brasil)<\/em><\/p>\n","protected":false},"excerpt":{"rendered":"<p>O segundo sargento da Pol\u00edcia Militar D\u00e9cio Anast\u00e1cio Nunes, de 52 anos, morreu ontem (8\/4\/2018), no Rio de Janeiro, depois de ficar dois meses internado. D\u00e9cio e seu irm\u00e3o foram baleados durante uma ocorr\u00eancia de roubo de carga no Jardim Bom Pastor, em Belford Roxo, na Baixada Fluminense, em 8 de fevereiro. Os dois foram [&hellip;]<\/p>\n","protected":false},"author":1,"featured_media":130507,"comment_status":"open","ping_status":"closed","sticky":false,"template":"","format":"standard","meta":{"amp_status":"","footnotes":""},"categories":[6],"tags":[172305,85425,172302,172307,172306,172304,172303,25706,1104,172308,172301],"class_list":["post-130506","post","type-post","status-publish","format-standard","has-post-thumbnail","hentry","category-br","tag-assassinato-de-militares-no-rio-de-janeiro","tag-belford-roxo","tag-decio-anastacio-nunes","tag-marcio-nunes","tag-matanca-de-militares-no-rio-de-janeiro","tag-morte-de-militares-no-rio-de-janeiro","tag-morte-de-pm-no-rio-de-janeiro","tag-nova-iguacu","tag-rio-de-janeiro","tag-rio-de-janeiro-tem-36-militares-assassinados-este-ano","tag-rio-tem-36-militares-assassinados-este-ano"],"_links":{"self":[{"href":"https:\/\/aconteceunovale.com.br\/portal\/index.php?rest_route=\/wp\/v2\/posts\/130506","targetHints":{"allow":["GET"]}}],"collection":[{"href":"https:\/\/aconteceunovale.com.br\/portal\/index.php?rest_route=\/wp\/v2\/posts"}],"about":[{"href":"https:\/\/aconteceunovale.com.br\/portal\/index.php?rest_route=\/wp\/v2\/types\/post"}],"author":[{"embeddable":true,"href":"https:\/\/aconteceunovale.com.br\/portal\/index.php?rest_route=\/wp\/v2\/users\/1"}],"replies":[{"embeddable":true,"href":"https:\/\/aconteceunovale.com.br\/portal\/index.php?rest_route=%2Fwp%2Fv2%2Fcomments&post=130506"}],"version-history":[{"count":0,"href":"https:\/\/aconteceunovale.com.br\/portal\/index.php?rest_route=\/wp\/v2\/posts\/130506\/revisions"}],"wp:featuredmedia":[{"embeddable":true,"href":"https:\/\/aconteceunovale.com.br\/portal\/index.php?rest_route=\/wp\/v2\/media\/130507"}],"wp:attachment":[{"href":"https:\/\/aconteceunovale.com.br\/portal\/index.php?rest_route=%2Fwp%2Fv2%2Fmedia&parent=130506"}],"wp:term":[{"taxonomy":"category","embeddable":true,"href":"https:\/\/aconteceunovale.com.br\/portal\/index.php?rest_route=%2Fwp%2Fv2%2Fcategories&post=130506"},{"taxonomy":"post_tag","embeddable":true,"href":"https:\/\/aconteceunovale.com.br\/portal\/index.php?rest_route=%2Fwp%2Fv2%2Ftags&post=130506"}],"curies":[{"name":"wp","href":"https:\/\/api.w.org\/{rel}","templated":true}]}}