{"id":130497,"date":"2018-04-09T00:53:56","date_gmt":"2018-04-09T02:53:56","guid":{"rendered":"http:\/\/aconteceunovale.com.br\/portal\/?p=130497"},"modified":"2018-04-09T00:53:56","modified_gmt":"2018-04-09T02:53:56","slug":"governo-autoriza-a-criacao-de-870-vagas-para-institutos-federais-de-educacao","status":"publish","type":"post","link":"https:\/\/aconteceunovale.com.br\/portal\/?p=130497","title":{"rendered":"Governo autoriza a cria\u00e7\u00e3o de 870 vagas para Institutos Federais de Educa\u00e7\u00e3o"},"content":{"rendered":"<p>Os Institutos Federais de Educa\u00e7\u00e3o (Ifes) poder\u00e3o realizar concursos para\u00a0preencher\u00a0870 vagas para novos cargos de professor-equivalente e t\u00e9cnico administrativo.\u00a0Segundo\u00a0<span style=\"color: #ff0000;\"><a href=\"http:\/\/pesquisa.in.gov.br\/imprensa\/jsp\/visualiza\/index.jsp?data=04\/04\/2018&amp;jornal=515&amp;pagina=137&amp;totalArquivos=184\" target=\"_blank\"><span style=\"color: #ff0000;\">portaria interministerial<\/span><\/a><\/span><a title=\"\" href=\"http:\/\/pesquisa.in.gov.br\/imprensa\/jsp\/visualiza\/index.jsp?data=04\/04\/2018&amp;jornal=515&amp;pagina=137&amp;totalArquivos=184\" target=\"_self\">\u00a0<\/a>publicada\u00a0nessa quarta-feira (4),\u00a0s\u00f3 para o cargo de professor-equivalente s\u00e3o\u00a0174\u00a0oportunidades. Essas contrata\u00e7\u00f5es\u00a0podem ocorrer em casos de afastamento, por exemplo.<\/p>\n<div>\n<p>O texto tamb\u00e9m autoriza a cria\u00e7\u00e3o de\u00a0130 cargos de professores de magist\u00e9rio para o Centro Federal de Educa\u00e7\u00e3o Tecnol\u00f3gica Celso\u00a0Suckow\u00a0da Fonseca (Cefet-RJ); o Centro Federal de Educa\u00e7\u00e3o Tecnol\u00f3gica de Minas Gerais (Cefet-MG); e o Col\u00e9gio Pedro II.<\/p>\n<p><span style=\"color: #ff0000;\"><a href=\"http:\/\/pesquisa.in.gov.br\/imprensa\/jsp\/visualiza\/index.jsp?data=04\/04\/2018&amp;jornal=515&amp;pagina=138&amp;totalArquivos=184\" target=\"_blank\"><span style=\"color: #ff0000;\">Outra norma<\/span><\/a><\/span>, tamb\u00e9m publicada nessa\u00a0ter\u00e7a,\u00a0atualiza\u00a0o quantitativo de cargos efetivos\u00a0de t\u00e9cnico administrativo em educa\u00e7\u00e3o\u00a0das institui\u00e7\u00f5es. Ao todo, foram inclu\u00eddos no quadro 453 cargos.\u00a0J\u00e1 para o\u00a0Cefet-RJ,\u00a0Cefet-MG e Col\u00e9gio Pedro II, a portaria\u00a0estabelece a inclus\u00e3o de 47 cargos t\u00e9cnico-administrativo em educa\u00e7\u00e3o.<\/p>\n<p><img decoding=\"async\" src=\"http:\/\/aconteceunovale.com.br\/portal\/wp-content\/uploads\/2018\/04\/ifes_bsb.jpg\" alt=\"\" \/><em>IFB Campus Ceil\u00e2ndia (Foto: Andre Borges\/Ag\u00eancia Bras\u00edlia)<\/em><br \/>\n<\/br><\/p>\n<p><strong>VER PRIMEIRO<\/strong><\/p>\n<p>Receba as not\u00edcias do Aconteceu no Vale em primeira m\u00e3o. Clique em curtir no endere\u00e7o <a href=\"https:\/\/www.facebook.com\/aconteceunovale\" target=\"_blank\"><font color=\"red\">www.facebook.com\/aconteceunovale<\/font><\/a> ou no box abaixo:<\/p>\n<div class=\"fb-like\" data-href=\"https:\/\/www.facebook.com\/aconteceunovale\" data-width=\"120\" data-layout=\"standard\" data-action=\"like\" data-size=\"small\" data-show-faces=\"true\" data-share=\"true\"><\/div>\n<p><\/br><\/p>\n<p><em>(Fonte: Minist\u00e9rio do Planejamento)<\/em><\/p>\n","protected":false},"excerpt":{"rendered":"<p>Os Institutos Federais de Educa\u00e7\u00e3o (Ifes) poder\u00e3o realizar concursos para\u00a0preencher\u00a0870 vagas para novos cargos de professor-equivalente e t\u00e9cnico administrativo.\u00a0Segundo\u00a0portaria interministerial\u00a0publicada\u00a0nessa quarta-feira (4),\u00a0s\u00f3 para o cargo de professor-equivalente s\u00e3o\u00a0174\u00a0oportunidades. Essas contrata\u00e7\u00f5es\u00a0podem ocorrer em casos de afastamento, por exemplo. O texto tamb\u00e9m autoriza a cria\u00e7\u00e3o de\u00a0130 cargos de professores de magist\u00e9rio para o Centro Federal de Educa\u00e7\u00e3o [&hellip;]<\/p>\n","protected":false},"author":1,"featured_media":130498,"comment_status":"open","ping_status":"closed","sticky":false,"template":"","format":"standard","meta":{"amp_status":"","footnotes":""},"categories":[6,40238,40236],"tags":[172281,45074,159938,172283,45079,172284,172280,172277,172285,85848,172276,172279,172278,172282],"class_list":["post-130497","post","type-post","status-publish","format-standard","has-post-thumbnail","hentry","category-br","category-educacao-2","category-empregos-2","tag-abertura-de-vagas-nos-ifes","tag-cefet-mg","tag-cefet-rj","tag-centro-federal-de-educacao-tecnologica-celso-suckow-da-fonseca","tag-centro-federal-de-educacao-tecnologica-de-minas-gerais","tag-colegio-pedro-ii","tag-concurso-ifes","tag-concurso-institutos-federais-de-educacao","tag-governo-autoriza-a-criacao-de-870-vagas-para-institutos-federais-de-educacao","tag-ifes","tag-institutos-federais-de-educacao","tag-oportunidades-institutos-federais-de-educacao","tag-vagas-institutos-federais-de-educacao","tag-vagas-nos-ifes"],"_links":{"self":[{"href":"https:\/\/aconteceunovale.com.br\/portal\/index.php?rest_route=\/wp\/v2\/posts\/130497","targetHints":{"allow":["GET"]}}],"collection":[{"href":"https:\/\/aconteceunovale.com.br\/portal\/index.php?rest_route=\/wp\/v2\/posts"}],"about":[{"href":"https:\/\/aconteceunovale.com.br\/portal\/index.php?rest_route=\/wp\/v2\/types\/post"}],"author":[{"embeddable":true,"href":"https:\/\/aconteceunovale.com.br\/portal\/index.php?rest_route=\/wp\/v2\/users\/1"}],"replies":[{"embeddable":true,"href":"https:\/\/aconteceunovale.com.br\/portal\/index.php?rest_route=%2Fwp%2Fv2%2Fcomments&post=130497"}],"version-history":[{"count":0,"href":"https:\/\/aconteceunovale.com.br\/portal\/index.php?rest_route=\/wp\/v2\/posts\/130497\/revisions"}],"wp:featuredmedia":[{"embeddable":true,"href":"https:\/\/aconteceunovale.com.br\/portal\/index.php?rest_route=\/wp\/v2\/media\/130498"}],"wp:attachment":[{"href":"https:\/\/aconteceunovale.com.br\/portal\/index.php?rest_route=%2Fwp%2Fv2%2Fmedia&parent=130497"}],"wp:term":[{"taxonomy":"category","embeddable":true,"href":"https:\/\/aconteceunovale.com.br\/portal\/index.php?rest_route=%2Fwp%2Fv2%2Fcategories&post=130497"},{"taxonomy":"post_tag","embeddable":true,"href":"https:\/\/aconteceunovale.com.br\/portal\/index.php?rest_route=%2Fwp%2Fv2%2Ftags&post=130497"}],"curies":[{"name":"wp","href":"https:\/\/api.w.org\/{rel}","templated":true}]}}