{"id":130495,"date":"2018-04-09T00:45:03","date_gmt":"2018-04-09T02:45:03","guid":{"rendered":"http:\/\/aconteceunovale.com.br\/portal\/?p=130495"},"modified":"2018-04-09T00:45:03","modified_gmt":"2018-04-09T02:45:03","slug":"vacinacao-contra-a-febre-aftosa-comeca-em-maio","status":"publish","type":"post","link":"https:\/\/aconteceunovale.com.br\/portal\/?p=130495","title":{"rendered":"Vacina\u00e7\u00e3o contra a febre aftosa come\u00e7a em maio"},"content":{"rendered":"<p>A vacina\u00e7\u00e3o contra a febre aftosa come\u00e7ar\u00e1 na maioria dos estados do Brasil no pr\u00f3ximo m\u00eas. A partir do dia 1\u00ba de maio, os rebanhos de bovinos e b\u00fafalos, de todas as idades, dever\u00e3o ser vacinados. A regra s\u00f3 n\u00e3o vale para os estados do Acre, Esp\u00edrito Santo e Paran\u00e1, que imunizar\u00e3o apenas os animais de at\u00e9 24 meses.  <\/p>\n<p>Segundo o Minist\u00e9rio da Agricultura, Pecu\u00e1ria e Abastecimento, cerca de 218 milh\u00f5es de animais devem ser vacinados. O calend\u00e1rio com os prazos pode ser conferido pelo <a href=\"http:\/\/www.agricultura.gov.br\/noticias\/vacinacao-contra-aftosa-comeca-em-1o-de-maio\/CalendriodeVacinao_1_2018.pdf\" target=\"_blank\">link www.agricultura.gov.br<\/a>. Para obter mais detalhes, o produtor deve procurar a secretaria de agricultura do estado. Quem n\u00e3o comprovar que realizou a vacina\u00e7\u00e3o no rebanho pode ser multado.  <\/p>\n<p>A divis\u00e3o de febre aftosa do minist\u00e9rio orienta que a vacina seja aplicada na regi\u00e3o da t\u00e1bua do pesco\u00e7o, debaixo do couro do animal (regi\u00e3o subcut\u00e2nea). Confira outros cuidados que devem ser tomadas para garantir o sucesso da imuniza\u00e7\u00e3o: <\/p>\n<p>&#8211; S\u00f3 vacine bovinos e b\u00fafalos.<\/p>\n<p>&#8211; Compre as vacinas somente em lojas registradas.<\/p>\n<p>&#8211; Transporte a vacina em caixa t\u00e9rmica.<\/p>\n<p>&#8211; Mantenha a vacina no gelo at\u00e9 o momento da aplica\u00e7\u00e3o.<\/p>\n<p>&#8211; Vacine o gado na hora mais fresca do dia.<\/p>\n<p>&#8211; Preencha a declara\u00e7\u00e3o de vacina\u00e7\u00e3o e a entregue no servi\u00e7o veterin\u00e1rio oficial do estado junto \u00e0 nota fiscal de compra das vacinas.<\/p>\n<p><strong>VER PRIMEIRO<\/strong><\/p>\n<p>Receba as not\u00edcias do Aconteceu no Vale em primeira m\u00e3o. Clique em curtir no endere\u00e7o <a href=\"https:\/\/www.facebook.com\/aconteceunovale\" target=\"_blank\"><font color=\"red\">www.facebook.com\/aconteceunovale<\/font><\/a> ou no box abaixo:<\/p>\n<div class=\"fb-like\" data-href=\"https:\/\/www.facebook.com\/aconteceunovale\" data-width=\"120\" data-layout=\"standard\" data-action=\"like\" data-size=\"small\" data-show-faces=\"true\" data-share=\"true\"><\/div>\n<p><\/br><\/p>\n<p><em>(Fonte: Governo do Brasil)<\/em><\/p>\n","protected":false},"excerpt":{"rendered":"<p>A vacina\u00e7\u00e3o contra a febre aftosa come\u00e7ar\u00e1 na maioria dos estados do Brasil no pr\u00f3ximo m\u00eas. A partir do dia 1\u00ba de maio, os rebanhos de bovinos e b\u00fafalos, de todas as idades, dever\u00e3o ser vacinados. A regra s\u00f3 n\u00e3o vale para os estados do Acre, Esp\u00edrito Santo e Paran\u00e1, que imunizar\u00e3o apenas os animais [&hellip;]<\/p>\n","protected":false},"author":1,"featured_media":12617,"comment_status":"open","ping_status":"closed","sticky":false,"template":"","format":"standard","meta":{"amp_status":"","footnotes":""},"categories":[6,28848],"tags":[172273,64596,172271,43196,172272,150601,7022,172275,172274],"class_list":["post-130495","post","type-post","status-publish","format-standard","has-post-thumbnail","hentry","category-br","category-mundo","tag-bois","tag-bovinos","tag-calendario-vacinacao-febre-aftosa","tag-campanha-de-vacinacao-contra-a-febre-aftosa","tag-gado","tag-prazo-para-vacinacao-contra-a-febre-aftosa","tag-vacinacao-contra-a-febre-aftosa","tag-vacinacao-contra-a-febre-aftosa-comeca-em-maio","tag-vacinacao-contra-a-febre-aftosa-no-brasil"],"_links":{"self":[{"href":"https:\/\/aconteceunovale.com.br\/portal\/index.php?rest_route=\/wp\/v2\/posts\/130495","targetHints":{"allow":["GET"]}}],"collection":[{"href":"https:\/\/aconteceunovale.com.br\/portal\/index.php?rest_route=\/wp\/v2\/posts"}],"about":[{"href":"https:\/\/aconteceunovale.com.br\/portal\/index.php?rest_route=\/wp\/v2\/types\/post"}],"author":[{"embeddable":true,"href":"https:\/\/aconteceunovale.com.br\/portal\/index.php?rest_route=\/wp\/v2\/users\/1"}],"replies":[{"embeddable":true,"href":"https:\/\/aconteceunovale.com.br\/portal\/index.php?rest_route=%2Fwp%2Fv2%2Fcomments&post=130495"}],"version-history":[{"count":0,"href":"https:\/\/aconteceunovale.com.br\/portal\/index.php?rest_route=\/wp\/v2\/posts\/130495\/revisions"}],"wp:featuredmedia":[{"embeddable":true,"href":"https:\/\/aconteceunovale.com.br\/portal\/index.php?rest_route=\/wp\/v2\/media\/12617"}],"wp:attachment":[{"href":"https:\/\/aconteceunovale.com.br\/portal\/index.php?rest_route=%2Fwp%2Fv2%2Fmedia&parent=130495"}],"wp:term":[{"taxonomy":"category","embeddable":true,"href":"https:\/\/aconteceunovale.com.br\/portal\/index.php?rest_route=%2Fwp%2Fv2%2Fcategories&post=130495"},{"taxonomy":"post_tag","embeddable":true,"href":"https:\/\/aconteceunovale.com.br\/portal\/index.php?rest_route=%2Fwp%2Fv2%2Ftags&post=130495"}],"curies":[{"name":"wp","href":"https:\/\/api.w.org\/{rel}","templated":true}]}}