{"id":130490,"date":"2018-04-09T00:00:08","date_gmt":"2018-04-09T02:00:08","guid":{"rendered":"http:\/\/aconteceunovale.com.br\/portal\/?p=130490"},"modified":"2018-04-09T00:00:08","modified_gmt":"2018-04-09T02:00:08","slug":"homem-e-assassinado-na-porta-de-casa-em-ipatinga","status":"publish","type":"post","link":"https:\/\/aconteceunovale.com.br\/portal\/?p=130490","title":{"rendered":"Homem \u00e9 assassinado na porta de casa em Ipatinga"},"content":{"rendered":"<p>Um homem de 28 anos foi morto a tiros na madrugada de s\u00e1bado (7\/4\/2018) na porta da casa dele no Bairro Esperan\u00e7a, em Ipatinga (MG). De acordo com a Pol\u00edcia Militar, Welington Fernandes de Oliveira estava sentado na cal\u00e7ada da casa quando foi surpreendido pelos disparos que perfuraram as costas, pesco\u00e7o, bra\u00e7o direito e axila.<\/p>\n<p>Ainda segundo a PM, familiares da v\u00edtima escutaram os tiros e correram para ver do que se tratava e avistaram Welington ca\u00eddo no ch\u00e3o. A irm\u00e3 dele ainda contou aos policiais que a motiva\u00e7\u00e3o seria por conta de uma desaven\u00e7a que a v\u00edtima teve com outro homem.<\/p>\n<p>Os bombeiros foram acionados e constataram o \u00f3bito. A per\u00edcia compareceu ao local e recolheu um proj\u00e9til de arma de fogo, mas n\u00e3o informou o calibre. Ap\u00f3s exames de praxe, o corpo foi encaminhado para uma funer\u00e1ria de Ipatinga. O caso ser\u00e1 investigado pela Pol\u00edcia Civil. At\u00e9 a publica\u00e7\u00e3o desta mat\u00e9ria, nenhum suspeito pelo crime foi preso.<\/p>\n<p><strong><\/p>\n<h4>Preso com armas em Cava Grande<\/h4>\n<p><\/strong><\/p>\n<p>Um homem de 40 anos foi preso na noite de s\u00e1bado (7) em Cava Grande, distrito de Marli\u00e9ria (MG), com tr\u00eas espingardas e muni\u00e7\u00e3o. Segundo a Pol\u00edcia Militar, den\u00fancias an\u00f4nimas informaram que o autor fabricava e armazenava armas de fogo em casa.<\/p>\n<p>Ao chegar no local os militares depararam com uma arma e o autor assumiu ser o dono dela. Ele informou tamb\u00e9m para os militares que possuiu outras duas espingardas que estavam escondidas na casa de um primo dele, na cidade de Jaguara\u00e7u. A PM foi at\u00e9 o im\u00f3vel e apreendeu as armas de fogo. O primo do autor informou para pol\u00edcia que apenas guardou uma sacola e que n\u00e3o sabia o que estava dentro dela.<\/p>\n<p>Ele foi preso por posse ilegal de armas de fogo e foi encaminhado para delegacia de Ipatinga.<\/p>\n<p><strong><\/p>\n<h4>Posse ilegal de arma de fogo em Tim\u00f3teo<\/h4>\n<p><\/strong><\/p>\n<p>Um rapaz de 18 anos tamb\u00e9m foi preso nesse s\u00e1bado por posse ilegal de arma de fogo em Tim\u00f3teo. De acordo com a PM, o autor estava armado e andando pelas ruas do bairro Ana Moura, intimidando os moradores. A pol\u00edcia foi at\u00e9 o local e identificou o autor, que escondeu a arma.<\/p>\n<p>Durante as buscas o rapaz informou para a pol\u00edcia que a arma de fogo estava na casa de um amigo. Militares foram at\u00e9 o local e localizaram o rev\u00f3lver dentro do im\u00f3vel. O autor assumiu ser o dono do rev\u00f3lver calibre 22 de fabrica\u00e7\u00e3o artesanal e foi preso em flagrante.<\/p>\n<p><strong>VER PRIMEIRO<\/strong><\/p>\n<p>Receba as not\u00edcias do Aconteceu no Vale em primeira m\u00e3o. Clique em curtir no endere\u00e7o <a href=\"https:\/\/www.facebook.com\/aconteceunovale\" target=\"_blank\"><font color=\"red\">www.facebook.com\/aconteceunovale<\/font><\/a> ou no box abaixo:<\/p>\n<div class=\"fb-like\" data-href=\"https:\/\/www.facebook.com\/aconteceunovale\" data-width=\"120\" data-layout=\"standard\" data-action=\"like\" data-size=\"small\" data-show-faces=\"true\" data-share=\"true\"><\/div>\n<p><\/br><\/p>\n<p><em>(Fonte: G1 Vales)<\/em><\/p>\n","protected":false},"excerpt":{"rendered":"<p>Um homem de 28 anos foi morto a tiros na madrugada de s\u00e1bado (7\/4\/2018) na porta da casa dele no Bairro Esperan\u00e7a, em Ipatinga (MG). De acordo com a Pol\u00edcia Militar, Welington Fernandes de Oliveira estava sentado na cal\u00e7ada da casa quando foi surpreendido pelos disparos que perfuraram as costas, pesco\u00e7o, bra\u00e7o direito e axila. [&hellip;]<\/p>\n","protected":false},"author":1,"featured_media":71442,"comment_status":"open","ping_status":"closed","sticky":false,"template":"","format":"standard","meta":{"amp_status":"","footnotes":""},"categories":[121],"tags":[50008,31318,3389,172264,27671,201,1742,50009,172266,172265,1105,172263],"class_list":["post-130490","post","type-post","status-publish","format-standard","has-post-thumbnail","hentry","category-leste","tag-assassinado-em-ipatinga","tag-assassinato-em-ipatinga","tag-cava-grande","tag-homem-e-assassinado-na-porta-de-casa-em-ipatinga","tag-homicidio-em-ipatinga","tag-ipatinga","tag-marlieria","tag-morto-em-ipatinga","tag-posse-ilegal-de-arma-de-fogo-em-timoteo","tag-preso-com-armas-em-cava-grande","tag-timoteo","tag-welington-fernandes-de-oliveira"],"_links":{"self":[{"href":"https:\/\/aconteceunovale.com.br\/portal\/index.php?rest_route=\/wp\/v2\/posts\/130490","targetHints":{"allow":["GET"]}}],"collection":[{"href":"https:\/\/aconteceunovale.com.br\/portal\/index.php?rest_route=\/wp\/v2\/posts"}],"about":[{"href":"https:\/\/aconteceunovale.com.br\/portal\/index.php?rest_route=\/wp\/v2\/types\/post"}],"author":[{"embeddable":true,"href":"https:\/\/aconteceunovale.com.br\/portal\/index.php?rest_route=\/wp\/v2\/users\/1"}],"replies":[{"embeddable":true,"href":"https:\/\/aconteceunovale.com.br\/portal\/index.php?rest_route=%2Fwp%2Fv2%2Fcomments&post=130490"}],"version-history":[{"count":0,"href":"https:\/\/aconteceunovale.com.br\/portal\/index.php?rest_route=\/wp\/v2\/posts\/130490\/revisions"}],"wp:featuredmedia":[{"embeddable":true,"href":"https:\/\/aconteceunovale.com.br\/portal\/index.php?rest_route=\/wp\/v2\/media\/71442"}],"wp:attachment":[{"href":"https:\/\/aconteceunovale.com.br\/portal\/index.php?rest_route=%2Fwp%2Fv2%2Fmedia&parent=130490"}],"wp:term":[{"taxonomy":"category","embeddable":true,"href":"https:\/\/aconteceunovale.com.br\/portal\/index.php?rest_route=%2Fwp%2Fv2%2Fcategories&post=130490"},{"taxonomy":"post_tag","embeddable":true,"href":"https:\/\/aconteceunovale.com.br\/portal\/index.php?rest_route=%2Fwp%2Fv2%2Ftags&post=130490"}],"curies":[{"name":"wp","href":"https:\/\/api.w.org\/{rel}","templated":true}]}}