{"id":130147,"date":"2018-04-01T22:00:45","date_gmt":"2018-04-02T00:00:45","guid":{"rendered":"http:\/\/aconteceunovale.com.br\/portal\/?p=130147"},"modified":"2018-04-01T22:00:45","modified_gmt":"2018-04-02T00:00:45","slug":"policia-militar-apreende-drogas-em-montes-claros-e-janauba-dois-suspeitos-foram-presos","status":"publish","type":"post","link":"https:\/\/aconteceunovale.com.br\/portal\/?p=130147","title":{"rendered":"Pol\u00edcia Militar apreende drogas em Montes Claros e Jana\u00faba; dois suspeitos foram presos"},"content":{"rendered":"<p>Um rapaz de 21 anos foi preso por tr\u00e1fico de drogas, no s\u00e1bado (31\/03\/2018), em Montes Claros. De acordo com a Pol\u00edcia Militar, ele foi abordado na condu\u00e7\u00e3o de uma motocicleta durante patrulhamento pelo Bairro Delfino Magalh\u00e3es. Os militares encontraram um cigarro de maconha e uma pedra bruta de crack escondida no capacete. O suspeito ser\u00e1 investigado pela Pol\u00edcia Civil.<\/p>\n<p>Ainda em Montes Claros, a Pol\u00edcia Militar apreendeu quatro tabletes grandes de maconha, 14 pedras brutas de crack e 25 muni\u00e7\u00f5es em uma casa sem m\u00f3veis no Bairro Ciro dos Anjos. Todo o material estava debaixo da pia da cozinha. A pol\u00edcia chegou at\u00e9 o local depois de receber den\u00fancia an\u00f4nima sobre o tr\u00e1fico na regi\u00e3o. O suspeito de ser o propriet\u00e1rio da droga j\u00e1 foi identificado, mas ainda n\u00e3o foi localizado.<\/p>\n<p><img decoding=\"async\" src=\"http:\/\/aconteceunovale.com.br\/portal\/wp-content\/uploads\/2018\/04\/droga_moc.jpg\" alt=\"\" \/><em>Material apreeendido no Ciro dos Anjos (Foto: Pol\u00edcia Militar\/Divulga\u00e7\u00e3o)<\/em><br \/>\n<\/br><\/p>\n<h4>Preso em Jana\u00faba<\/h4>\n<p>Em Jana\u00faba, tamb\u00e9m no s\u00e1bado (31), um rapaz foi preso por tr\u00e1fico de drogas, no Bairro Rio Novo. Ele tentou fugir, mas foi alcan\u00e7ado e abordado com tr\u00eas pessoas na Rua Geraldo Ferreira dos Anjos. Em um matagal nas proximidade de onde eles foram encontrados, os militares apreenderam uma bucha de maconha, tr\u00eas pedras de crack, muni\u00e7\u00f5es e dinheiro.<\/p>\n<p>De acordo com a Pol\u00edcia Militar, o suspeito de 21 anos confessou que dispensou o material ao ver os policiais e foi conduzido para a delegacia. Os outros abordados foram liberados e a Pol\u00edcia Civil segue com as investiga\u00e7\u00f5es.<\/p>\n<p><strong>VER PRIMEIRO<\/strong><\/p>\n<p>Receba as not\u00edcias do Aconteceu no Vale em primeira m\u00e3o. Clique em curtir no endere\u00e7o <a href=\"https:\/\/www.facebook.com\/aconteceunovale\" target=\"_blank\"><font color=\"red\">www.facebook.com\/aconteceunovale<\/font><\/a> ou no box abaixo:<\/p>\n<div class=\"fb-like\" data-href=\"https:\/\/www.facebook.com\/aconteceunovale\" data-width=\"120\" data-layout=\"standard\" data-action=\"like\" data-size=\"small\" data-show-faces=\"true\" data-share=\"true\"><\/div>\n<p><\/br><\/p>\n<p><em>(Fonte: G1 Grande Minas)<\/em><\/p>\n","protected":false},"excerpt":{"rendered":"<p>Um rapaz de 21 anos foi preso por tr\u00e1fico de drogas, no s\u00e1bado (31\/03\/2018), em Montes Claros. De acordo com a Pol\u00edcia Militar, ele foi abordado na condu\u00e7\u00e3o de uma motocicleta durante patrulhamento pelo Bairro Delfino Magalh\u00e3es. Os militares encontraram um cigarro de maconha e uma pedra bruta de crack escondida no capacete. O suspeito [&hellip;]<\/p>\n","protected":false},"author":1,"featured_media":130148,"comment_status":"open","ping_status":"closed","sticky":false,"template":"","format":"standard","meta":{"amp_status":"","footnotes":""},"categories":[1236],"tags":[204,210,171686,120161,154238,2549],"class_list":["post-130147","post","type-post","status-publish","format-standard","has-post-thumbnail","hentry","category-norte_de_minas","tag-janauba","tag-montes-claros","tag-policia-militar-apreende-drogas-em-montes-claros-e-janauba","tag-preso-por-trafico-de-drogas-em-montes-claros","tag-prisao-de-traficante-em-montes-claros","tag-trafico-de-drogas-em-montes-claros"],"_links":{"self":[{"href":"https:\/\/aconteceunovale.com.br\/portal\/index.php?rest_route=\/wp\/v2\/posts\/130147","targetHints":{"allow":["GET"]}}],"collection":[{"href":"https:\/\/aconteceunovale.com.br\/portal\/index.php?rest_route=\/wp\/v2\/posts"}],"about":[{"href":"https:\/\/aconteceunovale.com.br\/portal\/index.php?rest_route=\/wp\/v2\/types\/post"}],"author":[{"embeddable":true,"href":"https:\/\/aconteceunovale.com.br\/portal\/index.php?rest_route=\/wp\/v2\/users\/1"}],"replies":[{"embeddable":true,"href":"https:\/\/aconteceunovale.com.br\/portal\/index.php?rest_route=%2Fwp%2Fv2%2Fcomments&post=130147"}],"version-history":[{"count":0,"href":"https:\/\/aconteceunovale.com.br\/portal\/index.php?rest_route=\/wp\/v2\/posts\/130147\/revisions"}],"wp:featuredmedia":[{"embeddable":true,"href":"https:\/\/aconteceunovale.com.br\/portal\/index.php?rest_route=\/wp\/v2\/media\/130148"}],"wp:attachment":[{"href":"https:\/\/aconteceunovale.com.br\/portal\/index.php?rest_route=%2Fwp%2Fv2%2Fmedia&parent=130147"}],"wp:term":[{"taxonomy":"category","embeddable":true,"href":"https:\/\/aconteceunovale.com.br\/portal\/index.php?rest_route=%2Fwp%2Fv2%2Fcategories&post=130147"},{"taxonomy":"post_tag","embeddable":true,"href":"https:\/\/aconteceunovale.com.br\/portal\/index.php?rest_route=%2Fwp%2Fv2%2Ftags&post=130147"}],"curies":[{"name":"wp","href":"https:\/\/api.w.org\/{rel}","templated":true}]}}