{"id":130144,"date":"2018-04-01T21:51:16","date_gmt":"2018-04-01T23:51:16","guid":{"rendered":"http:\/\/aconteceunovale.com.br\/portal\/?p=130144"},"modified":"2018-04-01T21:51:16","modified_gmt":"2018-04-01T23:51:16","slug":"motociclista-morre-em-acidente-em-janauba","status":"publish","type":"post","link":"https:\/\/aconteceunovale.com.br\/portal\/?p=130144","title":{"rendered":"Motociclista morre em acidente em Jana\u00faba"},"content":{"rendered":"<p>Um motociclista de 42 anos morreu em um acidente no s\u00e1bado (31\/03\/2018), na altura do km 139 da MG-401, munic\u00edpio de Jana\u00faba, na regi\u00e3o Norte de Minas Gerais. De acordo com a Pol\u00edcia Militar (PM), Edilson Miguel Santos atingiu um caminh\u00e3o que fazia uma curva na rodovia sem a devida sinaliza\u00e7\u00e3o.<\/p>\n<p>A v\u00edtima seguia no sentido contr\u00e1rio, quando bateu na roda do caminh\u00e3o, passou por baixo do ve\u00edculo e atingiu uma caminhonete. Com o impacto, o motociclista ficou gravemente ferido e veio a \u00f3bito no local. <\/p>\n<p>A Pol\u00edcia Militar informou que o caminhoneiro n\u00e3o era habilitado para conduzir a categoria de ve\u00edculos. Ele e o motorista da caminhonete fizeram o teste do baf\u00f4metro e o resultado foi negativo. <\/p>\n<p>As causas do acidente ser\u00e3o investigadas e o motorista do caminh\u00e3o, de 66 anos, foi conduzido \u00e0 Delegacia para prestar esclarecimentos. Ele foi ouvido e responder\u00e1 ao processo instaurado em liberdade.<\/p>\n<p><img decoding=\"async\" src=\"http:\/\/aconteceunovale.com.br\/portal\/wp-content\/uploads\/2018\/04\/acidente_janauba.jpg\" alt=\"\" \/><em>Motociclista morreu em acidente em Jana\u00faba (Foto: Pol\u00edcia Militar\/Divulga\u00e7\u00e3o)<\/em><br \/>\n<\/br><\/p>\n<p><strong>VER PRIMEIRO<\/strong><\/p>\n<p>Receba as not\u00edcias do Aconteceu no Vale em primeira m\u00e3o. Clique em curtir no endere\u00e7o <a href=\"https:\/\/www.facebook.com\/aconteceunovale\" target=\"_blank\"><font color=\"red\">www.facebook.com\/aconteceunovale<\/font><\/a> ou no box abaixo:<\/p>\n<div class=\"fb-like\" data-href=\"https:\/\/www.facebook.com\/aconteceunovale\" data-width=\"120\" data-layout=\"standard\" data-action=\"like\" data-size=\"small\" data-show-faces=\"true\" data-share=\"true\"><\/div>\n<p><\/br><\/p>\n<p><em>(Fonte: G1 Grande Minas)<\/em><\/p>\n","protected":false},"excerpt":{"rendered":"<p>Um motociclista de 42 anos morreu em um acidente no s\u00e1bado (31\/03\/2018), na altura do km 139 da MG-401, munic\u00edpio de Jana\u00faba, na regi\u00e3o Norte de Minas Gerais. De acordo com a Pol\u00edcia Militar (PM), Edilson Miguel Santos atingiu um caminh\u00e3o que fazia uma curva na rodovia sem a devida sinaliza\u00e7\u00e3o. A v\u00edtima seguia no [&hellip;]<\/p>\n","protected":false},"author":1,"featured_media":130145,"comment_status":"open","ping_status":"closed","sticky":false,"template":"","format":"standard","meta":{"amp_status":"","footnotes":""},"categories":[1236],"tags":[1196,171683,9852,171684,204,171685],"class_list":["post-130144","post","type-post","status-publish","format-standard","has-post-thumbnail","hentry","category-norte_de_minas","tag-acidente-com-moto-em-janauba","tag-acidente-com-motociclista-em-janauba","tag-acidente-em-janauba","tag-edilson-miguel-santos","tag-janauba","tag-motociclista-morre-em-acidente-em-janauba"],"_links":{"self":[{"href":"https:\/\/aconteceunovale.com.br\/portal\/index.php?rest_route=\/wp\/v2\/posts\/130144","targetHints":{"allow":["GET"]}}],"collection":[{"href":"https:\/\/aconteceunovale.com.br\/portal\/index.php?rest_route=\/wp\/v2\/posts"}],"about":[{"href":"https:\/\/aconteceunovale.com.br\/portal\/index.php?rest_route=\/wp\/v2\/types\/post"}],"author":[{"embeddable":true,"href":"https:\/\/aconteceunovale.com.br\/portal\/index.php?rest_route=\/wp\/v2\/users\/1"}],"replies":[{"embeddable":true,"href":"https:\/\/aconteceunovale.com.br\/portal\/index.php?rest_route=%2Fwp%2Fv2%2Fcomments&post=130144"}],"version-history":[{"count":0,"href":"https:\/\/aconteceunovale.com.br\/portal\/index.php?rest_route=\/wp\/v2\/posts\/130144\/revisions"}],"wp:featuredmedia":[{"embeddable":true,"href":"https:\/\/aconteceunovale.com.br\/portal\/index.php?rest_route=\/wp\/v2\/media\/130145"}],"wp:attachment":[{"href":"https:\/\/aconteceunovale.com.br\/portal\/index.php?rest_route=%2Fwp%2Fv2%2Fmedia&parent=130144"}],"wp:term":[{"taxonomy":"category","embeddable":true,"href":"https:\/\/aconteceunovale.com.br\/portal\/index.php?rest_route=%2Fwp%2Fv2%2Fcategories&post=130144"},{"taxonomy":"post_tag","embeddable":true,"href":"https:\/\/aconteceunovale.com.br\/portal\/index.php?rest_route=%2Fwp%2Fv2%2Ftags&post=130144"}],"curies":[{"name":"wp","href":"https:\/\/api.w.org\/{rel}","templated":true}]}}