{"id":130124,"date":"2018-03-31T16:52:25","date_gmt":"2018-03-31T18:52:25","guid":{"rendered":"http:\/\/aconteceunovale.com.br\/portal\/?p=130124"},"modified":"2018-03-31T16:52:25","modified_gmt":"2018-03-31T18:52:25","slug":"precos-dos-medicamentos-sobem-ate-284-a-partir-deste-sabado","status":"publish","type":"post","link":"https:\/\/aconteceunovale.com.br\/portal\/?p=130124","title":{"rendered":"Pre\u00e7os dos medicamentos sobem at\u00e9 2,84% a partir deste s\u00e1bado"},"content":{"rendered":"<p>Os pre\u00e7os dos rem\u00e9dios sobem at\u00e9 2,84% a partir de hoje (31\/03\/2018). A resolu\u00e7\u00e3o do Conselho de Ministros da C\u00e2mara de Regula\u00e7\u00e3o do Mercado de Medicamentos (Cmed) foi publicada na quinta-feira (29) no\u00a0<em>Di\u00e1rio Oficial da Uni\u00e3o<\/em>. O Cmed \u00e9 um \u00f3rg\u00e3o do governo integrado por representantes de v\u00e1rios minist\u00e9rios.<\/p>\n<p>De acordo com o texto, dependendo do tipo de medicamento, h\u00e1 tr\u00eas n\u00edveis de reajuste: 2,09%; 2,47% e 2,84%. A resolu\u00e7\u00e3o informa que o percentual de reajuste tem como base a infla\u00e7\u00e3o acumulada pelo \u00cdndice de Pre\u00e7os ao Consumidor Amplo (IPCA) no acumulado de 12 meses, de mar\u00e7o de 2017 a fevereiro deste ano.<\/p>\n<p><strong>VER PRIMEIRO<\/strong><\/p>\n<p>Receba as not\u00edcias do Aconteceu no Vale em primeira m\u00e3o. Clique em curtir no endere\u00e7o <a href=\"https:\/\/www.facebook.com\/aconteceunovale\" target=\"_blank\"><font color=\"red\">www.facebook.com\/aconteceunovale<\/font><\/a> ou no box abaixo:<\/p>\n<div class=\"fb-like\" data-href=\"https:\/\/www.facebook.com\/aconteceunovale\" data-width=\"120\" data-layout=\"standard\" data-action=\"like\" data-size=\"small\" data-show-faces=\"true\" data-share=\"true\"><\/div>\n<p><\/br><\/p>\n<p><em>(Fonte: Ag\u00eancia Brasil)<\/em><\/p>\n","protected":false},"excerpt":{"rendered":"<p>Os pre\u00e7os dos rem\u00e9dios sobem at\u00e9 2,84% a partir de hoje (31\/03\/2018). A resolu\u00e7\u00e3o do Conselho de Ministros da C\u00e2mara de Regula\u00e7\u00e3o do Mercado de Medicamentos (Cmed) foi publicada na quinta-feira (29) no\u00a0Di\u00e1rio Oficial da Uni\u00e3o. O Cmed \u00e9 um \u00f3rg\u00e3o do governo integrado por representantes de v\u00e1rios minist\u00e9rios. De acordo com o texto, dependendo [&hellip;]<\/p>\n","protected":false},"author":1,"featured_media":130125,"comment_status":"open","ping_status":"closed","sticky":false,"template":"","format":"standard","meta":{"amp_status":"","footnotes":""},"categories":[6],"tags":[36464,171620,171623,171616,171624,171618,171617,171621,171619,171622],"class_list":["post-130124","post","type-post","status-publish","format-standard","has-post-thumbnail","hentry","category-br","tag-aumento","tag-aumento-precos-dos-medicamentos","tag-aumento-precos-dos-remedios","tag-camara-de-regulacao-do-mercado-de-medicamentos","tag-preco-dos-medicamentos","tag-precos-dos-medicamentos","tag-precos-dos-medicamentos-sobem-ate-2-84-a-partir-deste-sabado","tag-precos-dos-remedios","tag-reajuste-precos-dos-medicamentos","tag-reajuste-precos-dos-remedios"],"_links":{"self":[{"href":"https:\/\/aconteceunovale.com.br\/portal\/index.php?rest_route=\/wp\/v2\/posts\/130124","targetHints":{"allow":["GET"]}}],"collection":[{"href":"https:\/\/aconteceunovale.com.br\/portal\/index.php?rest_route=\/wp\/v2\/posts"}],"about":[{"href":"https:\/\/aconteceunovale.com.br\/portal\/index.php?rest_route=\/wp\/v2\/types\/post"}],"author":[{"embeddable":true,"href":"https:\/\/aconteceunovale.com.br\/portal\/index.php?rest_route=\/wp\/v2\/users\/1"}],"replies":[{"embeddable":true,"href":"https:\/\/aconteceunovale.com.br\/portal\/index.php?rest_route=%2Fwp%2Fv2%2Fcomments&post=130124"}],"version-history":[{"count":0,"href":"https:\/\/aconteceunovale.com.br\/portal\/index.php?rest_route=\/wp\/v2\/posts\/130124\/revisions"}],"wp:featuredmedia":[{"embeddable":true,"href":"https:\/\/aconteceunovale.com.br\/portal\/index.php?rest_route=\/wp\/v2\/media\/130125"}],"wp:attachment":[{"href":"https:\/\/aconteceunovale.com.br\/portal\/index.php?rest_route=%2Fwp%2Fv2%2Fmedia&parent=130124"}],"wp:term":[{"taxonomy":"category","embeddable":true,"href":"https:\/\/aconteceunovale.com.br\/portal\/index.php?rest_route=%2Fwp%2Fv2%2Fcategories&post=130124"},{"taxonomy":"post_tag","embeddable":true,"href":"https:\/\/aconteceunovale.com.br\/portal\/index.php?rest_route=%2Fwp%2Fv2%2Ftags&post=130124"}],"curies":[{"name":"wp","href":"https:\/\/api.w.org\/{rel}","templated":true}]}}