{"id":130118,"date":"2018-03-31T02:22:53","date_gmt":"2018-03-31T04:22:53","guid":{"rendered":"http:\/\/aconteceunovale.com.br\/portal\/?p=130118"},"modified":"2018-03-31T02:22:53","modified_gmt":"2018-03-31T04:22:53","slug":"policiais-militares-sao-indiciados-por-lesao-corporal-grave-e-abuso-de-autoridade-contra-tenente-do-exercito-em-montes-claros","status":"publish","type":"post","link":"https:\/\/aconteceunovale.com.br\/portal\/?p=130118","title":{"rendered":"Policiais militares s\u00e3o indiciados por les\u00e3o corporal grave e abuso de autoridade contra tenente do Ex\u00e9rcito em Montes Claros"},"content":{"rendered":"<p>A Pol\u00edcia Civil indiciou quatro policiais militares por abuso de autoridade e les\u00e3o corporal grave contra um tenente do Ex\u00e9rcito Brasileiro. O caso foi em uma loja de conveni\u00eancia na Avenida Deputado Pl\u00ednio Ribeiro, no in\u00edcio de dezembro de 2017. Na \u00e9poca, os policiais registraram o boletim de ocorr\u00eancia por desobedi\u00eancia do tenente; ele foi detido e encaminhado \u00e0 delegacia. O inqu\u00e9rito foi finalizado na ter\u00e7a-feira (27\/03\/2018) e ser\u00e1 enviado ao Minist\u00e9rio P\u00fablico.<\/p>\n<p>Segundo a advogada Elaine Xavier Carpeggianni, na delegacia, o tenente assinou um Termo Circunstanciado de Ocorr\u00eancia (TCO). &#8220;Ele foi a uma audi\u00eancia para tratar sobre o TCO. O Minist\u00e9rio P\u00fablico percebeu que em vez de autor, meu cliente era a v\u00edtima daquele caso. O processo contra ele foi arquivado&#8221;.<\/p>\n<p>A advogada afirma ainda que devido \u00e0s agress\u00f5es, o tenente precisou passar por cirurgias pl\u00e1sticas para reconstruir os ossos nasais. &#8220;Hoje ele passou por nova avalia\u00e7\u00e3o e foi constatada a necessidade de nova cirurgia, pois ele ainda tem um desvio no nariz. Este procedimento deve ser realizado apenas no m\u00eas de junho&#8221;.<\/p>\n<p>Em nota, a 11\u00aa RPM informou n\u00e3o ter tomado conhecimento do procedimento instaurado e, consequentemente de indiciamento dos militares. &#8220;Ratifica-se que, a instaura\u00e7\u00e3o do procedimento investigat\u00f3rio, no \u00e2mbito da Pol\u00edcia Militar, foi realizada quando da ocorr\u00eancia dos fatos e se encontra em tr\u00e2mite&#8221;.<\/p>\n<p><img decoding=\"async\" src=\"http:\/\/aconteceunovale.com.br\/portal\/wp-content\/uploads\/2018\/03\/tenente_exercito_moc.jpg\" alt=\"\" \/><em>Tenente do Ex\u00e9rcito precisou passar por cirurgia (Foto: Divulga\u00e7\u00e3o)<\/em><br \/>\n<\/br><\/p>\n<h4>Entenda o caso<\/h4>\n<p>O tenente foi detido no dia 1\u00ba de dezembro de 2017 ap\u00f3s uma abordagem policial. Os militares afirmaram que o agente do Ex\u00e9rcito n\u00e3o se identificou e se negou a ser revistado. Eles disseram ainda que deram voz de pris\u00e3o ao tenente, mas o oficial teria se ofendido e em seguida agredido um policial.<\/p>\n<p>Levado \u00e0 delegacia, o tenente foi ouvido e liberado. A advogada do tenente afirmou que o boletim de ocorr\u00eancia feito pela Pol\u00edcia Militar foi totalmente \u201ctendencioso com o intuito de disfar\u00e7ar uma abordagem truculenta dos militares. Eles colocaram apenas a vers\u00e3o deles; nem as outras testemunhas que estavam com meu cliente foram relacionadas no boletim&#8221;.<\/p>\n<p>Naquele mesmo m\u00eas, a Pol\u00edcia Civil instaurou um inqu\u00e9rito para investigar poss\u00edveis abusos dos militares.<\/p>\n<p><strong>VER PRIMEIRO<\/strong><\/p>\n<p>Receba as not\u00edcias do Aconteceu no Vale em primeira m\u00e3o. Clique em curtir no endere\u00e7o <a href=\"https:\/\/www.facebook.com\/aconteceunovale\" target=\"_blank\"><font color=\"red\">www.facebook.com\/aconteceunovale<\/font><\/a> ou no box abaixo:<\/p>\n<div class=\"fb-like\" data-href=\"https:\/\/www.facebook.com\/aconteceunovale\" data-width=\"120\" data-layout=\"standard\" data-action=\"like\" data-size=\"small\" data-show-faces=\"true\" data-share=\"true\"><\/div>\n<p><\/br><\/p>\n<p><em>(Fonte: G1 Grande Minas)<\/em><\/p>\n","protected":false},"excerpt":{"rendered":"<p>A Pol\u00edcia Civil indiciou quatro policiais militares por abuso de autoridade e les\u00e3o corporal grave contra um tenente do Ex\u00e9rcito Brasileiro. O caso foi em uma loja de conveni\u00eancia na Avenida Deputado Pl\u00ednio Ribeiro, no in\u00edcio de dezembro de 2017. Na \u00e9poca, os policiais registraram o boletim de ocorr\u00eancia por desobedi\u00eancia do tenente; ele foi [&hellip;]<\/p>\n","protected":false},"author":1,"featured_media":130119,"comment_status":"open","ping_status":"closed","sticky":false,"template":"","format":"standard","meta":{"amp_status":"","footnotes":""},"categories":[1236],"tags":[171608,171607,80160,171606,171609],"class_list":["post-130118","post","type-post","status-publish","format-standard","has-post-thumbnail","hentry","category-norte_de_minas","tag-advogada-elaine-xavier-carpeggianni","tag-elaine-xavier-carpeggianni","tag-exercito-brasileiro","tag-lesao-contra-tenente-do-exercito-brasileiro-em-montes-claros","tag-policiais-militares-sao-indiciados-por-lesao-corporal-grave-e-abuso-de-autoridade-contra-tenente-do-exercito-em-montes-claros"],"_links":{"self":[{"href":"https:\/\/aconteceunovale.com.br\/portal\/index.php?rest_route=\/wp\/v2\/posts\/130118","targetHints":{"allow":["GET"]}}],"collection":[{"href":"https:\/\/aconteceunovale.com.br\/portal\/index.php?rest_route=\/wp\/v2\/posts"}],"about":[{"href":"https:\/\/aconteceunovale.com.br\/portal\/index.php?rest_route=\/wp\/v2\/types\/post"}],"author":[{"embeddable":true,"href":"https:\/\/aconteceunovale.com.br\/portal\/index.php?rest_route=\/wp\/v2\/users\/1"}],"replies":[{"embeddable":true,"href":"https:\/\/aconteceunovale.com.br\/portal\/index.php?rest_route=%2Fwp%2Fv2%2Fcomments&post=130118"}],"version-history":[{"count":0,"href":"https:\/\/aconteceunovale.com.br\/portal\/index.php?rest_route=\/wp\/v2\/posts\/130118\/revisions"}],"wp:featuredmedia":[{"embeddable":true,"href":"https:\/\/aconteceunovale.com.br\/portal\/index.php?rest_route=\/wp\/v2\/media\/130119"}],"wp:attachment":[{"href":"https:\/\/aconteceunovale.com.br\/portal\/index.php?rest_route=%2Fwp%2Fv2%2Fmedia&parent=130118"}],"wp:term":[{"taxonomy":"category","embeddable":true,"href":"https:\/\/aconteceunovale.com.br\/portal\/index.php?rest_route=%2Fwp%2Fv2%2Fcategories&post=130118"},{"taxonomy":"post_tag","embeddable":true,"href":"https:\/\/aconteceunovale.com.br\/portal\/index.php?rest_route=%2Fwp%2Fv2%2Ftags&post=130118"}],"curies":[{"name":"wp","href":"https:\/\/api.w.org\/{rel}","templated":true}]}}