{"id":130039,"date":"2018-03-30T21:28:39","date_gmt":"2018-03-30T23:28:39","guid":{"rendered":"http:\/\/aconteceunovale.com.br\/portal\/?p=130039"},"modified":"2018-03-30T21:28:39","modified_gmt":"2018-03-30T23:28:39","slug":"proprietario-de-areal-em-governador-valadares-armazena-lama-toxica-para-enviar-a-mineradora","status":"publish","type":"post","link":"https:\/\/aconteceunovale.com.br\/portal\/?p=130039","title":{"rendered":"Propriet\u00e1rio de areal em Governador Valadares armazena lama t\u00f3xica para enviar a mineradora"},"content":{"rendered":"<p>O propriet\u00e1rio de um areal em Governador Valadares decidiu armazenar a lama que retira diariamente do Rio Doce para enviar, em tambores, \u00e0 mineradora Vale. Segundo ele, o ato \u00e9 uma forma de protesto pela n\u00e3o retirada dos res\u00edduos de minera\u00e7\u00e3o arrastados para o curso d&#8217;\u00e1gua no rompimento da Barragem do Fund\u00e3o, da Samarco, em Mariana. O desastre ocorreu em novembro de 2015 e deixou 19 mortos. <\/p>\n<p>O areal de Edertone Jos\u00e9 da Silva fica no Bairro Santa Rita. \u201cQuando voc\u00ea extrai a areia, ela \u00e9 tirada limpa. Dentro (da empresa) fica uma caixa de decanta\u00e7\u00e3o que separa o material. Estamos pegando esse material e tirando da caixa de decanta\u00e7\u00e3o para n\u00e3o voltar mais para o rio\u201d, explica. <\/p>\n<p>Os res\u00edduos s\u00f3lidos est\u00e3o sendo colocados em tambores com capacidade para at\u00e9 200 quilos que s\u00e3o rotulados no local como \u201cres\u00edduo t\u00f3xico industrial\u201d. \u201cExiste uma resolu\u00e7\u00e3o da Organiza\u00e7\u00e3o das Na\u00e7\u00f5es Unidas (ONU) com a classifica\u00e7\u00e3o de risco para cada tipo de material. Esse tipo \u00e9 classifica\u00e7\u00e3o de risco 6.1 (subst\u00e2ncias t\u00f3xicas)\u201d, diz o areeiro. Silva come\u00e7ou a acumular os rejeitos no ano passado e segundo ele, at\u00e9 o momento, j\u00e1 encheu 60 tambores. A empresa conta com cerca de 600. <\/p>\n<p>O propriet\u00e1rio do areal planeja acionar as autoridades para saber como os res\u00edduos podem ser transportados de maneira segura. \u201cEstamos encaminhando of\u00edcios para a Supram (Superintend\u00eancia Central de Meio Ambiente e Desenvolvimento Sustent\u00e1vel) e para o Codema (Conselho Municipal de Defesa do Meio Ambiente) para ver qual caminho v\u00e3o dar para esse material. E entregar na portaria da Vale e solicitar que retornem com ele\u201d, enfatiza. \u201cO que acontece \u00e9 o seguinte: se tem que fazer a barragem, \u00e9 porque o material n\u00e3o pode ser despejado no rio. Se foi despejado e pode ficar, n\u00e3o precisa fazer barragem. Porque exigiram que fizessem uma barragem l\u00e1 atr\u00e1s?\u201d, questiona. <\/p>\n<p>O empres\u00e1rio diz se preocupar com a situa\u00e7\u00e3o do Rio Doce e o que pode acontecer no futuro, tamb\u00e9m em rela\u00e7\u00e3o \u00e0 sa\u00fade das pessoas, caso os res\u00edduos n\u00e3o sejam retirados. \u201cO que estamos fazendo \u00e9 uma coisa simb\u00f3lica. \u00c9 muito pequeno diante do que eles t\u00eam que fazer\u201d, analisa Edertone Jos\u00e9 da Silva.<\/p>\n<p><img decoding=\"async\" src=\"http:\/\/aconteceunovale.com.br\/portal\/wp-content\/uploads\/2018\/03\/tambores_areal_vale.jpg\" alt=\"\" \/><em>Dono do areal est\u00e1 armazenando rejeitos em tambores (Foto: Edertone Jos\u00e9\/Divulga\u00e7\u00e3o)<\/em><br \/>\n<\/br><\/p>\n<p><strong>VER PRIMEIRO<\/strong><\/p>\n<p>Receba as not\u00edcias do Aconteceu no Vale em primeira m\u00e3o. Clique em curtir no endere\u00e7o <a href=\"https:\/\/www.facebook.com\/aconteceunovale\" target=\"_blank\"><font color=\"red\">www.facebook.com\/aconteceunovale<\/font><\/a> ou no box abaixo:<\/p>\n<div class=\"fb-like\" data-href=\"https:\/\/www.facebook.com\/aconteceunovale\" data-width=\"120\" data-layout=\"standard\" data-action=\"like\" data-size=\"small\" data-show-faces=\"true\" data-share=\"true\"><\/div>\n<p><\/br><\/p>\n<p><em>(Fonte: Estado de Minas)<\/em><\/p>\n","protected":false},"excerpt":{"rendered":"<p>O propriet\u00e1rio de um areal em Governador Valadares decidiu armazenar a lama que retira diariamente do Rio Doce para enviar, em tambores, \u00e0 mineradora Vale. Segundo ele, o ato \u00e9 uma forma de protesto pela n\u00e3o retirada dos res\u00edduos de minera\u00e7\u00e3o arrastados para o curso d&#8217;\u00e1gua no rompimento da Barragem do Fund\u00e3o, da Samarco, em [&hellip;]<\/p>\n","protected":false},"author":1,"featured_media":130041,"comment_status":"open","ping_status":"closed","sticky":false,"template":"","format":"standard","meta":{"amp_status":"","footnotes":""},"categories":[121],"tags":[171506,171507,67903,171508,247,7363,171509,171505,67677,32642,65291,68392,2910],"class_list":["post-130039","post","type-post","status-publish","format-standard","has-post-thumbnail","hentry","category-leste","tag-areal-governador-valadares","tag-areia-rio-doce","tag-barragem-do-fundao","tag-edertone-jose-da-silva","tag-governador-valadares","tag-mariana","tag-proprietario-de-areal-em-governador-valadares-armazena-lama-toxica-para-enviar-a-mineradora","tag-protesto-areal-governador-valadares","tag-rompimento-da-barragem-do-fundao","tag-samarco","tag-tragedia-mariana","tag-tragedia-rio-doce","tag-vale"],"_links":{"self":[{"href":"https:\/\/aconteceunovale.com.br\/portal\/index.php?rest_route=\/wp\/v2\/posts\/130039","targetHints":{"allow":["GET"]}}],"collection":[{"href":"https:\/\/aconteceunovale.com.br\/portal\/index.php?rest_route=\/wp\/v2\/posts"}],"about":[{"href":"https:\/\/aconteceunovale.com.br\/portal\/index.php?rest_route=\/wp\/v2\/types\/post"}],"author":[{"embeddable":true,"href":"https:\/\/aconteceunovale.com.br\/portal\/index.php?rest_route=\/wp\/v2\/users\/1"}],"replies":[{"embeddable":true,"href":"https:\/\/aconteceunovale.com.br\/portal\/index.php?rest_route=%2Fwp%2Fv2%2Fcomments&post=130039"}],"version-history":[{"count":0,"href":"https:\/\/aconteceunovale.com.br\/portal\/index.php?rest_route=\/wp\/v2\/posts\/130039\/revisions"}],"wp:featuredmedia":[{"embeddable":true,"href":"https:\/\/aconteceunovale.com.br\/portal\/index.php?rest_route=\/wp\/v2\/media\/130041"}],"wp:attachment":[{"href":"https:\/\/aconteceunovale.com.br\/portal\/index.php?rest_route=%2Fwp%2Fv2%2Fmedia&parent=130039"}],"wp:term":[{"taxonomy":"category","embeddable":true,"href":"https:\/\/aconteceunovale.com.br\/portal\/index.php?rest_route=%2Fwp%2Fv2%2Fcategories&post=130039"},{"taxonomy":"post_tag","embeddable":true,"href":"https:\/\/aconteceunovale.com.br\/portal\/index.php?rest_route=%2Fwp%2Fv2%2Ftags&post=130039"}],"curies":[{"name":"wp","href":"https:\/\/api.w.org\/{rel}","templated":true}]}}