{"id":130025,"date":"2018-03-30T21:17:25","date_gmt":"2018-03-30T23:17:25","guid":{"rendered":"http:\/\/aconteceunovale.com.br\/portal\/?p=130025"},"modified":"2018-03-30T21:17:25","modified_gmt":"2018-03-30T23:17:25","slug":"catolicos-acompanham-encenacao-da-via-sacra-em-diamantina","status":"publish","type":"post","link":"https:\/\/aconteceunovale.com.br\/portal\/?p=130025","title":{"rendered":"Cat\u00f3licos acompanham encena\u00e7\u00e3o da via-sacra em Diamantina"},"content":{"rendered":"<p>Moradores e visitantes acompanharam nesta Sexta-Feira da Paix\u00e3o, em Diamantina, a tradicional via-sacra, com a presen\u00e7a da Guarda Romana, principal atra\u00e7\u00e3o da Semana Santa na cidade, registrada como bem imaterial.  O sofrimento, a caminhada em dire\u00e7\u00e3o ao Monte Calv\u00e1rio e a crucifica\u00e7\u00e3o de Jesus Cristo foram encenados nas ruas, ladeiras, pra\u00e7as e pontos de visita\u00e7\u00e3o da cidade hist\u00f3rica.<\/p>\n<p>A via-sacra foi realizada pela manh\u00e3. Cerca de 90 moradores participaram da encena\u00e7\u00e3o, com a representa\u00e7\u00e3o de figuras b\u00edblicas. Inicialmente, o p\u00fablico se concentrou na Pra\u00e7a do Bonfim, onde acompanhou a representa\u00e7\u00e3o do julgamento de Jesus Cristo por P\u00f4ncio Pilatos e a entrega dele aos soldados romanos para ser crucificado. Muitos visitantes aproveitaram para registrar o acontecimento em fotos e v\u00eddeos.<\/p>\n<p>Da Pra\u00e7a do Bonfim, a via-sacra seguiu pelo centro hist\u00f3rico, com as 14 esta\u00e7\u00f5es ocorrendo em pontos de visita\u00e7\u00e3o da cidade, como o Pal\u00e1cio Episcopal, a Igreja do Amparo e a Pra\u00e7a do Mercado Velho. Ao som das matracas, com muita devo\u00e7\u00e3o, os fi\u00e9is acompanharam e a encena\u00e7\u00e3o da paix\u00e3o e do sofrimento de Cristo em dire\u00e7\u00e3o ao Monte Calv\u00e1rio, como o Encontro de Jesus com Nossa Senhora, sua m\u00e3e. Tamb\u00e9m foram lembradas outras cenas, como \u201cuma mulher enxuga a face de Cristo\u201d e \u201cJesus encontra as filhas de Jerusal\u00e9m\u201d.<\/p>\n<p>A via-sacra terminou na pra\u00e7a em frente \u00e0 Catedral de Santo Antonio, onde foi encenada a crucifica\u00e7\u00e3o e morte de Jesus Cristo.<\/p>\n<p>Na tarde desta sexta-feira, a Catedral de Santo Antonio voltou a ficar lotada para a celebra\u00e7\u00e3o do \u201cBeijo de Jesus na Cruz\u201d. O ritual foi coordenado pelo padre Tadeu do Ros\u00e1rio, vig\u00e1rio-geral de Diamantina. Outra atra\u00e7\u00e3o da programa\u00e7\u00e3o da Semana Santa na cidade hist\u00f3rica \u00e9 o Serm\u00e3o do Descendimento de Jesus da Cruz, marcado para \u00e1s 20 horas, a ser presidido pelo arcebispo dom Darci Jos\u00e9 Nicioli.<\/p>\n<p><img decoding=\"async\" src=\"http:\/\/aconteceunovale.com.br\/portal\/wp-content\/uploads\/2018\/03\/via_sacra_dtna_1.jpg\" alt=\"\" \/><em>Foto: Regiane Sampaio\/Divulga\u00e7\u00e3o Viva Diamantina<\/em><br \/>\n<\/br><\/p>\n<p><img decoding=\"async\" src=\"http:\/\/aconteceunovale.com.br\/portal\/wp-content\/uploads\/2018\/03\/via_sacra_dtna_2.jpg\" alt=\"\" \/><em>Foto: Regiane Sampaio\/Divulga\u00e7\u00e3o Viva Diamantina<\/em><br \/>\n<\/br><\/p>\n<p><img decoding=\"async\" src=\"http:\/\/aconteceunovale.com.br\/portal\/wp-content\/uploads\/2018\/03\/via_sacra_dtna_3.jpg\" alt=\"\" \/><em>Foto: Regiane Sampaio\/Divulga\u00e7\u00e3o Viva Diamantina<\/em><br \/>\n<\/br><\/p>\n<p><img decoding=\"async\" src=\"http:\/\/aconteceunovale.com.br\/portal\/wp-content\/uploads\/2018\/03\/via_sacra_dtna_4.jpg\" alt=\"\" \/><em>Foto: Regiane Sampaio\/Divulga\u00e7\u00e3o Viva Diamantina<\/em><br \/>\n<\/br><\/p>\n<p><img decoding=\"async\" src=\"http:\/\/aconteceunovale.com.br\/portal\/wp-content\/uploads\/2018\/03\/via_sacra_dtna_5.jpg\" alt=\"\" \/><em>Foto: Regiane Sampaio\/Divulga\u00e7\u00e3o Viva Diamantina<\/em><br \/>\n<\/br><\/p>\n<p><img decoding=\"async\" src=\"http:\/\/aconteceunovale.com.br\/portal\/wp-content\/uploads\/2018\/03\/via_sacra_dtna_6.jpg\" alt=\"\" \/><em>Foto: Regiane Sampaio\/Divulga\u00e7\u00e3o Viva Diamantina<\/em><br \/>\n<\/br><\/p>\n<p><img decoding=\"async\" src=\"http:\/\/aconteceunovale.com.br\/portal\/wp-content\/uploads\/2018\/03\/via_sacra_dtna_7.jpg\" alt=\"\" \/><em>Foto: Regiane Sampaio\/Divulga\u00e7\u00e3o Viva Diamantina<\/em><br \/>\n<\/br><\/p>\n<p><img decoding=\"async\" src=\"http:\/\/aconteceunovale.com.br\/portal\/wp-content\/uploads\/2018\/03\/via_sacra_dtna_8.jpg\" alt=\"\" \/><em>Foto: Regiane Sampaio\/Divulga\u00e7\u00e3o Viva Diamantina<\/em><br \/>\n<\/br><\/p>\n<p><img decoding=\"async\" src=\"http:\/\/aconteceunovale.com.br\/portal\/wp-content\/uploads\/2018\/03\/via_sacra_dtna_9.jpg\" alt=\"\" \/><em>Foto: Regiane Sampaio\/Divulga\u00e7\u00e3o Viva Diamantina<\/em><br \/>\n<\/br><\/p>\n<p><img decoding=\"async\" src=\"http:\/\/aconteceunovale.com.br\/portal\/wp-content\/uploads\/2018\/03\/via_sacra_dtna_10.jpg\" alt=\"\" \/><em>Foto: Regiane Sampaio\/Divulga\u00e7\u00e3o Viva Diamantina<\/em><br \/>\n<\/br><\/p>\n<p><img decoding=\"async\" src=\"http:\/\/aconteceunovale.com.br\/portal\/wp-content\/uploads\/2018\/03\/via_sacra_dtna_11.jpg\" alt=\"\" \/><em>Foto: Regiane Sampaio\/Divulga\u00e7\u00e3o Viva Diamantina<\/em><br \/>\n<\/br><\/p>\n<p><img decoding=\"async\" src=\"http:\/\/aconteceunovale.com.br\/portal\/wp-content\/uploads\/2018\/03\/via_sacra_dtna_12.jpg\" alt=\"\" \/><em>Foto: Regiane Sampaio\/Divulga\u00e7\u00e3o Viva Diamantina<\/em><br \/>\n<\/br><\/p>\n<p><strong>VER PRIMEIRO<\/strong><\/p>\n<p>Receba as not\u00edcias do Aconteceu no Vale em primeira m\u00e3o. Clique em curtir no endere\u00e7o <a href=\"https:\/\/www.facebook.com\/aconteceunovale\" target=\"_blank\"><font color=\"red\">www.facebook.com\/aconteceunovale<\/font><\/a> ou no box abaixo:<\/p>\n<div class=\"fb-like\" data-href=\"https:\/\/www.facebook.com\/aconteceunovale\" data-width=\"120\" data-layout=\"standard\" data-action=\"like\" data-size=\"small\" data-show-faces=\"true\" data-share=\"true\"><\/div>\n<p><\/br><\/p>\n<p><em>(Fonte: Estado de Minas)<\/em><\/p>\n","protected":false},"excerpt":{"rendered":"<p>Moradores e visitantes acompanharam nesta Sexta-Feira da Paix\u00e3o, em Diamantina, a tradicional via-sacra, com a presen\u00e7a da Guarda Romana, principal atra\u00e7\u00e3o da Semana Santa na cidade, registrada como bem imaterial. O sofrimento, a caminhada em dire\u00e7\u00e3o ao Monte Calv\u00e1rio e a crucifica\u00e7\u00e3o de Jesus Cristo foram encenados nas ruas, ladeiras, pra\u00e7as e pontos de visita\u00e7\u00e3o [&hellip;]<\/p>\n","protected":false},"author":1,"featured_media":130036,"comment_status":"open","ping_status":"closed","sticky":false,"template":"","format":"standard","meta":{"amp_status":"","footnotes":""},"categories":[125,120],"tags":[171504,198,40432,37754,171501,171503,171502],"class_list":["post-130025","post","type-post","status-publish","format-standard","has-post-thumbnail","hentry","category-noticias","category-jequi","tag-catolicos-acompanham-encenacao-da-via-sacra-em-diamantina","tag-diamantina","tag-encenacao-da-via-sacra-em-diamantina","tag-semana-santa-em-diamantina","tag-sexta-feira-da-paixao-em-diamantina","tag-tradicional-via-sacra-de-diamantina","tag-via-sacra-diamantina"],"_links":{"self":[{"href":"https:\/\/aconteceunovale.com.br\/portal\/index.php?rest_route=\/wp\/v2\/posts\/130025","targetHints":{"allow":["GET"]}}],"collection":[{"href":"https:\/\/aconteceunovale.com.br\/portal\/index.php?rest_route=\/wp\/v2\/posts"}],"about":[{"href":"https:\/\/aconteceunovale.com.br\/portal\/index.php?rest_route=\/wp\/v2\/types\/post"}],"author":[{"embeddable":true,"href":"https:\/\/aconteceunovale.com.br\/portal\/index.php?rest_route=\/wp\/v2\/users\/1"}],"replies":[{"embeddable":true,"href":"https:\/\/aconteceunovale.com.br\/portal\/index.php?rest_route=%2Fwp%2Fv2%2Fcomments&post=130025"}],"version-history":[{"count":0,"href":"https:\/\/aconteceunovale.com.br\/portal\/index.php?rest_route=\/wp\/v2\/posts\/130025\/revisions"}],"wp:featuredmedia":[{"embeddable":true,"href":"https:\/\/aconteceunovale.com.br\/portal\/index.php?rest_route=\/wp\/v2\/media\/130036"}],"wp:attachment":[{"href":"https:\/\/aconteceunovale.com.br\/portal\/index.php?rest_route=%2Fwp%2Fv2%2Fmedia&parent=130025"}],"wp:term":[{"taxonomy":"category","embeddable":true,"href":"https:\/\/aconteceunovale.com.br\/portal\/index.php?rest_route=%2Fwp%2Fv2%2Fcategories&post=130025"},{"taxonomy":"post_tag","embeddable":true,"href":"https:\/\/aconteceunovale.com.br\/portal\/index.php?rest_route=%2Fwp%2Fv2%2Ftags&post=130025"}],"curies":[{"name":"wp","href":"https:\/\/api.w.org\/{rel}","templated":true}]}}