{"id":130021,"date":"2018-03-30T21:00:30","date_gmt":"2018-03-30T23:00:30","guid":{"rendered":"http:\/\/aconteceunovale.com.br\/portal\/?p=130021"},"modified":"2018-03-30T21:00:30","modified_gmt":"2018-03-30T23:00:30","slug":"motorista-fica-ferido-em-acidente-em-montes-claros","status":"publish","type":"post","link":"https:\/\/aconteceunovale.com.br\/portal\/?p=130021","title":{"rendered":"Motorista fica ferido em acidente em Montes Claros"},"content":{"rendered":"<p>O motorista de uma picape ficou ferido depois de bater em um pr\u00e9dio, na madrugada desta sexta-feira (30\/03\/2018), em Montes Claros (MG). De acordo com o Corpo de Bombeiros, o acidente foi registrado por volta das 1h30. O condutor da Saveiro afirmou que trafegava pela Avenida Ant\u00f4nio Lafet\u00e1 Rebelo, na altura do Bairro Carmelo, quando perdeu o controle direcional. <\/p>\n<p>A picape saiu da via e atingiu um pr\u00e9dio. O condutor, identificado pelas iniciais E.M.R.S, de 36 anos, ficou preso dentro do ve\u00edculo. Os militares do Corpo de Bombeiros fizeram a retirada da v\u00edtima e a deixaram aos cuidados dos socorristas do Servi\u00e7o de Atendimento M\u00f3vel de Urg\u00eancia (Samu). <\/p>\n<p>A v\u00edtima, que estava confusa e com suspeita de traumatismo craniano leve, foi levada para um hospital da cidade. A Pol\u00edcia Militar (PM) tamb\u00e9m foi ao local para registro da ocorr\u00eancia.<\/p>\n<p><img decoding=\"async\" src=\"http:\/\/aconteceunovale.com.br\/portal\/wp-content\/uploads\/2018\/03\/acidente_moc_saveiro_1.jpg\" alt=\"\" \/><em>A v\u00edtima ficou presa dentro do ve\u00edculo (Foto: Corpo de Bombeiros\/Divulga\u00e7\u00e3o)<\/em><br \/>\n<\/br><\/p>\n<p><img decoding=\"async\" src=\"http:\/\/aconteceunovale.com.br\/portal\/wp-content\/uploads\/2018\/03\/acidente_moc_saveiro_2.jpg\" alt=\"\" \/><em>Carro atingiu o muro de um pr\u00e9dio (Foto: Corpo de Bombeiros\/Divulga\u00e7\u00e3o)<\/em><br \/>\n<\/br><\/p>\n<p><strong>VER PRIMEIRO<\/strong><\/p>\n<p>Receba as not\u00edcias do Aconteceu no Vale em primeira m\u00e3o. Clique em curtir no endere\u00e7o <a href=\"https:\/\/www.facebook.com\/aconteceunovale\" target=\"_blank\"><font color=\"red\">www.facebook.com\/aconteceunovale<\/font><\/a> ou no box abaixo:<\/p>\n<div class=\"fb-like\" data-href=\"https:\/\/www.facebook.com\/aconteceunovale\" data-width=\"120\" data-layout=\"standard\" data-action=\"like\" data-size=\"small\" data-show-faces=\"true\" data-share=\"true\"><\/div>\n<p><\/br><\/p>\n<p><em>(Fonte: Estado de Minas)<\/em><\/p>\n","protected":false},"excerpt":{"rendered":"<p>O motorista de uma picape ficou ferido depois de bater em um pr\u00e9dio, na madrugada desta sexta-feira (30\/03\/2018), em Montes Claros (MG). De acordo com o Corpo de Bombeiros, o acidente foi registrado por volta das 1h30. O condutor da Saveiro afirmou que trafegava pela Avenida Ant\u00f4nio Lafet\u00e1 Rebelo, na altura do Bairro Carmelo, quando [&hellip;]<\/p>\n","protected":false},"author":1,"featured_media":130022,"comment_status":"open","ping_status":"closed","sticky":false,"template":"","format":"standard","meta":{"amp_status":"","footnotes":""},"categories":[1236],"tags":[171499,171498,16673,210,171500],"class_list":["post-130021","post","type-post","status-publish","format-standard","has-post-thumbnail","hentry","category-norte_de_minas","tag-acidente-com-picape-em-montes-claros","tag-acidente-com-saveiro-em-montes-claros","tag-acidente-em-montes-claros","tag-montes-claros","tag-motorista-fica-ferido-em-acidente-em-montes-claros"],"_links":{"self":[{"href":"https:\/\/aconteceunovale.com.br\/portal\/index.php?rest_route=\/wp\/v2\/posts\/130021","targetHints":{"allow":["GET"]}}],"collection":[{"href":"https:\/\/aconteceunovale.com.br\/portal\/index.php?rest_route=\/wp\/v2\/posts"}],"about":[{"href":"https:\/\/aconteceunovale.com.br\/portal\/index.php?rest_route=\/wp\/v2\/types\/post"}],"author":[{"embeddable":true,"href":"https:\/\/aconteceunovale.com.br\/portal\/index.php?rest_route=\/wp\/v2\/users\/1"}],"replies":[{"embeddable":true,"href":"https:\/\/aconteceunovale.com.br\/portal\/index.php?rest_route=%2Fwp%2Fv2%2Fcomments&post=130021"}],"version-history":[{"count":0,"href":"https:\/\/aconteceunovale.com.br\/portal\/index.php?rest_route=\/wp\/v2\/posts\/130021\/revisions"}],"wp:featuredmedia":[{"embeddable":true,"href":"https:\/\/aconteceunovale.com.br\/portal\/index.php?rest_route=\/wp\/v2\/media\/130022"}],"wp:attachment":[{"href":"https:\/\/aconteceunovale.com.br\/portal\/index.php?rest_route=%2Fwp%2Fv2%2Fmedia&parent=130021"}],"wp:term":[{"taxonomy":"category","embeddable":true,"href":"https:\/\/aconteceunovale.com.br\/portal\/index.php?rest_route=%2Fwp%2Fv2%2Fcategories&post=130021"},{"taxonomy":"post_tag","embeddable":true,"href":"https:\/\/aconteceunovale.com.br\/portal\/index.php?rest_route=%2Fwp%2Fv2%2Ftags&post=130021"}],"curies":[{"name":"wp","href":"https:\/\/api.w.org\/{rel}","templated":true}]}}