{"id":130011,"date":"2018-03-30T19:49:04","date_gmt":"2018-03-30T21:49:04","guid":{"rendered":"http:\/\/aconteceunovale.com.br\/portal\/?p=130011"},"modified":"2018-03-30T19:53:48","modified_gmt":"2018-03-30T21:53:48","slug":"projeto-de-leitura-mobiliza-escola-de-capelinha","status":"publish","type":"post","link":"https:\/\/aconteceunovale.com.br\/portal\/?p=130011","title":{"rendered":"Projeto de leitura mobiliza escola de Capelinha"},"content":{"rendered":"<p>Os alunos do Ensino Fundamental da Escola Estadual Dr. Juscelino Barbosa, em Capelinha, passaram a enxergar a import\u00e2ncia da leitura de maneira diferente. Em 2017, eles participaram do projeto \u201cCrian\u00e7a que l\u00ea\u201d, voltado para os alunos dos anos iniciais, e \u201cJovem que l\u00ea o mundo\u201d, dedicado aos alunos dos anos finais do Ensino Fundamental.<\/p>\n<p>\u201cO projeto foi desenvolvido de forma volunt\u00e1ria na escola pela psicopedagoga Marli Andrade. Ela desenvolve essa iniciativa em escolas de todo o pa\u00eds. O primeiro passo da iniciativa foi tra\u00e7ar a meta de trabalho, j\u00e1 que ela viaja muito. Montamos um cronograma de atendimento dos alunos. Ela capacitou os professores e tamb\u00e9m se reuniu com os pais\u201d, afirma a supervisora da escola, Sandra de Lourdes Gomes Tavares.<\/p>\n<p>O projeto trabalha com toda comunidade o papel da leitura na vida do estudante. \u201cPrimeiro ela capacitou os professores e falou sobre como seria o trabalho realizado na escola e depois envolveu os pais. Ela mostrou que os alunos n\u00e3o v\u00e3o adquirir o h\u00e1bito da leitura se n\u00e3o for formado o todo. Falou da import\u00e2ncia dos pais estarem engajados e envolvidos\u201d, completa Sandra.<\/p>\n<p>Durante a realiza\u00e7\u00e3o do projeto, os estudantes participaram de oficinas, em que assistiram conta\u00e7\u00e3o de hist\u00f3rias e aprendiam sobre valores. A aluna do 4\u00ba ano do Ensino Fundamental Mariana Ara\u00fajo Ramos conta o que aprendeu nas aulas. \u201cAprendi que a gente deve falar as palavrinhas m\u00e1gicas um com o outro. \u00c9 importante falar obrigada e por favor\u201d.<\/p>\n<p>O aluno do 4\u00ba ano do Ensino Fundamental Matheus Henrique Ferreira Gomes ressalta que come\u00e7ou a ler mais depois do projeto. \u201cAs aulas eram uma brincadeira e a gente aprendia muita coisa. Ela pegava os bonequinhos e contava hist\u00f3ria. Falaram que a leitura ajuda os neur\u00f4nios a raciocinarem melhor. Agora eu leio muito mais e passei a desenhar e colorir tamb\u00e9m. Em casa leio com meu pai e minha m\u00e3e\u201d.<\/p>\n<p>O projeto tamb\u00e9m ajudou Jo\u00e3o Pedro Pereira Lopes, aluno do 8\u00ba ano do Ensino Fundamental, a realizar um sonho. \u201cEu estava escrevendo um livro e o projeto me incentivou a terminar. Meu livro \u00e9 uma hist\u00f3ria que fala de jovens que tinham uma esfera de energia m\u00edstica. Ele mistura fic\u00e7\u00e3o e fantasia\u201d.<\/p>\n<p>A partir do projeto foram produzidos dois livros: \u201cAs aventuras de Lili e Tedy na Escola Estadual Dr. Juscelino Barbosa\u201d e \u201cO mundo sob o olhar do jovem que l\u00ea \u2013 Escola Estadual Dr. Juscelino Barbosa\u201d. O lan\u00e7amento dos livros contou com apresenta\u00e7\u00f5es art\u00edsticas dos estudantes.<\/p>\n<p><img decoding=\"async\" src=\"http:\/\/aconteceunovale.com.br\/portal\/wp-content\/uploads\/2018\/03\/projeto_escola_juscelino_1.jpg\" alt=\"\" \/><em>Alunos do Ensino Fundamental da Escola Estadual Dr. Juscelino Barbosa, em Capelinha, participam de projeto de leitura (Foto: Divulga\u00e7\u00e3o)<\/em><br \/>\n<\/br><\/p>\n<p><img decoding=\"async\" src=\"http:\/\/aconteceunovale.com.br\/portal\/wp-content\/uploads\/2018\/03\/projeto_escola_juscelino_2.jpg\" alt=\"\" \/><em>O projeto \u201cJovem que l\u00ea o mundo\u201d \u00e9 dedicado aos alunos do Ensino Fundamental (Foto: Divulga\u00e7\u00e3o)<\/em><br \/>\n<\/br><\/p>\n<p><img decoding=\"async\" src=\"http:\/\/aconteceunovale.com.br\/portal\/wp-content\/uploads\/2018\/03\/projeto_escola_juscelino_3.jpg\" alt=\"\" \/><em>O projeto \u201cCrian\u00e7a que l\u00ea\u201d \u00e9 voltado para os alunos dos anos iniciais (Foto: Divulga\u00e7\u00e3o)<\/em><br \/>\n<\/br><\/p>\n<p><strong>VER PRIMEIRO<\/strong><\/p>\n<p>Receba as not\u00edcias do Aconteceu no Vale em primeira m\u00e3o. Clique em curtir no endere\u00e7o <a href=\"https:\/\/www.facebook.com\/aconteceunovale\" target=\"_blank\"><font color=\"red\">www.facebook.com\/aconteceunovale<\/font><\/a> ou no box abaixo:<\/p>\n<div class=\"fb-like\" data-href=\"https:\/\/www.facebook.com\/aconteceunovale\" data-width=\"120\" data-layout=\"standard\" data-action=\"like\" data-size=\"small\" data-show-faces=\"true\" data-share=\"true\"><\/div>\n<p><\/br><\/p>\n<p><em>(Fonte: SEE-MG)<\/em><\/p>\n","protected":false},"excerpt":{"rendered":"<p>Os alunos do Ensino Fundamental da Escola Estadual Dr. Juscelino Barbosa, em Capelinha, passaram a enxergar a import\u00e2ncia da leitura de maneira diferente. Em 2017, eles participaram do projeto \u201cCrian\u00e7a que l\u00ea\u201d, voltado para os alunos dos anos iniciais, e \u201cJovem que l\u00ea o mundo\u201d, dedicado aos alunos dos anos finais do Ensino Fundamental. \u201cO [&hellip;]<\/p>\n","protected":false},"author":1,"featured_media":130014,"comment_status":"open","ping_status":"closed","sticky":false,"template":"","format":"standard","meta":{"amp_status":"","footnotes":""},"categories":[40238,120],"tags":[171491,132,171481,1790,171482,171483,634,171490,171492,171485,171484,171493,171486,76728,171487,171488,171489],"class_list":["post-130011","post","type-post","status-publish","format-standard","has-post-thumbnail","hentry","category-educacao-2","category-jequi","tag-as-aventuras-de-lili-e-tedy-na-escola-estadual-dr-juscelino-barbosa","tag-capelinha","tag-escola-dr-juscelino-barbosa","tag-escola-estadual-dr-juscelino-barbosa","tag-importancia-da-leitura-de-maneira","tag-importancia-da-leitura-de-maneira-na-escola-dr-juscelino-barbosa","tag-marli-andrade","tag-matheus-henrique-ferreira-gomes","tag-o-mundo-sob-o-olhar-do-jovem-que-le-escola-estadual-dr-juscelino-barbosa","tag-projeto-crianca-que-le","tag-projeto-de-leitura-escola-dr-juscelino-barbosa","tag-projeto-de-leitura-mobiliza-escola-de-capelinha","tag-projeto-jovem-que-le-o-mundo","tag-projeto-marli-andrade","tag-psicopedagoga","tag-psicopedagoga-marli-andrade","tag-sandra-de-lourdes-gomes-tavares"],"_links":{"self":[{"href":"https:\/\/aconteceunovale.com.br\/portal\/index.php?rest_route=\/wp\/v2\/posts\/130011","targetHints":{"allow":["GET"]}}],"collection":[{"href":"https:\/\/aconteceunovale.com.br\/portal\/index.php?rest_route=\/wp\/v2\/posts"}],"about":[{"href":"https:\/\/aconteceunovale.com.br\/portal\/index.php?rest_route=\/wp\/v2\/types\/post"}],"author":[{"embeddable":true,"href":"https:\/\/aconteceunovale.com.br\/portal\/index.php?rest_route=\/wp\/v2\/users\/1"}],"replies":[{"embeddable":true,"href":"https:\/\/aconteceunovale.com.br\/portal\/index.php?rest_route=%2Fwp%2Fv2%2Fcomments&post=130011"}],"version-history":[{"count":0,"href":"https:\/\/aconteceunovale.com.br\/portal\/index.php?rest_route=\/wp\/v2\/posts\/130011\/revisions"}],"wp:featuredmedia":[{"embeddable":true,"href":"https:\/\/aconteceunovale.com.br\/portal\/index.php?rest_route=\/wp\/v2\/media\/130014"}],"wp:attachment":[{"href":"https:\/\/aconteceunovale.com.br\/portal\/index.php?rest_route=%2Fwp%2Fv2%2Fmedia&parent=130011"}],"wp:term":[{"taxonomy":"category","embeddable":true,"href":"https:\/\/aconteceunovale.com.br\/portal\/index.php?rest_route=%2Fwp%2Fv2%2Fcategories&post=130011"},{"taxonomy":"post_tag","embeddable":true,"href":"https:\/\/aconteceunovale.com.br\/portal\/index.php?rest_route=%2Fwp%2Fv2%2Ftags&post=130011"}],"curies":[{"name":"wp","href":"https:\/\/api.w.org\/{rel}","templated":true}]}}