{"id":129999,"date":"2018-03-30T00:23:15","date_gmt":"2018-03-30T02:23:15","guid":{"rendered":"http:\/\/aconteceunovale.com.br\/portal\/?p=129999"},"modified":"2018-03-30T00:23:15","modified_gmt":"2018-03-30T02:23:15","slug":"colisao-entre-caminhoes-deixa-tres-pessoas-feridas-no-norte-de-minas","status":"publish","type":"post","link":"https:\/\/aconteceunovale.com.br\/portal\/?p=129999","title":{"rendered":"Colis\u00e3o entre caminh\u00f5es deixa tr\u00eas pessoas feridas no Norte de Minas"},"content":{"rendered":"<p>Tr\u00eas homens ficaram feridos em um acidente nesta quinta-feira (29\/03\/2018) na rodovia MG-122, pr\u00f3ximo a Capit\u00e3o En\u00e9as, no Norte de Minas Gerais. As primeiras informa\u00e7\u00f5es da Pol\u00edcia Militar davam conta de um ferido, por\u00e9m o Corpo de Bombeiros confirmou as outras v\u00edtimas. O acidente envolveu dois caminh\u00f5es no km 223 e as causas ainda n\u00e3o foram divulgadas.<\/p>\n<p>O Samu socorreu uma v\u00edtima e a encaminhou ao hospital de Capit\u00e3o En\u00e9as com escoria\u00e7\u00f5es e um ferimento no rosto. As outras duas pessoas feridas foram resgatadas pelo Corpo de Bombeiros.<\/p>\n<p>O acidente provocou derramamento de \u00f3leo na pista. Os bombeiros precisaram jogar serragem de madeira no local para evitar novos acidentes.<\/p>\n<p><img decoding=\"async\" src=\"http:\/\/aconteceunovale.com.br\/portal\/wp-content\/uploads\/2018\/03\/acidente_caminhoes_1.jpg\" alt=\"\" \/><em>Ve\u00edculos bateram de frente no km 223 (Foto: Corpo de Bombeiros\/Divulga\u00e7\u00e3o)<\/em><br \/>\n<\/br><\/p>\n<p><strong>VER PRIMEIRO<\/strong><\/p>\n<p>Receba as not\u00edcias do Aconteceu no Vale em primeira m\u00e3o. Clique em curtir no endere\u00e7o <a href=\"https:\/\/www.facebook.com\/aconteceunovale\" target=\"_blank\"><font color=\"red\">www.facebook.com\/aconteceunovale<\/font><\/a> ou no box abaixo:<\/p>\n<div class=\"fb-like\" data-href=\"https:\/\/www.facebook.com\/aconteceunovale\" data-width=\"120\" data-layout=\"standard\" data-action=\"like\" data-size=\"small\" data-show-faces=\"true\" data-share=\"true\"><\/div>\n<p><\/br><\/p>\n<p><em>(Fonte: G1 Grande Minas)<\/em><\/p>\n","protected":false},"excerpt":{"rendered":"<p>Tr\u00eas homens ficaram feridos em um acidente nesta quinta-feira (29\/03\/2018) na rodovia MG-122, pr\u00f3ximo a Capit\u00e3o En\u00e9as, no Norte de Minas Gerais. As primeiras informa\u00e7\u00f5es da Pol\u00edcia Militar davam conta de um ferido, por\u00e9m o Corpo de Bombeiros confirmou as outras v\u00edtimas. O acidente envolveu dois caminh\u00f5es no km 223 e as causas ainda n\u00e3o [&hellip;]<\/p>\n","protected":false},"author":1,"featured_media":130000,"comment_status":"open","ping_status":"closed","sticky":false,"template":"","format":"standard","meta":{"amp_status":"","footnotes":""},"categories":[1236],"tags":[171475,171478,38509,171477,171479,60512,171476],"class_list":["post-129999","post","type-post","status-publish","format-standard","has-post-thumbnail","hentry","category-norte_de_minas","tag-acidente-com-caminhoes-na-mg-122","tag-acidente-com-caminhoes-na-mg-122-em-capitao-eneas","tag-acidente-na-mg-122","tag-acidente-na-mg-122-em-capitao-eneas","tag-colisao-entre-caminhoes-deixa-tres-pessoas-feridas-no-norte-de-minas","tag-mg-122","tag-mg-122-em-capitao-eneas"],"_links":{"self":[{"href":"https:\/\/aconteceunovale.com.br\/portal\/index.php?rest_route=\/wp\/v2\/posts\/129999","targetHints":{"allow":["GET"]}}],"collection":[{"href":"https:\/\/aconteceunovale.com.br\/portal\/index.php?rest_route=\/wp\/v2\/posts"}],"about":[{"href":"https:\/\/aconteceunovale.com.br\/portal\/index.php?rest_route=\/wp\/v2\/types\/post"}],"author":[{"embeddable":true,"href":"https:\/\/aconteceunovale.com.br\/portal\/index.php?rest_route=\/wp\/v2\/users\/1"}],"replies":[{"embeddable":true,"href":"https:\/\/aconteceunovale.com.br\/portal\/index.php?rest_route=%2Fwp%2Fv2%2Fcomments&post=129999"}],"version-history":[{"count":0,"href":"https:\/\/aconteceunovale.com.br\/portal\/index.php?rest_route=\/wp\/v2\/posts\/129999\/revisions"}],"wp:featuredmedia":[{"embeddable":true,"href":"https:\/\/aconteceunovale.com.br\/portal\/index.php?rest_route=\/wp\/v2\/media\/130000"}],"wp:attachment":[{"href":"https:\/\/aconteceunovale.com.br\/portal\/index.php?rest_route=%2Fwp%2Fv2%2Fmedia&parent=129999"}],"wp:term":[{"taxonomy":"category","embeddable":true,"href":"https:\/\/aconteceunovale.com.br\/portal\/index.php?rest_route=%2Fwp%2Fv2%2Fcategories&post=129999"},{"taxonomy":"post_tag","embeddable":true,"href":"https:\/\/aconteceunovale.com.br\/portal\/index.php?rest_route=%2Fwp%2Fv2%2Ftags&post=129999"}],"curies":[{"name":"wp","href":"https:\/\/api.w.org\/{rel}","templated":true}]}}