{"id":129939,"date":"2018-03-28T21:13:15","date_gmt":"2018-03-28T23:13:15","guid":{"rendered":"http:\/\/aconteceunovale.com.br\/portal\/?p=129939"},"modified":"2018-03-28T21:13:15","modified_gmt":"2018-03-28T23:13:15","slug":"maior-forno-do-mundo-para-producao-de-carvao-vegetal-e-inaugurado-pela-aperam-bioenergia-em-turmalina","status":"publish","type":"post","link":"https:\/\/aconteceunovale.com.br\/portal\/?p=129939","title":{"rendered":"Maior forno do mundo para produ\u00e7\u00e3o de carv\u00e3o vegetal \u00e9 inaugurado pela Aperam BioEnergia em Turmalina"},"content":{"rendered":"<p>Dois novos equipamentos, localizados na Unidade de Produ\u00e7\u00e3o Palmeiras (UPE), em Turmalina (MG), foram inaugurados pela Aperam BioEnergia na manh\u00e3 de ter\u00e7a-feira (27\/03). O FAP 2000, maior forno do mundo para a produ\u00e7\u00e3o do carv\u00e3o; e o novo queimador de gases, capaz de reduzir a emiss\u00e3o de fuma\u00e7a na atmosfera, colocam a Empresa e a regi\u00e3o do Jequitinhonha em uma posi\u00e7\u00e3o de destaque por utilizar tecnologias inovadoras, sofisticadas e sustent\u00e1veis. O evento de inaugura\u00e7\u00e3o reuniu lideran\u00e7as da Empresa, autoridades e imprensa regional, al\u00e9m de representantes do setor p\u00fablico e privado.<\/p>\n<p>O grupo presente conheceu detalhes sobre o funcionamento do novo forno e novo queimador de gases, a partir de visitas ao local e das apresenta\u00e7\u00f5es realizadas pelo presidente da Aperam BioEnergia, Frederico Ayres Lima; e do diretor de Opera\u00e7\u00f5es da Empresa, Edimar de Melo Cardoso. Houve corte da fita inaugural do queimador de gases e igni\u00e7\u00e3o do FAP 2000, marcando o in\u00edcio das atividades do novo forno.<\/p>\n<p>Fazendo parte da linha de produ\u00e7\u00e3o da UPE Palmeiras, o FAP 2000 e o novo queimador de gases est\u00e3o integrados ao sistema automatizado de gest\u00e3o da unidade produtiva. O aparato tecnol\u00f3gico, aliado ao empenho e atua\u00e7\u00e3o dos profissionais que atuam no local, traz como resultado um produto final de maior qualidade, com ganhos em padroniza\u00e7\u00e3o e custo do carv\u00e3o vegetal. \u201cUsamos conhecimento de ponta e nossa produ\u00e7\u00e3o \u00e9 resultado de um misto de inova\u00e7\u00e3o, sustentabilidade e excel\u00eancia\u201d, afirma Frederico Ayres Lima.<\/p>\n<p><img decoding=\"async\" src=\"http:\/\/aconteceunovale.com.br\/portal\/wp-content\/uploads\/2018\/03\/fap_2000_aperam_1.jpg\" alt=\"\" \/><br \/>\n<\/br><\/p>\n<p><strong>Parceria<\/strong><\/p>\n<p>Para construir os novos equipamentos, que n\u00e3o possuem similar no mundo, a Aperam BioEnergia buscou inovar no material empregado, no m\u00e9todo construtivo, no desenvolvimento da tecnologia e no design. Al\u00e9m disso, priorizou a valoriza\u00e7\u00e3o do desenvolvimento regional ao contratar empresas do Vale do Jequitinhonha. Para o s\u00f3cio propriet\u00e1rio da Veredinha Transportes e Constru\u00e7\u00e3o Civil, A\u00edlton Lopes Pereira, isso foi um dos pontos de destaque.<\/p>\n<p>\u201cA Aperam BioEnergia, mais uma vez, deu for\u00e7a aos empreendedores da regi\u00e3o, oferecendo a oportunidade de prestar nossos servi\u00e7os na constru\u00e7\u00e3o do queimador de gases. Para nossa empresa, foi uma honra fazer parte de um projeto que trar\u00e1 grandes benef\u00edcios, n\u00e3o s\u00f3 para a pr\u00f3pria Aperam BioEnergia, mas tamb\u00e9m para o meio ambiente e melhoria da qualidade de vida da popula\u00e7\u00e3o e dos empregados\u201d, avalia Ailton, ressaltando que a Empresa deu total condi\u00e7\u00e3o para os prestadores de servi\u00e7o atuarem com seguran\u00e7a e sem registro de incidentes.<\/p>\n<p>O coordenador do N\u00facleo Regional de Regulariza\u00e7\u00e3o Ambiental de Capelinha do Instituto Estadual de Florestas (IEF), H\u00e9lio de Campos Valadares, que tamb\u00e9m esteve presente na inaugura\u00e7\u00e3o, elogia o evento e ressalta a import\u00e2ncia de ver de perto a Unidade de Produ\u00e7\u00e3o. \u201cCom os novos equipamentos, a Empresa demonstra preocupa\u00e7\u00e3o com o meio ambiente e isso tem um peso importante. Para a regi\u00e3o ser\u00e1 um marco. Quando cheguei tive a impress\u00e3o de que n\u00e3o havia nenhum forno em processo de carboniza\u00e7\u00e3o, porque n\u00e3o havia fuma\u00e7a, mas a unidade estava em pleno funcionamento. Valeu conhecer a Unidade de Produ\u00e7\u00e3o in loco\u201d, aponta.<\/p>\n<p><strong>Produtividade<\/strong><\/p>\n<p>O FAP 2000 tem capacidade de processar 2 mil metros c\u00fabicos de madeira, uma capacidade tr\u00eas vezes maior que a tecnologia do RAC 700, at\u00e9 ent\u00e3o o maior do segmento. Com isso, a Aperam BioEnergia supera a pr\u00f3pria marca de possuir o maior forno do mundo para a produ\u00e7\u00e3o do carv\u00e3o vegetal. O resultado da produ\u00e7\u00e3o mensal tem estimativa de atingir 410 toneladas. A Empresa trabalha com a meta de substituir 121 dos 282 fornos pelo FAP 2000 at\u00e9 2021.<\/p>\n<p><strong>A\u00e7o Verde<\/strong><\/p>\n<p>O carv\u00e3o vegetal produzido pela Aperam BioEnergia \u00e9 utilizado na fabrica\u00e7\u00e3o do a\u00e7o na planta industrial da Aperam em Tim\u00f3teo (MG). Por ser uma mat\u00e9ria-prima gerada a partir da sustentabilidade e ancorada sobre outras pr\u00e1ticas sustent\u00e1veis, o produto final da ind\u00fastria em Tim\u00f3teo (como o a\u00e7o inoxid\u00e1vel e os a\u00e7os el\u00e9tricos) recebe o nome A\u00e7o Verde.<\/p>\n<p><strong>Fotos<\/strong><\/p>\n<p><img decoding=\"async\" src=\"http:\/\/aconteceunovale.com.br\/portal\/wp-content\/uploads\/2018\/03\/fap_2000_aperam_2.jpg\" alt=\"\" \/><br \/>\n<\/br><\/p>\n<p><img decoding=\"async\" src=\"http:\/\/aconteceunovale.com.br\/portal\/wp-content\/uploads\/2018\/03\/fap_2000_aperam_3.jpg\" alt=\"\" \/><br \/>\n<\/br><\/p>\n<p><img decoding=\"async\" src=\"http:\/\/aconteceunovale.com.br\/portal\/wp-content\/uploads\/2018\/03\/fap_2000_aperam_4.jpg\" alt=\"\" \/><br \/>\n<\/br><\/p>\n<p><img decoding=\"async\" src=\"http:\/\/aperambioenergia.com.br\/wp-content\/uploads\/2018\/03\/Inaugura\u00e7\u00e3o-do-Novo-Queimador-de-Gases-683x1024.jpg\" alt=\"\" \/><br \/>\n<\/br><\/p>\n<p><strong>VER PRIMEIRO<\/strong><\/p>\n<p>Receba as not\u00edcias do Aconteceu no Vale em primeira m\u00e3o. Clique em curtir no endere\u00e7o <a href=\"https:\/\/www.facebook.com\/aconteceunovale\" target=\"_blank\"><font color=\"red\">www.facebook.com\/aconteceunovale<\/font><\/a> ou no box abaixo:<\/p>\n<div class=\"fb-like\" data-href=\"https:\/\/www.facebook.com\/aconteceunovale\" data-width=\"120\" data-layout=\"standard\" data-action=\"like\" data-size=\"small\" data-show-faces=\"true\" data-share=\"true\"><\/div>\n<p><\/br><\/p>\n<p><em>(Fonte: Aperam BioEnergia)<\/em><\/p>\n","protected":false},"excerpt":{"rendered":"<p>Dois novos equipamentos, localizados na Unidade de Produ\u00e7\u00e3o Palmeiras (UPE), em Turmalina (MG), foram inaugurados pela Aperam BioEnergia na manh\u00e3 de ter\u00e7a-feira (27\/03). O FAP 2000, maior forno do mundo para a produ\u00e7\u00e3o do carv\u00e3o; e o novo queimador de gases, capaz de reduzir a emiss\u00e3o de fuma\u00e7a na atmosfera, colocam a Empresa e a [&hellip;]<\/p>\n","protected":false},"author":1,"featured_media":129942,"comment_status":"open","ping_status":"closed","sticky":false,"template":"","format":"standard","meta":{"amp_status":"","footnotes":""},"categories":[120],"tags":[159789,171385,159791,159792,171398,24155,507,1018,171396,171388,171389,171390,171391,171402,171395,171400,748,171403,171404,171405,171394,171401,171392,171393,1105,178,171386,171387,171399,171397],"class_list":["post-129939","post","type-post","status-publish","format-standard","has-post-thumbnail","hentry","category-jequi","tag-aco-verde","tag-aco-verde-da-aperam","tag-aco-verde-da-aperam-bioenergia","tag-aco-verde-do-vale-do-jequitinhonha","tag-ailton-lopes-pereira","tag-aperam","tag-aperam-bioenergia","tag-destaque","tag-edimar-de-melo-cardoso","tag-fap-2000","tag-forno-fap-2000","tag-forno-fap-2000-da-aperam","tag-forno-fap-2000-da-aperam-bioenergia","tag-forno-rac-700","tag-frederico-ayres-lima","tag-helio-de-campos-valadares","tag-ief","tag-maior-forno-do-mundo-para-a-producao-do-carvao-vegetal","tag-maior-forno-do-mundo-para-producao-de-carvao-vegetal-e-inaugurado-pela-aperam-bioenergia-em-turmalina","tag-maior-forno-do-mundo-para-producao-de-carvao-vegetal-e-inaugurado-pela-aperam-bioenergia-no-vale-do-jequitinhonha","tag-presidente-da-aperam-bioenergia","tag-rac-700","tag-tecnologias-inovadoras","tag-tecnologias-sustentaveis","tag-timoteo","tag-turmalina","tag-unidade-de-producao-palmeiras","tag-upe-palmeiras","tag-veredinha-transportes-e-construcao-civil","tag-veredinhas-transportes-e-construcao-civil"],"_links":{"self":[{"href":"https:\/\/aconteceunovale.com.br\/portal\/index.php?rest_route=\/wp\/v2\/posts\/129939","targetHints":{"allow":["GET"]}}],"collection":[{"href":"https:\/\/aconteceunovale.com.br\/portal\/index.php?rest_route=\/wp\/v2\/posts"}],"about":[{"href":"https:\/\/aconteceunovale.com.br\/portal\/index.php?rest_route=\/wp\/v2\/types\/post"}],"author":[{"embeddable":true,"href":"https:\/\/aconteceunovale.com.br\/portal\/index.php?rest_route=\/wp\/v2\/users\/1"}],"replies":[{"embeddable":true,"href":"https:\/\/aconteceunovale.com.br\/portal\/index.php?rest_route=%2Fwp%2Fv2%2Fcomments&post=129939"}],"version-history":[{"count":0,"href":"https:\/\/aconteceunovale.com.br\/portal\/index.php?rest_route=\/wp\/v2\/posts\/129939\/revisions"}],"wp:featuredmedia":[{"embeddable":true,"href":"https:\/\/aconteceunovale.com.br\/portal\/index.php?rest_route=\/wp\/v2\/media\/129942"}],"wp:attachment":[{"href":"https:\/\/aconteceunovale.com.br\/portal\/index.php?rest_route=%2Fwp%2Fv2%2Fmedia&parent=129939"}],"wp:term":[{"taxonomy":"category","embeddable":true,"href":"https:\/\/aconteceunovale.com.br\/portal\/index.php?rest_route=%2Fwp%2Fv2%2Fcategories&post=129939"},{"taxonomy":"post_tag","embeddable":true,"href":"https:\/\/aconteceunovale.com.br\/portal\/index.php?rest_route=%2Fwp%2Fv2%2Ftags&post=129939"}],"curies":[{"name":"wp","href":"https:\/\/api.w.org\/{rel}","templated":true}]}}