{"id":129936,"date":"2018-03-28T19:26:59","date_gmt":"2018-03-28T21:26:59","guid":{"rendered":"http:\/\/aconteceunovale.com.br\/portal\/?p=129936"},"modified":"2018-03-28T19:26:59","modified_gmt":"2018-03-28T21:26:59","slug":"fundacao-mantida-pelo-governo-de-minas-passara-a-produzir-insulina","status":"publish","type":"post","link":"https:\/\/aconteceunovale.com.br\/portal\/?p=129936","title":{"rendered":"Funda\u00e7\u00e3o mantida pelo Governo de Minas passar\u00e1 a produzir insulina"},"content":{"rendered":"<p>A Funda\u00e7\u00e3o Ezequiel Dias (Funed), mantida pelo Governo de Minas Gerais, vai passar a produzir insulina. A autoriza\u00e7\u00e3o foi obtida junto ao Minist\u00e9rio da Sa\u00fade e faz parte dos projetos de Parceria para o Desenvolvimento Produtivo (PDP) aprovados no edital de 2017, cujos resultados foram publicados agora.<\/p>\n<p>O Termo de Compromisso da parceria foi assinado nesta data pelo presidente da Funed, Marcelo Fernandes Siqueira e pelo Ministro da Sa\u00fade, Ricardo Jos\u00e9 Magalh\u00e3es Barros. A PDP \u00e9 referente \u00e0 Insulina Glargina (insulina longa dura\u00e7\u00e3o ou prolongada) e a parceria ser\u00e1 feita com as empresas Biomm S.A e Gan &#038; Lee Pharmaceuticals.<\/p>\n<p>A publica\u00e7\u00e3o se deu atrav\u00e9s da Portaria n\u00ba 731, de 26 de mar\u00e7o de 2018, no Di\u00e1rio Oficial da Uni\u00e3o, considerando a an\u00e1lise e avalia\u00e7\u00e3o das propostas de projeto de PDP realizada pela Comiss\u00e3o T\u00e9cnica de Avalia\u00e7\u00e3o (CTA) e pelo Comit\u00ea Deliberativo (CD).<\/p>\n<p>A aprova\u00e7\u00e3o est\u00e1 em conformidade com o previsto na Portaria de Consolida\u00e7\u00e3o GM\/MS n\u00ba 5\/2017 e recursos recebidos pelo Ministro de Estado da Sa\u00fade analisados pela Secretaria de Ci\u00eancia, Tecnologia e Insumos Estrat\u00e9gicos (SCTIE) e pela Consultoria Jur\u00eddica (Conjur), respeitando o fluxo definido no art. 39 do marco regulat\u00f3rio das PDPs.<\/p>\n<p>\u201cCom a produ\u00e7\u00e3o da insulina sendo realizada no pa\u00eds, a Funed ajudar\u00e1 a reduzir a depend\u00eancia de importa\u00e7\u00e3o, ampliando sua competitividade e capacita\u00e7\u00e3o tecnol\u00f3gica. Gera, assim, desenvolvimento econ\u00f4mico para o Brasil e contribui para a redu\u00e7\u00e3o do d\u00e9ficit da balan\u00e7a comercial\u201d, define o presidente da Funed, Marcelo Siqueira.<\/p>\n<p><strong>VER PRIMEIRO<\/strong><\/p>\n<p>Receba as not\u00edcias do Aconteceu no Vale em primeira m\u00e3o. Clique em curtir no endere\u00e7o <a href=\"https:\/\/www.facebook.com\/aconteceunovale\" target=\"_blank\"><font color=\"red\">www.facebook.com\/aconteceunovale<\/font><\/a> ou no box abaixo:<\/p>\n<div class=\"fb-like\" data-href=\"https:\/\/www.facebook.com\/aconteceunovale\" data-width=\"120\" data-layout=\"standard\" data-action=\"like\" data-size=\"small\" data-show-faces=\"true\" data-share=\"true\"><\/div>\n<p><\/br><\/p>\n<p><em>(Fonte: Ag\u00eancia Minas)<\/em><\/p>\n","protected":false},"excerpt":{"rendered":"<p>A Funda\u00e7\u00e3o Ezequiel Dias (Funed), mantida pelo Governo de Minas Gerais, vai passar a produzir insulina. A autoriza\u00e7\u00e3o foi obtida junto ao Minist\u00e9rio da Sa\u00fade e faz parte dos projetos de Parceria para o Desenvolvimento Produtivo (PDP) aprovados no edital de 2017, cujos resultados foram publicados agora. O Termo de Compromisso da parceria foi assinado [&hellip;]<\/p>\n","protected":false},"author":1,"featured_media":129937,"comment_status":"open","ping_status":"closed","sticky":false,"template":"","format":"standard","meta":{"amp_status":"","footnotes":""},"categories":[123,40242],"tags":[2559,171384,38748,171379,51191,171383,171381,34259,171380,171382],"class_list":["post-129936","post","type-post","status-publish","format-standard","has-post-thumbnail","hentry","category-gerais","category-saude-2","tag-fundacao-ezequiel-dias","tag-fundacao-mantida-pelo-governo-de-minas-passara-a-produzir-insulina","tag-funed","tag-funed-vai-produzir-insulina","tag-governo-de-minas-gerais","tag-insulina-glargina","tag-marcelo-fernandes-siqueira","tag-ministro-da-saude","tag-producao-de-insulina-funed","tag-ricardo-jose-magalhaes-barros"],"_links":{"self":[{"href":"https:\/\/aconteceunovale.com.br\/portal\/index.php?rest_route=\/wp\/v2\/posts\/129936","targetHints":{"allow":["GET"]}}],"collection":[{"href":"https:\/\/aconteceunovale.com.br\/portal\/index.php?rest_route=\/wp\/v2\/posts"}],"about":[{"href":"https:\/\/aconteceunovale.com.br\/portal\/index.php?rest_route=\/wp\/v2\/types\/post"}],"author":[{"embeddable":true,"href":"https:\/\/aconteceunovale.com.br\/portal\/index.php?rest_route=\/wp\/v2\/users\/1"}],"replies":[{"embeddable":true,"href":"https:\/\/aconteceunovale.com.br\/portal\/index.php?rest_route=%2Fwp%2Fv2%2Fcomments&post=129936"}],"version-history":[{"count":0,"href":"https:\/\/aconteceunovale.com.br\/portal\/index.php?rest_route=\/wp\/v2\/posts\/129936\/revisions"}],"wp:featuredmedia":[{"embeddable":true,"href":"https:\/\/aconteceunovale.com.br\/portal\/index.php?rest_route=\/wp\/v2\/media\/129937"}],"wp:attachment":[{"href":"https:\/\/aconteceunovale.com.br\/portal\/index.php?rest_route=%2Fwp%2Fv2%2Fmedia&parent=129936"}],"wp:term":[{"taxonomy":"category","embeddable":true,"href":"https:\/\/aconteceunovale.com.br\/portal\/index.php?rest_route=%2Fwp%2Fv2%2Fcategories&post=129936"},{"taxonomy":"post_tag","embeddable":true,"href":"https:\/\/aconteceunovale.com.br\/portal\/index.php?rest_route=%2Fwp%2Fv2%2Ftags&post=129936"}],"curies":[{"name":"wp","href":"https:\/\/api.w.org\/{rel}","templated":true}]}}