{"id":129934,"date":"2018-03-28T13:29:20","date_gmt":"2018-03-28T15:29:20","guid":{"rendered":"http:\/\/aconteceunovale.com.br\/portal\/?p=129934"},"modified":"2018-03-28T13:29:20","modified_gmt":"2018-03-28T15:29:20","slug":"cuidados-para-prevencao-a-gripe-devem-ser-reforcados-com-a-proximidade-do-inverno","status":"publish","type":"post","link":"https:\/\/aconteceunovale.com.br\/portal\/?p=129934","title":{"rendered":"Cuidados para preven\u00e7\u00e3o \u00e0 gripe devem ser refor\u00e7ados com a proximidade do inverno"},"content":{"rendered":"<p>Temperaturas mais baixas e o ar mais seco s\u00e3o caracter\u00edsticas t\u00edpicas do per\u00edodo compreendido entre outono e inverno. Por isso, nesta \u00e9poca, \u00e9 fundamental refor\u00e7armos os cuidados na preven\u00e7\u00e3o \u00e0 gripe. A diretora de Vigil\u00e2ncia Epidemiol\u00f3gica da\u00a0Secretaria de Estado de Sa\u00fade\u00a0(SES-MG), Jana\u00edna Fonseca, destaca que a vacina\u00e7\u00e3o contra gripe mostra-se como uma das medidas mais efetivas para a preven\u00e7\u00e3o da influenza grave e de suas complica\u00e7\u00f5es.<\/p>\n<p>Neste a ano, a Campanha Nacional de Vacina\u00e7\u00e3o contra a Gripe ter\u00e1 in\u00edcio no dia 16 de abril, seguindo at\u00e9 o dia 25 de maio, e ter\u00e1 como p\u00fablico-alvo priorit\u00e1rio:<\/p>\n<p>&#8211;\u00a0crian\u00e7as na faixa et\u00e1ria de seis meses a menores de cinco\u00a0anos (quatro\u00a0anos, 11 meses e 29 dias);<br \/>\n&#8211;\u00a0gestantes em qualquer idade gestacional; pu\u00e9rperas (mulheres com at\u00e9 45 dias ap\u00f3s o parto);<br \/>\n&#8211;\u00a0trabalhadores da sa\u00fade; povos ind\u00edgenas aldeados; indiv\u00edduos com 60 anos ou mais de idade;<br \/>\n&#8211;\u00a0professores na ativa da educa\u00e7\u00e3o infantil, ensino fundamental, m\u00e9dio e superior das escolas p\u00fablicas e privadas;<br \/>\n&#8211;\u00a0pessoas portadoras de doen\u00e7as cr\u00f4nicas n\u00e3o transmiss\u00edveis, mediante prescri\u00e7\u00e3o m\u00e9dica;<br \/>\n&#8211;\u00a0e popula\u00e7\u00e3o privada de liberdade e funcion\u00e1rios do sistema prisional.<\/p>\n<p>Jana\u00edna Fonseca explica que a vacina \u00e9 importante para prevenir principalmente as complica\u00e7\u00f5es relacionadas \u00e0 Influenza, incluindo hospitaliza\u00e7\u00e3o e \u00f3bito. \u201cPessoas pertencentes aos grupos de risco possuem maior propens\u00e3o a complica\u00e7\u00f5es pela pr\u00f3pria condi\u00e7\u00e3o ou doen\u00e7a de base. Por essa raz\u00e3o, a vacina deve ser direcionada a essas pessoas&#8221;, observa.<\/p>\n<p>A meta da cobertura vacinal \u00e9 de 90% e, em Minas Gerais, espera-se vacinar 5.034.284 indiv\u00edduos.<\/p>\n<p>\u201cAs estrat\u00e9gias de vacina\u00e7\u00e3o no Brasil, a inclus\u00e3o de novas vacinas no Programa Nacional de Imuniza\u00e7\u00e3o (PNI) e o estabelecimento de grupos populacionais a serem cobertos s\u00e3o decis\u00f5es respaldadas em bases t\u00e9cnicas, cient\u00edficas e log\u00edsticas, evid\u00eancia epidemiol\u00f3gica, efic\u00e1cia e seguran\u00e7a do produto, somados \u00e0 garantia da sustentabilidade da estrat\u00e9gia adotada para a vacina\u00e7\u00e3o&#8221;, destaca Jana\u00edna.<\/p>\n<p>Esta a\u00e7\u00e3o, segundo ela, &#8220;tem contribu\u00eddo na redu\u00e7\u00e3o da mortalidade em indiv\u00edduos portadores de doen\u00e7as cr\u00f4nicas, tais como: doen\u00e7a cardiovascular, AVC, doen\u00e7as renais, diabetes, pneumonias, dentre outras. Alguns estudos demonstram que a vacina\u00e7\u00e3o pode reduzir entre 32% e 45% o n\u00famero de hospitaliza\u00e7\u00f5es por pneumonias, de 39% a 75% a mortalidade global e em, aproximadamente, 50% nas doen\u00e7as relacionadas \u00e0 Influenza\u201d, explica Jana\u00edna Fonseca.<\/p>\n<p><strong>Por que vacinar todos os anos?<\/strong><\/p>\n<p>O Influenza \u00e9 um v\u00edrus de circula\u00e7\u00e3o sazonal e, em 2018, a vacina disponibilizada pelo Sistema \u00danico de Sa\u00fade (SUS) \u00e9 trivalente, protegendo contra 3 tipos de Influenza, sendo eles\u00a0o H3N2, o\u00a0H1N1\u00a0e o B.<\/p>\n<p>A\u00a0diretora de Vigil\u00e2ncia Epidemiol\u00f3gica explica, ainda, que \u00e9 fundamental que o p\u00fablico-alvo priorit\u00e1rio seja vacinado anualmente, j\u00e1 que a vacina n\u00e3o possui imunidade duradoura.\u00a0 \u201cPor este motivo \u00e9 necess\u00e1rio a revacina\u00e7\u00e3o todos os anos. Al\u00e9m disso, os v\u00edrus podem modificar de um ano para outro, havendo necessidade tamb\u00e9m de atualizar a vacina\u201d, afirma.<\/p>\n<p>De acordo com Jana\u00edna Fonseca, o Influenza H3N2 circulou de forma intensa durante todo o ano de 2017, tendo destaque tamb\u00e9m j\u00e1 no in\u00edcio do ano de 2018, com seis\u00a0casos confirmados at\u00e9 o momento.<\/p>\n<p><strong>Gestantes<\/strong><\/p>\n<p>De acordo com a cobertura vacinal da gripe de anos anteriores, as gr\u00e1vidas aparecem como o p\u00fablico-alvo mais desafiador quando se trata de cumprir a meta. Por isso, a SES-MG refor\u00e7a que o Comit\u00ea T\u00e9cnico Assessor em Imuniza\u00e7\u00f5es (CTAI) do Minist\u00e9rio da Sa\u00fade e a Federa\u00e7\u00e3o Brasileira das Associa\u00e7\u00f5es de Ginecologia e Obstetr\u00edcia (Febrasgo) recomendam a vacina\u00e7\u00e3o contra a influenza para todas as gestantes na campanha.<\/p>\n<p>\u201cDiversos estudos publicados comprovaram que a vacina\u00e7\u00e3o da gestante propicia benef\u00edcios \u00e0 m\u00e3e e ao rec\u00e9m-nascido, reduzindo substancialmente a morbidade e o risco de hospitaliza\u00e7\u00e3o em beb\u00eas de m\u00e3es vacinadas durante a gesta\u00e7\u00e3o nos primeiros seis meses de vida. Al\u00e9m disso, a an\u00e1lise das informa\u00e7\u00f5es sobre vacina\u00e7\u00e3o de gestantes e mulheres que amamentam, independentemente do trimestre em que a vacina foi administrada, mostrou-se segura para a m\u00e3e e o beb\u00ea\u201d, esclarece\u00a0Jana\u00edna.<\/p>\n<p>A servidora p\u00fablica, Ana Paula Fid\u00e9lis, gr\u00e1vida de 4 meses, est\u00e1 consciente da import\u00e2ncia da imuniza\u00e7\u00e3o. \u00a0\u201cAcho fundamental garantir essa prote\u00e7\u00e3o a mais contra a gripe, principalmente pelo fato de que, durante a gesta\u00e7\u00e3o, muitos medicamentos s\u00e3o contra indicados. Agora, n\u00e3o d\u00e1 mais para pensar s\u00f3 em mim. \u00c9 uma vida aqui dentro que tamb\u00e9m precisa de cuidados\u201d, afirma Ana Paula.<\/p>\n<p><strong>Gripe ou resfriado?<\/strong><\/p>\n<p>\u201cO resfriado caracteriza-se pela presen\u00e7a de sintomas relacionados ao comprometimento das vias \u00e1reas superiores, como entupimento do nariz, tosse, rouquid\u00e3o, febre vari\u00e1vel, mal-estar, dor no corpo e de cabe\u00e7a. J\u00e1 a gripe, inicia-se com instala\u00e7\u00e3o abrupta de febre, acima de 38\u00baC, seguida de dor no corpo, garganta, prostra\u00e7\u00e3o, dor de cabe\u00e7a e tosse seca. A febre \u00e9 o sintoma mais importante e dura em torno de tr\u00eas dias\u201d, afirma Jana\u00edna.<\/p>\n<p><strong>Gripe em Minas<\/strong><\/p>\n<p>Em 2018, foram confirmados, at\u00e9 o momento, oito\u00a0casos de S\u00edndrome Respirat\u00f3ria Aguda Grave (SRAG) causados pelo v\u00edrus da Influenza (gripe). At\u00e9 aqui, nenhum desses casos de SRAG, causado pela Influenza, evoluiu para o \u00f3bito.<\/p>\n<p><strong>Outras dicas de preven\u00e7\u00e3o<\/strong><\/p>\n<p>Tanto a gripe, quanto o resfriado t\u00eam formas de cont\u00e1gio similares e ocorrem por meio de secre\u00e7\u00f5es liberadas pela pessoa infectada ao tossir, falar ou espirrar. Al\u00e9m da vacina, h\u00e1bitos como realizar a higiene frequente das m\u00e3os, evitar grandes aglomera\u00e7\u00f5es e espa\u00e7os fechados, ajudam a prevenir o cont\u00e1gio.<\/p>\n<p>\u201cUma vez que o v\u00edrus est\u00e1 presente no ar o tempo todo, a higiene deve ser constante. \u00c9 fundamental utilizar a parte interna do bra\u00e7o para tossir ou espirrar, lavar frequentemente as m\u00e3os com \u00e1gua corrente e sabonete e evitar locais que n\u00e3o haja circula\u00e7\u00e3o do ar s\u00e3o fundamentais para prevenir tais doen\u00e7as\u201d, completa a diretora de Vigil\u00e2ncia Epidemiol\u00f3gica.<\/p>\n<p><strong>VER PRIMEIRO<\/strong><\/p>\n<p>Receba as not\u00edcias do Aconteceu no Vale em primeira m\u00e3o. Clique em curtir no endere\u00e7o <a href=\"https:\/\/www.facebook.com\/aconteceunovale\" target=\"_blank\"><font color=\"red\">www.facebook.com\/aconteceunovale<\/font><\/a> ou no box abaixo:<\/p>\n<div class=\"fb-like\" data-href=\"https:\/\/www.facebook.com\/aconteceunovale\" data-width=\"120\" data-layout=\"standard\" data-action=\"like\" data-size=\"small\" data-show-faces=\"true\" data-share=\"true\"><\/div>\n<p><\/br><\/p>\n<p><em>(Fonte: Ag\u00eancia Minas)<\/em><\/p>\n","protected":false},"excerpt":{"rendered":"<p>Temperaturas mais baixas e o ar mais seco s\u00e3o caracter\u00edsticas t\u00edpicas do per\u00edodo compreendido entre outono e inverno. Por isso, nesta \u00e9poca, \u00e9 fundamental refor\u00e7armos os cuidados na preven\u00e7\u00e3o \u00e0 gripe. A diretora de Vigil\u00e2ncia Epidemiol\u00f3gica da\u00a0Secretaria de Estado de Sa\u00fade\u00a0(SES-MG), Jana\u00edna Fonseca, destaca que a vacina\u00e7\u00e3o contra gripe mostra-se como uma das medidas mais [&hellip;]<\/p>\n","protected":false},"author":1,"featured_media":25510,"comment_status":"open","ping_status":"closed","sticky":false,"template":"","format":"standard","meta":{"amp_status":"","footnotes":""},"categories":[123,40242],"tags":[115295,95428,171373,171375,171378,43373,171377,171374,52113,171376],"class_list":["post-129934","post","type-post","status-publish","format-standard","has-post-thumbnail","hentry","category-gerais","category-saude-2","tag-campanha-nacional-de-vacinacao","tag-campanha-nacional-de-vacinacao-contra-a-gripe","tag-cuidados-com-a-gripe","tag-cuidados-na-prevencao-a-gripe","tag-cuidados-para-prevencao-a-gripe-devem-ser-reforcados-com-a-proximidade-do-inverno","tag-gripe","tag-janaina-fonseca","tag-prevencao-a-gripe","tag-ses-mg","tag-vigilancia-epidemiologica-da-secretaria-de-estado-de-saude"],"_links":{"self":[{"href":"https:\/\/aconteceunovale.com.br\/portal\/index.php?rest_route=\/wp\/v2\/posts\/129934","targetHints":{"allow":["GET"]}}],"collection":[{"href":"https:\/\/aconteceunovale.com.br\/portal\/index.php?rest_route=\/wp\/v2\/posts"}],"about":[{"href":"https:\/\/aconteceunovale.com.br\/portal\/index.php?rest_route=\/wp\/v2\/types\/post"}],"author":[{"embeddable":true,"href":"https:\/\/aconteceunovale.com.br\/portal\/index.php?rest_route=\/wp\/v2\/users\/1"}],"replies":[{"embeddable":true,"href":"https:\/\/aconteceunovale.com.br\/portal\/index.php?rest_route=%2Fwp%2Fv2%2Fcomments&post=129934"}],"version-history":[{"count":0,"href":"https:\/\/aconteceunovale.com.br\/portal\/index.php?rest_route=\/wp\/v2\/posts\/129934\/revisions"}],"wp:featuredmedia":[{"embeddable":true,"href":"https:\/\/aconteceunovale.com.br\/portal\/index.php?rest_route=\/wp\/v2\/media\/25510"}],"wp:attachment":[{"href":"https:\/\/aconteceunovale.com.br\/portal\/index.php?rest_route=%2Fwp%2Fv2%2Fmedia&parent=129934"}],"wp:term":[{"taxonomy":"category","embeddable":true,"href":"https:\/\/aconteceunovale.com.br\/portal\/index.php?rest_route=%2Fwp%2Fv2%2Fcategories&post=129934"},{"taxonomy":"post_tag","embeddable":true,"href":"https:\/\/aconteceunovale.com.br\/portal\/index.php?rest_route=%2Fwp%2Fv2%2Ftags&post=129934"}],"curies":[{"name":"wp","href":"https:\/\/api.w.org\/{rel}","templated":true}]}}