{"id":129916,"date":"2018-03-27T19:31:20","date_gmt":"2018-03-27T21:31:20","guid":{"rendered":"http:\/\/aconteceunovale.com.br\/portal\/?p=129916"},"modified":"2018-03-27T19:31:20","modified_gmt":"2018-03-27T21:31:20","slug":"deputada-estadual-rosangela-reis-se-filia-ao-podemos","status":"publish","type":"post","link":"https:\/\/aconteceunovale.com.br\/portal\/?p=129916","title":{"rendered":"Deputada estadual Ros\u00e2ngela Reis se filia ao Podemos"},"content":{"rendered":"<p>A deputada estadual Ros\u00e2ngela Reis assinou a ficha de filia\u00e7\u00e3o do PODEMOS na sexta-feira (23\/03\/2018), durante evento realizado na C\u00e2mara Municipal de Belo Horizonte. A filia\u00e7\u00e3o ocorreu junto a posse da Executiva Estadual e contou com as presen\u00e7as do pr\u00e9-candidato \u00e0 presid\u00eancia da Rep\u00fablica, senador \u00c1lvaro Dias (PR); da presidente nacional do partido, deputada federal Renata Abreu (SP); da presidente da Executiva Estadual, e do prefeito de Betim, Vit\u00f3rio Mediolli, que fez o convite pessoalmente da nova sigla para a deputada Ros\u00e2ngela Reis.<\/p>\n<p>Ros\u00e2ngela Reis considera que diante do cen\u00e1rio atual o PODEMOS \u00e9 o caminho mais seguro para continuar defendendo as bandeiras da forma\u00e7\u00e3o profissionalizante, prote\u00e7\u00e3o ao trabalho e aumento de emprego e renda, empoderamento das minorias, especialmente mulheres, crian\u00e7as e idosos em situa\u00e7\u00e3o de risco, al\u00e9m das demandas como educa\u00e7\u00e3o, sa\u00fade e seguran\u00e7a p\u00fablica.<\/p>\n<p>Segundo Ros\u00e2ngela, \u201ca filia\u00e7\u00e3o ao Podemos dar\u00e1 continuidade ao importante trabalho em defesa do desenvolvimento da regi\u00e3o Leste de Minas, al\u00e9m de consolidar novas alian\u00e7as pol\u00edticas e parcerias, que v\u00e3o gerar \u00f3timos resultados e ainda mais conquistas para os munic\u00edpios que representamos e a todo o estado de Minas. Refor\u00e7o o meu compromisso com o eleitorado que confiou em nosso mandato. Quero continuar defendendo as grandes causas e os interesses da minha regi\u00e3o e de todo o estado no legislativo mineiro\u201d, afirmou a deputada estadual Ros\u00e2ngela Reis.<\/p>\n<p><img decoding=\"async\" src=\"http:\/\/aconteceunovale.com.br\/portal\/wp-content\/uploads\/2018\/03\/rosangela_podemos.jpg\" alt=\"\" \/><em>Deputada estadual Ros\u00e2ngela Reis ao lado do presidente estadual do Podemos, o prefeito de Betim, Vit\u00f3rio Mediolli; e o pr\u00e9-candidato a presidente da Rep\u00fablica, o senado \u00c1lvaro Dias (Foto: Danilo Emerich \/ Comunica\u00e7\u00e3o deputada Ros\u00e2ngela Reis \/ Divulga\u00e7\u00e3o)<\/em><br \/>\n<\/br><\/p>\n<p><strong>Sa\u00edda do PROS<\/strong><\/p>\n<p>Ros\u00e2ngela Reis tamb\u00e9m falou sobre o desligamento do Partido Republicano da Ordem Social (PROS). \u201cSempre prezei pelos partidos que me filiei, cada um com sua ideologia, mas todos buscando a defesa das minorias e da justi\u00e7a social. Todo trabalho que fiz, tenho a consci\u00eancia tranquila que contribui para o fortalecimento de todos eles. Mudaremos quantas vezes for preciso, pois os partidos s\u00e3o formadas pelas pessoas\u201d, disse.<\/p>\n<p>A deputada ainda completou: \u201cQuando entrei para o PROS, havia uma proposta dentro de um grupo. Agora, o presidente nacional do partido e os deputados federais defendem os recursos do fundo partid\u00e1rio. \u00c9 a sobreviv\u00eancia da sigla em detrimento das bandeiras defendidas. Estamos sempre de olho nas composi\u00e7\u00f5es de chapas e das legendas para garantir a continuidade do trabalho no legislativo mineiro\u201d, afirmou Ros\u00e2ngela, que se filiou ao PROS em 2014 e foi a \u00fanica deputada estadual eleita pelo partido na oportunidade.<\/p>\n<p><strong>Hist\u00f3ria do Podemos<\/strong><\/p>\n<p>O Podemos tem a gen\u00e9tica das grandes transforma\u00e7\u00f5es, herdada de um partido que sempre lutou pelos direitos dos cidad\u00e3os. Ao longo da hist\u00f3ria pol\u00edtica deste Pa\u00eds, o progenitor do Podemos, o PTN, teve trajet\u00f3ria irretoc\u00e1vel de lisura e conduta, assumindo a frente de importantes causas que fortaleceram o desenvolvimento da Na\u00e7\u00e3o.<\/p>\n<p>O Podemos nasceu em 6 de outubro de 1945, quando o Tribunal Superior Eleitoral concede ao PTN seu registro provis\u00f3rio e um ano depois conseguiu o registro definitivo. Em seguida, elege diversos pol\u00edticos em \u00e2mbito nacional, sendo o de maior express\u00e3o o presidente J\u00e2nio Quadros. Em 27 de outubro de 1965, o velho PTN \u00e9 extinto pelo Ato Institucional n\u00ba 2, que inaugura a era do bipartidarismo, com Arena e MDB.<\/p>\n<p>Em maio de 1995, Dorival de Abreu e um grupo de idealistas recriam o PTN. Sempre marcado presen\u00e7a nacional e em todos os estados do Brasil, em 2013, com a jovem Renata Abreu assume o comando do partido e d\u00e1 in\u00edcio o projeto partid\u00e1rio que visa a conquista de maiores espa\u00e7os na pol\u00edtica nacional. Em 2016, o PTN mudou de nome para Podemos.<\/p>\n<p><strong>VER PRIMEIRO<\/strong><\/p>\n<p>Receba as not\u00edcias do Aconteceu no Vale em primeira m\u00e3o. Clique em curtir no endere\u00e7o <a href=\"https:\/\/www.facebook.com\/aconteceunovale\" target=\"_blank\"><font color=\"red\">www.facebook.com\/aconteceunovale<\/font><\/a> ou no box abaixo:<\/p>\n<div class=\"fb-like\" data-href=\"https:\/\/www.facebook.com\/aconteceunovale\" data-width=\"120\" data-layout=\"standard\" data-action=\"like\" data-size=\"small\" data-show-faces=\"true\" data-share=\"true\"><\/div>\n<p><\/br><\/p>\n<p><em>Danilo Emerich Garcia<br \/>\nAssessoria de imprensa &#8211; Gabinete da Deputada Estadual Ros\u00e2ngela Reis<\/em><\/p>\n","protected":false},"excerpt":{"rendered":"<p>A deputada estadual Ros\u00e2ngela Reis assinou a ficha de filia\u00e7\u00e3o do PODEMOS na sexta-feira (23\/03\/2018), durante evento realizado na C\u00e2mara Municipal de Belo Horizonte. A filia\u00e7\u00e3o ocorreu junto a posse da Executiva Estadual e contou com as presen\u00e7as do pr\u00e9-candidato \u00e0 presid\u00eancia da Rep\u00fablica, senador \u00c1lvaro Dias (PR); da presidente nacional do partido, deputada federal [&hellip;]<\/p>\n","protected":false},"author":1,"featured_media":129917,"comment_status":"open","ping_status":"closed","sticky":false,"template":"","format":"standard","meta":{"amp_status":"","footnotes":""},"categories":[121,123,40240],"tags":[170547,1495,129106,129102,154614,171341,96196,171342,54315,171343,171344],"class_list":["post-129916","post","type-post","status-publish","format-standard","has-post-thumbnail","hentry","category-leste","category-gerais","category-politica-2","tag-alvaro-dias","tag-betim","tag-camara-de-belo-horizonte","tag-camara-municipal-de-belo-horizonte","tag-deputada-estadual-rosangela-reis","tag-deputada-estadual-rosangela-reis-se-filia-ao-podemos","tag-deputada-rosangela-reis","tag-podemos","tag-pros","tag-renata-abreu","tag-vitorio-mediolli"],"_links":{"self":[{"href":"https:\/\/aconteceunovale.com.br\/portal\/index.php?rest_route=\/wp\/v2\/posts\/129916","targetHints":{"allow":["GET"]}}],"collection":[{"href":"https:\/\/aconteceunovale.com.br\/portal\/index.php?rest_route=\/wp\/v2\/posts"}],"about":[{"href":"https:\/\/aconteceunovale.com.br\/portal\/index.php?rest_route=\/wp\/v2\/types\/post"}],"author":[{"embeddable":true,"href":"https:\/\/aconteceunovale.com.br\/portal\/index.php?rest_route=\/wp\/v2\/users\/1"}],"replies":[{"embeddable":true,"href":"https:\/\/aconteceunovale.com.br\/portal\/index.php?rest_route=%2Fwp%2Fv2%2Fcomments&post=129916"}],"version-history":[{"count":0,"href":"https:\/\/aconteceunovale.com.br\/portal\/index.php?rest_route=\/wp\/v2\/posts\/129916\/revisions"}],"wp:featuredmedia":[{"embeddable":true,"href":"https:\/\/aconteceunovale.com.br\/portal\/index.php?rest_route=\/wp\/v2\/media\/129917"}],"wp:attachment":[{"href":"https:\/\/aconteceunovale.com.br\/portal\/index.php?rest_route=%2Fwp%2Fv2%2Fmedia&parent=129916"}],"wp:term":[{"taxonomy":"category","embeddable":true,"href":"https:\/\/aconteceunovale.com.br\/portal\/index.php?rest_route=%2Fwp%2Fv2%2Fcategories&post=129916"},{"taxonomy":"post_tag","embeddable":true,"href":"https:\/\/aconteceunovale.com.br\/portal\/index.php?rest_route=%2Fwp%2Fv2%2Ftags&post=129916"}],"curies":[{"name":"wp","href":"https:\/\/api.w.org\/{rel}","templated":true}]}}